{"id":245066,"date":"2025-07-12T14:10:10","date_gmt":"2025-07-12T14:10:10","guid":{"rendered":"https:\/\/www.europesays.com\/fr\/245066\/"},"modified":"2025-07-12T14:10:10","modified_gmt":"2025-07-12T14:10:10","slug":"fin-de-week-end-pour-vinales-en-allemagne","status":"publish","type":"post","link":"https:\/\/www.europesays.com\/fr\/245066\/","title":{"rendered":"Fin de week-end pour Vi\u00f1ales en Allemagne"},"content":{"rendered":"<p>Maverick Vi\u00f1ales (Red Bull KTM Tech3) est forfait pour le reste du Grand Prix Liqui Moly d&rsquo;Allemagne suite \u00e0 sa chute en qualifications.<\/p>\n<p>Le n\u00b012 souffre d&rsquo;une luxation de l&rsquo;\u00e9paule gauche qui a \u00e9t\u00e9 remise en place mais il s&rsquo;est ensuite rendu \u00e0 l&rsquo;h\u00f4pital local pour des examens compl\u00e9mentaires qui ont r\u00e9v\u00e9l\u00e9 une fracture. L&rsquo;\u00e9quipe Tech3 a d\u00e9clar\u00e9 que la pr\u00e9sence de son pilote \u00e0 Brno serait d\u00e9termin\u00e9e une fois sa p\u00e9riode de convalescence estim\u00e9e.<\/p>\n<p>Le sort s&rsquo;acharne sur le team fran\u00e7ais puisqu&rsquo;Enea Bastianini (Red Bull KTM Tech3) est \u00e9galement forfait suite \u00e0 une crise d&rsquo;appendicite. L&rsquo;Italien est en voie de gu\u00e9rison sans intervention chirurgicale mais ne roulera pas ce week-end.<\/p>\n<p>On esp\u00e8re vite les revoir en piste !<\/p>\n","protected":false},"excerpt":{"rendered":"Maverick Vi\u00f1ales (Red Bull KTM Tech3) est forfait pour le reste du Grand Prix Liqui Moly d&rsquo;Allemagne suite&hellip;\n","protected":false},"author":2,"featured_media":245067,"comment_status":"","ping_status":"","sticky":false,"template":"","format":"standard","meta":{"footnotes":""},"categories":[1413],"tags":[1011,27,1457,1456,60,2032],"class_list":{"0":"post-245066","1":"post","2":"type-post","3":"status-publish","4":"format-standard","5":"has-post-thumbnail","7":"category-moto","8":"tag-fr","9":"tag-france","10":"tag-moto","11":"tag-motocycle","12":"tag-sports","13":"tag-text"},"share_on_mastodon":{"url":"https:\/\/pubeurope.com\/@fr\/114840667639594073","error":""},"_links":{"self":[{"href":"https:\/\/www.europesays.com\/fr\/wp-json\/wp\/v2\/posts\/245066","targetHints":{"allow":["GET"]}}],"collection":[{"href":"https:\/\/www.europesays.com\/fr\/wp-json\/wp\/v2\/posts"}],"about":[{"href":"https:\/\/www.europesays.com\/fr\/wp-json\/wp\/v2\/types\/post"}],"author":[{"embeddable":true,"href":"https:\/\/www.europesays.com\/fr\/wp-json\/wp\/v2\/users\/2"}],"replies":[{"embeddable":true,"href":"https:\/\/www.europesays.com\/fr\/wp-json\/wp\/v2\/comments?post=245066"}],"version-history":[{"count":0,"href":"https:\/\/www.europesays.com\/fr\/wp-json\/wp\/v2\/posts\/245066\/revisions"}],"wp:featuredmedia":[{"embeddable":true,"href":"https:\/\/www.europesays.com\/fr\/wp-json\/wp\/v2\/media\/245067"}],"wp:attachment":[{"href":"https:\/\/www.europesays.com\/fr\/wp-json\/wp\/v2\/media?parent=245066"}],"wp:term":[{"taxonomy":"category","embeddable":true,"href":"https:\/\/www.europesays.com\/fr\/wp-json\/wp\/v2\/categories?post=245066"},{"taxonomy":"post_tag","embeddable":true,"href":"https:\/\/www.europesays.com\/fr\/wp-json\/wp\/v2\/tags?post=245066"}],"curies":[{"name":"wp","href":"https:\/\/api.w.org\/{rel}","templated":true}]}}