{"id":245068,"date":"2025-07-12T14:11:13","date_gmt":"2025-07-12T14:11:13","guid":{"rendered":"https:\/\/www.europesays.com\/fr\/245068\/"},"modified":"2025-07-12T14:11:13","modified_gmt":"2025-07-12T14:11:13","slug":"hamilton-veut-discuter-avec-les-designers-ferrari-apres-un-gp-penible","status":"publish","type":"post","link":"https:\/\/www.europesays.com\/fr\/245068\/","title":{"rendered":"Hamilton veut discuter avec les designers Ferrari apr\u00e8s un GP p\u00e9nible"},"content":{"rendered":"<p><a href=\"https:\/\/fr.motorsport.com\/driver\/lewis-hamilton\/76878\/\" target=\"_blank\" rel=\"noopener nofollow\">Lewis Hamilton<\/a> a beau avoir \u00e9gal\u00e9 son meilleur r\u00e9sultat de la saison au Grand Prix de Grande-Bretagne, le septuple champion du monde est ressorti d\u00e9\u00e7u de l&rsquo;\u00e9preuve de Silverstone. Pas tant en raison du r\u00e9sultat que du comportement de sa <a href=\"https:\/\/fr.motorsport.com\/team\/ferrari\/615\/\" target=\"_blank\" rel=\"noopener nofollow\">Ferrari<\/a> SF-25 qui a \u00e9t\u00e9 loin de lui donner satisfaction.<\/p>\n<p>\u00ab\u00a0C&rsquo;est la voiture la plus compliqu\u00e9e que j&rsquo;aie pilot\u00e9e ici ces derni\u00e8res ann\u00e9es\u00a0\u00bb, a-t-il lanc\u00e9 pour r\u00e9sumer son exp\u00e9rience. \u00ab\u00a0J&rsquo;avais simplement du mal \u00e0 suivre. Les pneus ont rapidement chut\u00e9 en performance. La voiture \u00e9tait incroyablement d\u00e9licate \u00e0 piloter. En fin de compte, j&rsquo;ai beaucoup appris aujourd&rsquo;hui. C&rsquo;est seulement la seconde fois que je pilote sous la pluie avec cette voiture [apr\u00e8s Melbourne, ndlr].\u00a0\u00bb<\/p>\n<p>\u00ab\u00a0Je ne peux m\u00eame pas exprimer \u00e0 quel point c&rsquo;\u00e9tait difficile.\u00a0Ce n&rsquo;est pas une voiture qui aime ces conditions. Mais j&rsquo;ai beaucoup de donn\u00e9es \u00e0 en tirer&#8230; pour moi, ce sera bien de discuter avec les personnes qui ont con\u00e7u la voiture de cette ann\u00e9e, parce qu&rsquo;il y a des \u00e9l\u00e9ments de cette voiture dont personne d&rsquo;autre ne peut s&rsquo;inspirer.\u00a0\u00bb<\/p>\n<p>En fin de course, sur une piste s\u00e9chante, Hamilton \u00e9tait \u00e0 la poursuite de <a href=\"https:\/\/fr.motorsport.com\/driver\/nico-hulkenberg\/84891\/\" target=\"_blank\" rel=\"noopener nofollow\">Nico H\u00fclkenberg<\/a> pour tenter de prolonger sa s\u00e9rie de podiums cons\u00e9cutifs \u00e0 domicile, mais il a \u00e9chou\u00e9 \u00e0 rattraper le pilote <a href=\"https:\/\/fr.motorsport.com\/team\/stake-sauber\/612\/\" target=\"_blank\" rel=\"noopener nofollow\">Stake Sauber<\/a>. \u00ab\u00a0M\u00eame \u00e0 ce moment-l\u00e0, vous avez vu que je suis sorti large. Donc beaucoup d&rsquo;erreurs aujourd&rsquo;hui.\u00a0\u00bb<\/p>\n<p>Hamilton tire un bilan \u00e0 mi-saison<br \/>\n   <img decoding=\"async\" draggable=\"false\" src=\"https:\/\/www.europesays.com\/fr\/wp-content\/uploads\/2025\/07\/lewis-hamilton-ferrari-esteban.jpg\" alt=\"Lewis Hamilton \u00e0 l'attaque sur Esteban Ocon au moment o\u00f9 la pluie gagnait en intensit\u00e9.\" width=\"1200\" height=\"800\" loading=\"lazy\"\/> <\/p>\n<p class=\"title\">Lewis Hamilton \u00e0 l&rsquo;attaque sur Esteban Ocon au moment o\u00f9 la pluie gagnait en intensit\u00e9.<\/p>\n<p class=\"photographer\">Photo de: Glenn Dunbar \/ LAT Images via Getty Images<\/p>\n<p>Silverstone marquait la 12e des 24 \u00e9preuves au programme. Hamilton est actuellement sixi\u00e8me du <a href=\"https:\/\/fr.motorsport.com\/f1\/standings\/2025\/\" target=\"_self\" rel=\"noopener nofollow\">championnat pilotes<\/a> mais n&rsquo;a toujours pas sign\u00e9 le moindre podium. En d\u00e9pit de difficult\u00e9s r\u00e9elles, sur lesquelles il revient souvent, il juge n&rsquo;avoir pas \u00ab\u00a0pilot\u00e9 si terriblement\u00a0\u00bb que \u00e7a jusqu&rsquo;ici en tenant compte du fait qu&rsquo;il avait \u00ab\u00a0termin\u00e9 chacune des courses\u00a0\u00bb &#8211; m\u00eame s&rsquo;il faut rappeler qu&rsquo;il a \u00e9t\u00e9 <a href=\"https:\/\/fr.motorsport.com\/f1\/news\/leclerc-hamilton-gasly-disqualification-gp-chine-officiel\/10706461\/\" target=\"_blank\" rel=\"noopener nofollow\">disqualifi\u00e9 de celle du dimanche en Chine<\/a>.<\/p>\n<p>En Grande-Bretagne, Hamilton a sembl\u00e9 plus en phase avec sa monoplace sur le sec et semblait m\u00eame potentiellement pouvoir jouer la pole position, ou au moins la premi\u00e8re ligne, avant une erreur dans le dernier secteur de son ultime tour en Q3. \u00ab\u00a0\u00c7a semblait mieux en qualifications hier, et je pense que nous allons juste continuer \u00e0 b\u00e2tir l\u00e0-dessus.\u00a0\u00bb<\/p>\n<p>Concernant ce qu&rsquo;il d\u00e9sire de sa Ferrari pour la suite de la saison, Hamilton a pr\u00e9cis\u00e9 : \u00ab\u00a0Probablement un \u00e9quilibre constant. Une voiture qui tourne dans [les virages] lents. Une voiture plus stable. Mais je pense que nous avons \u00e9t\u00e9 tr\u00e8s performants tout au long du week-end. En essais libres, nous sommes toujours dans le coup. Pourtant, nous ne sommes pas en mesure d&rsquo;extraire tout ce qu&rsquo;il y a \u00e0 extraire lors des qualifications, et puis en course c&rsquo;est un peu plus difficile.\u00a0\u00bb<\/p>\n<p style=\"text-align: right;\">Avec\u00a0Emily Selleck et Benjamin Vinel<\/p>\n<p>Lire aussi :<\/p>\n<p>Dans cet article<\/p>\n<p>Soyez le premier inform\u00e9 et souscrivez aux alertes mails pour recevoir les infos en temps r\u00e9el<\/p>\n<p>    S&rsquo;abonner aux alertes de news<\/p>\n","protected":false},"excerpt":{"rendered":"Lewis Hamilton a beau avoir \u00e9gal\u00e9 son meilleur r\u00e9sultat de la saison au Grand Prix de Grande-Bretagne, le&hellip;\n","protected":false},"author":2,"featured_media":245069,"comment_status":"","ping_status":"","sticky":false,"template":"","format":"standard","meta":{"footnotes":""},"categories":[1412],"tags":[1451,2251,1452,1453,1454,1455,1011,27,23124,1975,23125,60],"class_list":{"0":"post-245068","1":"post","2":"type-post","3":"status-publish","4":"format-standard","5":"has-post-thumbnail","7":"category-f1","8":"tag-f1","9":"tag-ferrari","10":"tag-formula-1","11":"tag-formula1","12":"tag-formule-1","13":"tag-formule1","14":"tag-fr","15":"tag-france","16":"tag-gp-de-grande-bretagne","17":"tag-lewis-hamilton","18":"tag-silverstone","19":"tag-sports"},"share_on_mastodon":{"url":"https:\/\/pubeurope.com\/@fr\/114840671544943861","error":""},"_links":{"self":[{"href":"https:\/\/www.europesays.com\/fr\/wp-json\/wp\/v2\/posts\/245068","targetHints":{"allow":["GET"]}}],"collection":[{"href":"https:\/\/www.europesays.com\/fr\/wp-json\/wp\/v2\/posts"}],"about":[{"href":"https:\/\/www.europesays.com\/fr\/wp-json\/wp\/v2\/types\/post"}],"author":[{"embeddable":true,"href":"https:\/\/www.europesays.com\/fr\/wp-json\/wp\/v2\/users\/2"}],"replies":[{"embeddable":true,"href":"https:\/\/www.europesays.com\/fr\/wp-json\/wp\/v2\/comments?post=245068"}],"version-history":[{"count":0,"href":"https:\/\/www.europesays.com\/fr\/wp-json\/wp\/v2\/posts\/245068\/revisions"}],"wp:featuredmedia":[{"embeddable":true,"href":"https:\/\/www.europesays.com\/fr\/wp-json\/wp\/v2\/media\/245069"}],"wp:attachment":[{"href":"https:\/\/www.europesays.com\/fr\/wp-json\/wp\/v2\/media?parent=245068"}],"wp:term":[{"taxonomy":"category","embeddable":true,"href":"https:\/\/www.europesays.com\/fr\/wp-json\/wp\/v2\/categories?post=245068"},{"taxonomy":"post_tag","embeddable":true,"href":"https:\/\/www.europesays.com\/fr\/wp-json\/wp\/v2\/tags?post=245068"}],"curies":[{"name":"wp","href":"https:\/\/api.w.org\/{rel}","templated":true}]}}