{"id":245070,"date":"2025-07-12T14:12:10","date_gmt":"2025-07-12T14:12:10","guid":{"rendered":"https:\/\/www.europesays.com\/fr\/245070\/"},"modified":"2025-07-12T14:12:10","modified_gmt":"2025-07-12T14:12:10","slug":"tdf-tour-de-france-bernard-thevenet-moi-je-crois-en-jonas-vingegaard","status":"publish","type":"post","link":"https:\/\/www.europesays.com\/fr\/245070\/","title":{"rendered":"TDF. Tour de France &#8211; Bernard Th\u00e9venet : \u00abMoi ? Je crois en Jonas Vingegaard&#8230;\u00bb"},"content":{"rendered":"<p> Lire la suite de l&rsquo;article&#13;<\/p>\n<p>\u00a0<\/p>\n<p>&#13;<br \/>\n\u00ab\u00a0Tadej Pogacar est au-dessus, mais&#8230;\u00a0\u00bb&#13;<\/p>\n<p><strong>Bonjour Bernard. Vous \u00eates venu sur le Tour, on \u00e9tait r\u00e9cemment sur les terres d\u2019un autre Bernard (Hinault), \u00e0 Saint-Malo. On est encore loin de vos terres, mais d\u00e9j\u00e0 : vos impressions sur cette premi\u00e8re semaine ?<\/strong><\/p>\n<p>&#13;<\/p>\n<p>Ce que je retiens, c\u2019est que ce Tour est parti tr\u00e8s fort. Et surtout, les principaux favoris croisent d\u00e9j\u00e0 le fer depuis le premier jour. C\u2019est assez rare dans un Grand Tour qui dure trois semaines. Habituellement, la premi\u00e8re semaine est plut\u00f4t une phase d\u2019observation, m\u00eame si on ne peut pas dire que ce soit une promenade. Mais l\u00e0, on sent un engagement imm\u00e9diat et constant depuis le d\u00e9part, dans pratiquement toutes les \u00e9tapes.<\/p>\n<p>&#13;<\/p>\n<p>\u00a0<\/p>\n<p>&#13;<\/p>\n<p><strong>Y a-t-il un coureur qui vous semble au-dessus du lot ?<\/strong><\/p>\n<p>&#13;<\/p>\n<p>Oui, Pogacar est au-dessus, c\u2019est \u00e9vident. Mais il ne domine pas outrageusement. Il y a encore de l\u2019espoir pour la suite, car les \u00e9carts ne sont pas encore si importants. On n\u2019a pas encore franchi un seul col ! Quand les vraies ascensions arriveront, \u00e7a va bouger. Et \u00e7a pourrait m\u00eame red\u00e9finir la hi\u00e9rarchie actuelle. On dit souvent que la v\u00e9rit\u00e9 de la premi\u00e8re semaine du Tour n\u2019est pas celle de la troisi\u00e8me, et c\u2019est bien vrai.<\/p>\n<p>&#13;<\/p>\n<p>\u00a0<\/p>\n<p>&#13;<\/p>\n<p><strong>Justement, beaucoup doutent de Jonas Vingegaard. Il dit pourtant garder confiance. Et vous, Bernard Th\u00e9venet, vous y croyez ?<\/strong><\/p>\n<p>&#13;<\/p>\n<p>Sur ce qu\u2019il a montr\u00e9 au M\u00fbr-de-Bretagne, oui. Il n\u2019\u00e9tait finalement pas si loin de Pogacar. Je suis content qu\u2019il y croie encore, parce que s\u2019il avait perdu confiance, son Tour serait d\u00e9j\u00e0 termin\u00e9. Et puis, ce n\u2019est pas un espoir d\u00e9raisonnable. C\u2019est un espoir solide. Tant qu\u2019il y croit, tout est possible.<\/p>\n<p>&#13;<\/p>\n<p>\u00a0<\/p>\n<p>&#13;<br \/>\n\u00ab\u00a0Paul Seixas ? Il ne faut pas br\u00fbler les \u00e9tapes\u00a0\u00bb&#13;<\/p>\n<p><strong>Parlons des Fran\u00e7ais. On attend toujours un exploit. Vous attendiez-vous \u00e0 la \u00ab\u00a0Vauquelinmania\u00a0\u00bb sur ce Tour 2025 ?<\/strong><\/p>\n<p>&#13;<\/p>\n<p>Non, pas vraiment. Mais Vauquelin a d\u00e9j\u00e0 montr\u00e9 de belles choses. Il \u00e9tait pr\u00e9sent l\u2019an pass\u00e9, peut-\u00eatre pas sur trois semaines, mais il a \u00e9t\u00e9 l\u00e0. Et cette ann\u00e9e, il a encore progress\u00e9. J\u2019esp\u00e8re qu\u2019il va continuer \u00e0 monter en puissance pendant deux ou trois ans. On a de tr\u00e8s bons coureurs fran\u00e7ais aujourd\u2019hui, mais on attend toujours ce fameux exploit dans le Tour.<\/p>\n<p>&#13;<\/p>\n<p>\u00a0<\/p>\n<p>&#13;<\/p>\n<p><strong>Quels autres noms suivez-vous ?<\/strong><\/p>\n<p>&#13;<\/p>\n<p>Paul Magnier n\u2019est pas l\u00e0, mais il a gagn\u00e9 des courses au sprint en Belgique et aux Pays-Bas. Romain Gr\u00e9goire a fait un bon d\u00e9but de Tour. Lenny Martinez est un peu en dents de scie, mais je pense qu\u2019il peut gagner une \u00e9tape avant Paris. On a de bons \u00e9l\u00e9ments, et surtout, on recommence \u00e0 croire au cyclisme fran\u00e7ais. C\u2019est \u00e7a, le plus important.<\/p>\n<p>&#13;<\/p>\n<p>\u00a0<\/p>\n<p>&#13;<\/p>\n<p><strong>Un autre nom fait parler : Paul Sexas. Il manque \u00e0 l\u2019appel cette ann\u00e9e ?<\/strong><\/p>\n<p>&#13;<\/p>\n<p>Oui, mais il ne faut pas br\u00fbler les \u00e9tapes. Il a 18 ans. Il est encore loin du haut niveau, mais il a quatre ans pour y arriver. Et j\u2019y crois. Je pense que d\u2019ici l\u00e0, il pourra jouer le podium du Tour.<\/p>\n<p>&#13;<\/p>\n<p>\u00a0<\/p>\n<p>&#13;<br \/>\n\u00ab\u00a0J\u2019en suis \u00e0 mon 53e Tour de France, comme Cyrille Guimard\u00a0\u00bb&#13;<\/p>\n<p><strong>Une blessure cet hiver, comment allez-vous aujourd\u2019hui ?<\/strong><\/p>\n<p>&#13;<\/p>\n<p>Tout va bien, merci. J\u2019ai eu une mauvaise chute dans un escalier, j\u2019ai rat\u00e9 une marche et me suis fait six fractures au pied. Mais j\u2019ai \u00e9t\u00e9 bien soign\u00e9, \u00e7a se remet doucement. Ce n\u2019est pas encore parfait, parce que l\u2019\u00e2ge joue aussi, para\u00eet-il (sourire). Mais la gu\u00e9rison suit son cours.<\/p>\n<p>&#13;<\/p>\n<p>\u00a0<\/p>\n<p>&#13;<\/p>\n<p><strong>Et les Tours de France, vous les comptez toujours ?<\/strong><\/p>\n<p>&#13;<\/p>\n<p>C\u2019est dr\u00f4le que vous posiez la question, car j\u2019en suis \u00e0 mon 53e Tour de France, comme Cyrille Guimard ! On est \u00e0 \u00e9galit\u00e9. Et ce n\u2019est pas fini, j\u2019esp\u00e8re. J\u2019ai toujours le m\u00eame enthousiasme. Sur la course bien s\u00fbr, mais aussi en dehors. Quand on voit la ferveur du public, l\u2019engouement, on se dit que le cyclisme a encore de tr\u00e8s beaux jours devant lui.<\/p>\n<p>Tour de France &#8211; Classement g\u00e9n\u00e9ral provisoire apr\u00e8s la 7\u00e8 \u00e9tape<\/p>\n","protected":false},"excerpt":{"rendered":"Lire la suite de l&rsquo;article&#13; \u00a0 &#13; \u00ab\u00a0Tadej Pogacar est au-dessus, mais&#8230;\u00a0\u00bb&#13; Bonjour Bernard. Vous \u00eates venu sur&hellip;\n","protected":false},"author":2,"featured_media":245071,"comment_status":"","ping_status":"","sticky":false,"template":"","format":"standard","meta":{"footnotes":""},"categories":[1411],"tags":[1154,207,211,1011,27,209,60,210,212,208,213],"class_list":{"0":"post-245070","1":"post","2":"type-post","3":"status-publish","4":"format-standard","5":"has-post-thumbnail","7":"category-cyclisme","8":"tag-cycling","9":"tag-cyclisme","10":"tag-ffc","11":"tag-fr","12":"tag-france","13":"tag-route","14":"tag-sports","15":"tag-tour-de-france","16":"tag-uci","17":"tag-velo","18":"tag-world-tour"},"share_on_mastodon":{"url":"https:\/\/pubeurope.com\/@fr\/114840675514194932","error":""},"_links":{"self":[{"href":"https:\/\/www.europesays.com\/fr\/wp-json\/wp\/v2\/posts\/245070","targetHints":{"allow":["GET"]}}],"collection":[{"href":"https:\/\/www.europesays.com\/fr\/wp-json\/wp\/v2\/posts"}],"about":[{"href":"https:\/\/www.europesays.com\/fr\/wp-json\/wp\/v2\/types\/post"}],"author":[{"embeddable":true,"href":"https:\/\/www.europesays.com\/fr\/wp-json\/wp\/v2\/users\/2"}],"replies":[{"embeddable":true,"href":"https:\/\/www.europesays.com\/fr\/wp-json\/wp\/v2\/comments?post=245070"}],"version-history":[{"count":0,"href":"https:\/\/www.europesays.com\/fr\/wp-json\/wp\/v2\/posts\/245070\/revisions"}],"wp:featuredmedia":[{"embeddable":true,"href":"https:\/\/www.europesays.com\/fr\/wp-json\/wp\/v2\/media\/245071"}],"wp:attachment":[{"href":"https:\/\/www.europesays.com\/fr\/wp-json\/wp\/v2\/media?parent=245070"}],"wp:term":[{"taxonomy":"category","embeddable":true,"href":"https:\/\/www.europesays.com\/fr\/wp-json\/wp\/v2\/categories?post=245070"},{"taxonomy":"post_tag","embeddable":true,"href":"https:\/\/www.europesays.com\/fr\/wp-json\/wp\/v2\/tags?post=245070"}],"curies":[{"name":"wp","href":"https:\/\/api.w.org\/{rel}","templated":true}]}}