{"id":245072,"date":"2025-07-12T14:13:12","date_gmt":"2025-07-12T14:13:12","guid":{"rendered":"https:\/\/www.europesays.com\/fr\/245072\/"},"modified":"2025-07-12T14:13:12","modified_gmt":"2025-07-12T14:13:12","slug":"almada-stop-ou-encore-avec-lol","status":"publish","type":"post","link":"https:\/\/www.europesays.com\/fr\/245072\/","title":{"rendered":"Almada, stop ou encore avec l\u2019OL ?"},"content":{"rendered":"<p>                            <img width=\"770\" height=\"433\" src=\"https:\/\/www.europesays.com\/fr\/wp-content\/uploads\/2025\/06\/AFP__20250309__36ZN2H7__v1__HighRes__FblFraLigue1NiceLyon-770x433.jpg\" class=\"attachment-article size-article wp-post-image\" alt=\"Thiago Almada face \u00e0 Dante lors de Nice - OL\" decoding=\"async\" fetchpriority=\"high\"  \/><\/p>\n<p>Thiago Almada face \u00e0 Dante lors de Nice \u2013 OL (Photo by Valery HACHE \/ AFP)<\/p>\n<p>Pr\u00eat\u00e9 jusqu\u2019\u00e0 la fin juin \u00e0 l\u2019OL, Thiago Almada profite actuellement de ses vacances. S\u2019il est sous contrat avec Botafogo, son cas fait avant tout parler en Europe.<\/p>\n<p>L\u2019<strong>OL<\/strong>\u00a0veut se d\u00e9faire de l\u2019emprise de John\u00a0<strong><a href=\"https:\/\/www.olympique-et-lyonnais.com\/bataille-en-justice-entre-textor-et-iconic-sport,370193.html\" rel=\"nofollow noopener\" target=\"_blank\">Textor<\/a><\/strong>\u00a0mais il faudra bien plus que neuf jours pour s\u2019en d\u00e9barrasser. Si Michele\u00a0<strong>Kang<\/strong>\u00a0a r\u00e9ussi \u00e0 inverser la tendance aupr\u00e8s de la DNCG pour maintenir le club en Ligue 1, ramasser les pots cass\u00e9s de son pr\u00e9d\u00e9cesseur va s\u2019annoncer un peu plus long qu\u2019un apprentissage express. L<strong>\u2019OL<\/strong>\u00a0va devoir y aller pas \u00e0 pas, m\u00eame s\u2019il a\u00a0<a href=\"https:\/\/www.olympique-et-lyonnais.com\/lol-fait-le-point-sur-sa-situation-financiere,370870.html\" rel=\"nofollow noopener\" target=\"_blank\">annonc\u00e9<\/a>\u00a0vendredi \u00ab\u00a0ne plus d\u00e9pendre des ventes des parts \u00e0 Crystal Palace et de l\u2019introduction \u00e0 la bourse de New York\u00a0\u00bb. Sous-entendu que l\u2019impact de John\u00a0<strong>Textor<\/strong>\u00a0commence d\u00e9j\u00e0 \u00e0 se r\u00e9duire entre Rh\u00f4ne et Sa\u00f4ne. Mais il reste toujours la question de la multipropri\u00e9t\u00e9 et surtout de ces joueurs dont le club a acquis les droits \u00e9conomiques. Il y avait\u00a0<strong>Luiz Henrique<\/strong>\u00a0et\u00a0<strong>Igor Jesus<\/strong>, mais reste toujours le cas Thiago Almada.<\/p>\n<p>Benfica toujours \u00e0 l&rsquo;aff\u00fbt<\/p>\n<p>Pr\u00eat\u00e9 jusqu\u2019en juin dernier face \u00e0 l\u2019interdiction de recruter de l\u2019OL, l\u2019Argentin est aujourd\u2019hui toujours li\u00e9 avec\u00a0<strong>Botafogo\u00a0<\/strong>qui d\u00e9tient ses droits sportifs. Seulement, l\u2019avenir du champion du monde 2022 ne semble plus s\u2019\u00e9crire au Br\u00e9sil, o\u00f9 il aura pass\u00e9 uniquement six mois. Avec la perte de Rayan\u00a0<strong>Cherki<\/strong>, Almada serait le rempla\u00e7ant d\u00e9sign\u00e9 pour la saison \u00e0 venir \u00e0 D\u00e9cines. Seulement, dans le budget pr\u00e9sent\u00e9 par la direction rhodanienne mercredi \u00e0 la DNCG, ce renfort peut-il exister ? \u00c0 en croire\u00a0L\u2019Equipe, l\u2019id\u00e9e d\u2019un nouveau pr\u00eat ne serait pas totalement \u00e9cart\u00e9e. N\u00e9anmoins, Benfica\u00a0<a href=\"https:\/\/www.olympique-et-lyonnais.com\/ol-mercato-thiago-almada-dans-le-viseur-de-benfica,367107.html\" rel=\"nofollow noopener\" target=\"_blank\">serait \u00e0 l\u2019aff\u00fbt<\/a>\u00a0et pourrait proposer 28 millions d&rsquo;euros pour 60 % des droits \u00e9conomiques du joueur. Encore une op\u00e9ration qui rappelle bien des mauvais souvenirs entre Rh\u00f4ne et Sa\u00f4ne. Mais la question du futur de Thiago Almada reste encore aussi incertaine.<\/p>\n<p>\t\t\t\t\t<a href=\"https:\/\/www.olympique-et-lyonnais.com\/mercato-bamballi-choisit-la-juve-plutot-que-lol-pour-passer-pro,370893.html\" title=\"Mercato : Bamballi choisit la Juve plut\u00f4t que l\u2019OL pour passer pro\" rel=\"nofollow noopener\" target=\"_blank\"><img loading=\"lazy\" width=\"580\" height=\"326\" src=\"https:\/\/www.europesays.com\/fr\/wp-content\/uploads\/2025\/07\/GvpaRxkX0AEBwUL-580x326.jpeg\" class=\"attachment-actularge size-actularge wp-post-image\" alt=\"L\u00e9o Bamballi quitte l'OL pour la Juventus Turin\" decoding=\"async\"  \/>\t\t\t\t\t<\/a><\/p>\n","protected":false},"excerpt":{"rendered":"Thiago Almada face \u00e0 Dante lors de Nice \u2013 OL (Photo by Valery HACHE \/ AFP) Pr\u00eat\u00e9 jusqu\u2019\u00e0&hellip;\n","protected":false},"author":2,"featured_media":176102,"comment_status":"","ping_status":"","sticky":false,"template":"","format":"standard","meta":{"footnotes":""},"categories":[1410],"tags":[63,1011,27,1434,241,978,60],"class_list":{"0":"post-245072","1":"post","2":"type-post","3":"status-publish","4":"format-standard","5":"has-post-thumbnail","7":"category-football","8":"tag-football","9":"tag-fr","10":"tag-france","11":"tag-mercato","12":"tag-ol","13":"tag-olympique-lyonnais","14":"tag-sports"},"share_on_mastodon":{"url":"https:\/\/pubeurope.com\/@fr\/114840679734287238","error":""},"_links":{"self":[{"href":"https:\/\/www.europesays.com\/fr\/wp-json\/wp\/v2\/posts\/245072","targetHints":{"allow":["GET"]}}],"collection":[{"href":"https:\/\/www.europesays.com\/fr\/wp-json\/wp\/v2\/posts"}],"about":[{"href":"https:\/\/www.europesays.com\/fr\/wp-json\/wp\/v2\/types\/post"}],"author":[{"embeddable":true,"href":"https:\/\/www.europesays.com\/fr\/wp-json\/wp\/v2\/users\/2"}],"replies":[{"embeddable":true,"href":"https:\/\/www.europesays.com\/fr\/wp-json\/wp\/v2\/comments?post=245072"}],"version-history":[{"count":0,"href":"https:\/\/www.europesays.com\/fr\/wp-json\/wp\/v2\/posts\/245072\/revisions"}],"wp:featuredmedia":[{"embeddable":true,"href":"https:\/\/www.europesays.com\/fr\/wp-json\/wp\/v2\/media\/176102"}],"wp:attachment":[{"href":"https:\/\/www.europesays.com\/fr\/wp-json\/wp\/v2\/media?parent=245072"}],"wp:term":[{"taxonomy":"category","embeddable":true,"href":"https:\/\/www.europesays.com\/fr\/wp-json\/wp\/v2\/categories?post=245072"},{"taxonomy":"post_tag","embeddable":true,"href":"https:\/\/www.europesays.com\/fr\/wp-json\/wp\/v2\/tags?post=245072"}],"curies":[{"name":"wp","href":"https:\/\/api.w.org\/{rel}","templated":true}]}}