{"id":245073,"date":"2025-07-12T14:14:10","date_gmt":"2025-07-12T14:14:10","guid":{"rendered":"https:\/\/www.europesays.com\/fr\/245073\/"},"modified":"2025-07-12T14:14:10","modified_gmt":"2025-07-12T14:14:10","slug":"je-vous-en-supplie-fidji-ruiz-et-son-mari-victimes-dun-grave-accident-la-starlette-de-tele-realite-fait-une-triste-revelation","status":"publish","type":"post","link":"https:\/\/www.europesays.com\/fr\/245073\/","title":{"rendered":"\u00ab\u00a0Je vous en supplie\u00a0\u00bb, Fidji Ruiz et son mari victimes d\u2019un grave accident, la starlette de t\u00e9l\u00e9-r\u00e9alit\u00e9 fait une triste r\u00e9v\u00e9lation"},"content":{"rendered":"<p>      R\u00e9sum\u00e9<\/p>\n<p>Fidji Ruiz et son mari Anas ont \u00e9t\u00e9 gri\u00e8vement bless\u00e9s dans un accident au Maroc; apr\u00e8s une op\u00e9ration lourde, il reste en soins intensifs sous haute surveillance.<\/p>\n<p>        Sommaire<\/p>\n<p>C&rsquo;est une op\u00e9ration \u00ab\u00a0extr\u00eamement lourde\u00a0\u00bb qu&rsquo;a subie Anas, quelques heures apr\u00e8s <a href=\"https:\/\/www.public.fr\/la-star-de-tele-realite-fidji-ruiz-et-son-compagnon-anas-victimes-dun-tres-grave-accident-de-la-route\" target=\"_blank\" rel=\"noopener\">son grave accident de la route<\/a>. Comme r\u00e9v\u00e9l\u00e9 ce vendredi, le rappeur et son \u00e9pouse Fidji Ruiz <strong>ont \u00e9t\u00e9 victimes d&rsquo;un \u00ab\u00a0grave accident de la route\u00a0\u00bb \u00e0 Marrakech<\/strong>. Ils sont tous les deux hospitalis\u00e9s depuis lors, mais les s\u00e9quelles pour Anas sont bien plus importantes. Si Fidji a pu r\u00e9cup\u00e9rer son t\u00e9l\u00e9phone, son mari, lui, <strong>a un \u00e9tat plus alarmant depuis le d\u00e9part<\/strong>. A tel point qu&rsquo;une op\u00e9ration en urgence a d\u00fb \u00eatre valid\u00e9e par les m\u00e9decins\u2026<\/p>\n<p>Ce samedi matin, Fidji Ruiz s&rsquo;est montr\u00e9e rassur\u00e9e et rassurante sur Instagram. L&rsquo;op\u00e9ration, bien que tr\u00e8s dangereuse, s&rsquo;est r\u00e9v\u00e9l\u00e9e \u00eatre un succ\u00e8s. Toutefois, rien n&rsquo;est encore gagn\u00e9 au regard des lourdes s\u00e9quelles qu&rsquo;a subies Anas. <strong>\u00ab\u00a0Les premi\u00e8res 72 heures vont \u00eatre les plus longues et les plus angoissantes de ma vie\u00a0\u00bb<\/strong> a expliqu\u00e9 <a href=\"https:\/\/www.public.fr\/fidji-ruiz-nouvelle-revelation-sur-sa-conversion-a-lislam-sur-une-chaine-de-television-algerienne\" target=\"_blank\" rel=\"noopener\">l&rsquo;ex-candidate des Anges<\/a> et Friends Trip.<\/p>\n<p>Anas n&rsquo;est pas encore tir\u00e9 d&rsquo;affaires, Fidji est tr\u00e8s inqui\u00e8te<\/p>\n<p>En effet, au regard de la lourde op\u00e9ration qu&rsquo;il a subie, Anas est loin d&rsquo;\u00eatre tir\u00e9 d&rsquo;affaire. Comme expliqu\u00e9 par son \u00e9pouse \u00e9plor\u00e9e, <strong>il a \u00e9t\u00e9 admis en services de soins continus<\/strong> : \u00ab\u00a0Mon mari est en service de r\u00e9animation, parce que c&rsquo;est l\u00e0 qu&rsquo;il peut \u00eatre surveill\u00e9 minute par minute\u00a0\u00bb. Elle a tenu \u00e0 rassurer les fans en indiquant <strong>qu&rsquo;il \u00e9tait \u00ab\u00a0conscient\u00a0\u00bb <\/strong>mais il \u00e9tait toutefois \u00ab\u00a0sous surveillance maximale\u00a0\u00bb.<br \/>\u00ab\u00a0<strong>Je vous en supplie, continuez de prier pour lui, pour nous<\/strong>&#8230; On a tellement besoin de vos douas, de votre soutien\u00a0\u00bb a conclu l&rsquo;influenceuse&#8230; Les prochaines heures vont donc \u00eatre d\u00e9terminantes et vont r\u00e9v\u00e9ler si les s\u00e9quelles sont irr\u00e9versibles ou si l&rsquo;op\u00e9ration a permis de les endiguer au mieux.<\/p>\n<p>Mari\u00e9s depuis quatre ans, Fidji Ruiz, <a href=\"https:\/\/vsd.fr\/84326-vous-avez-detruit-ma-vie-je-vais-me-foutre-en-lair-marianne-secret-story-la-note-audio-envoyee-au-pdg-dendemol-revelee\/\" target=\"_blank\" rel=\"noopener\">ex-candidate de t\u00e9l\u00e9-r\u00e9alit\u00e9<\/a>, et Anas, rappeur, vivent le parfait amour. Ils vont justement f\u00eater leurs noces de cire ce 26 juillet. En mars 2024, <strong>ils ont c\u00e9l\u00e9br\u00e9 la naissance de<\/strong> <strong>Souleymen<\/strong> qui a r\u00e9cemment f\u00eat\u00e9 ses 1 an.<\/p>\n<p>      Mentionn\u00e9s dans cet article<\/p>\n<p>\u00c0 lire aussi<\/p>\n","protected":false},"excerpt":{"rendered":"R\u00e9sum\u00e9 Fidji Ruiz et son mari Anas ont \u00e9t\u00e9 gri\u00e8vement bless\u00e9s dans un accident au Maroc; apr\u00e8s une&hellip;\n","protected":false},"author":2,"featured_media":245074,"comment_status":"","ping_status":"","sticky":false,"template":"","format":"standard","meta":{"footnotes":""},"categories":[1359],"tags":[119,4376,58,3348,59,38291,1011,27,1476,38495,973],"class_list":{"0":"post-245073","1":"post","2":"type-post","3":"status-publish","4":"format-standard","5":"has-post-thumbnail","7":"category-people","8":"tag-accident","9":"tag-accident-de-la-route","10":"tag-divertissement","11":"tag-drame","12":"tag-entertainment","13":"tag-fidji-ruiz","14":"tag-fr","15":"tag-france","16":"tag-operation","17":"tag-operation-chirurgicale","18":"tag-people"},"share_on_mastodon":{"url":"https:\/\/pubeurope.com\/@fr\/114840683363643593","error":""},"_links":{"self":[{"href":"https:\/\/www.europesays.com\/fr\/wp-json\/wp\/v2\/posts\/245073","targetHints":{"allow":["GET"]}}],"collection":[{"href":"https:\/\/www.europesays.com\/fr\/wp-json\/wp\/v2\/posts"}],"about":[{"href":"https:\/\/www.europesays.com\/fr\/wp-json\/wp\/v2\/types\/post"}],"author":[{"embeddable":true,"href":"https:\/\/www.europesays.com\/fr\/wp-json\/wp\/v2\/users\/2"}],"replies":[{"embeddable":true,"href":"https:\/\/www.europesays.com\/fr\/wp-json\/wp\/v2\/comments?post=245073"}],"version-history":[{"count":0,"href":"https:\/\/www.europesays.com\/fr\/wp-json\/wp\/v2\/posts\/245073\/revisions"}],"wp:featuredmedia":[{"embeddable":true,"href":"https:\/\/www.europesays.com\/fr\/wp-json\/wp\/v2\/media\/245074"}],"wp:attachment":[{"href":"https:\/\/www.europesays.com\/fr\/wp-json\/wp\/v2\/media?parent=245073"}],"wp:term":[{"taxonomy":"category","embeddable":true,"href":"https:\/\/www.europesays.com\/fr\/wp-json\/wp\/v2\/categories?post=245073"},{"taxonomy":"post_tag","embeddable":true,"href":"https:\/\/www.europesays.com\/fr\/wp-json\/wp\/v2\/tags?post=245073"}],"curies":[{"name":"wp","href":"https:\/\/api.w.org\/{rel}","templated":true}]}}