{"id":245075,"date":"2025-07-12T14:15:13","date_gmt":"2025-07-12T14:15:13","guid":{"rendered":"https:\/\/www.europesays.com\/fr\/245075\/"},"modified":"2025-07-12T14:15:13","modified_gmt":"2025-07-12T14:15:13","slug":"a-douarnenez-lartiste-yseult-allais-expose-ses-oeuvres-a-laraignee-tout-lete","status":"publish","type":"post","link":"https:\/\/www.europesays.com\/fr\/245075\/","title":{"rendered":"\u00c0 Douarnenez, l\u2019artiste Yseult Allais expose ses \u0153uvres \u00e0 l\u2019Araign\u00e9e, tout l\u2019\u00e9t\u00e9"},"content":{"rendered":"<p>\u00ab\u00a0Je suis tomb\u00e9e dans l\u2019Art quand j\u2019\u00e9tais petite et \u00e7a ne m\u2019a jamais l\u00e2ch\u00e9, je cr\u00e9e depuis l\u2019\u00e2ge de 15 ans\u00a0\u00bb. M\u00eame si peu lui importent les \u00e9tiquettes, Yseult Allais revendique presque son parcours d\u2019artiste autodidacte\u00a0: \u00ab\u00a0on me dit appartenir au mouvement de l\u2019Art singulier, ces artistes qui n\u2019ont pas fait d\u2019\u00e9cole, \u00e0 la marge, et j\u2019avance depuis toujours sur ce chemin-l\u00e0.\u00a0\u00bb<\/p>\n<p>Un journal onirique<\/p>\n<p>Singulier, l\u2019adjectif correspond en tout cas \u00e0 son univers. Les peintures d\u2019Yseult Allais m\u00ealent une foule d\u2019\u00e9l\u00e9ments et de motifs, de cr\u00e9atures, de personnages, parfois aux allures de bande dessin\u00e9e, ou d\u2019autres rappelant le style du peintre Robert Combas. \u00ab\u00a0Ma cr\u00e9ation se nourrit des choses que je traverse, c\u2019est un peu mon journal, m\u00eal\u00e9 au monde des r\u00eaves, un journal onirique, ouais c\u2019est pas mal \u00e7a tiens, un journal onirique\u00a0!\u00a0\u00bb<\/p>\n<p>Les \u00e9l\u00e9ments s\u2019articulent selon le surgissement al\u00e9atoire des id\u00e9es. Parfois travers\u00e9s d\u2019angoisses, d\u2019insolite, de grincements ou de bizarreries, comme les r\u00eaves quoi\u00a0! \u00ab\u00a0Dans mes tableaux, j\u2019aime qu\u2019il y ait plein de petites choses \u00e0 voir, et croiser les techniques, comme le collage, ou le surgissement de texte\u00a0\u00bb, indique l\u2019artiste, en \u00e9voquant aussi son go\u00fbt marqu\u00e9 pour la peinture de J\u00e9r\u00f4me Bosch. Comme le ma\u00eetre du XVIe si\u00e8cle, elle aime cr\u00e9er des sayn\u00e8tes incongrues, mais dans son style, travers\u00e9 de rock\u2019n\u2019roll \u00ab\u00a0oui, mon univers est rock\u2019n\u2019roll, voire punk. Le punk et le rock ont une couleur et une libert\u00e9 qui m\u2019ont toujours plu, d\u2019ailleurs je peins dans mon atelier en \u00e9coutant de la musique de ce type-l\u00e0.\u00a0\u00bb<\/p>\n<p>\u00ab\u00a0Douarnenez, \u00e7a correspond \u00e0 mon univers\u00a0\u00bb<\/p>\n<p>Originaire de Nantes, Yseult Allais habite aujourd\u2019hui un village de l\u2019Aude. Douarnenez, elle conna\u00eet bien, elle y vient depuis l\u2019enfance, y retrouve des amis, et comprend que la ville puisse avoir une \u00e2me inspirante. \u00ab\u00a0Je me souviens avoir \u00e9t\u00e9 saisie par la d\u00e9couverte des po\u00e8mes de Georges Perros. Douarnenez, \u00e7a correspond \u00e0 mon univers.\u200a\u00bb<\/p>\n<p>Son exposition au c\u0153ur de la boutique \u00ab\u00a0L\u2019Araign\u00e9e\u00a0\u00bb aux abords des halles, propose une cinquantaine d\u2019\u0153uvres, du petit au grand format.<\/p>\n<p>Une impression de foisonnement et de cr\u00e9ativit\u00e9 lib\u00e9r\u00e9e, sans s\u2019encombrer d\u2019acad\u00e9misme \u00ab\u00a0pour cette toile en long, par exemple, j\u2019ai commenc\u00e9 \u00e0 peindre par un bout et les choses se sont construites au fur et \u00e0 mesure, en avan\u00e7ant au fil des id\u00e9es.\u200a\u00bb<\/p>\n<p>L\u2019artiste travaille aussi \u00e0 partir d\u2019\u00e9l\u00e9ments de r\u00e9cup\u2019, glan\u00e9s ici et l\u00e0, \u00ab\u00a0jusqu\u2019\u00e0 peindre sur mes chaussettes\u00a0!\u00a0\u00bb rigole-t-elle \u00ab\u200aAvec des bouts de ficelles on peut r\u00e9aliser des tr\u00e9sors\u00a0!\u200a\u00bb Une peinture libre comme le bon rock\u2019n\u2019roll, c\u2019est \u00e0 Douarnenez qu\u2019il fallait la rencontrer\u00a0!<\/p>\n<p>Pratique<\/p>\n<p class=\"note\">Exposition jusqu\u2019au 15 septembre. Entr\u00e9e libre et gratuite Les \u0153uvres sont propos\u00e9es \u00e0 la vente. Boutique l\u2019Araign\u00e9e, 1 rue le Breton \u00e0 Douarnenez. Ouverture tous les jours sauf le dimanche. Horaires\u00a0: 10\u200ah\u200a-\u200a13\u200ah et 15\u200ah\u200a30\u200a-\u200a19\u200ah<\/p>\n","protected":false},"excerpt":{"rendered":"\u00ab\u00a0Je suis tomb\u00e9e dans l\u2019Art quand j\u2019\u00e9tais petite et \u00e7a ne m\u2019a jamais l\u00e2ch\u00e9, je cr\u00e9e depuis l\u2019\u00e2ge&hellip;\n","protected":false},"author":2,"featured_media":245076,"comment_status":"","ping_status":"","sticky":false,"template":"","format":"standard","meta":{"footnotes":""},"categories":[1358],"tags":[1348,1384,1385,251,1386,58,3320,59,3293,1011,27,1585],"class_list":{"0":"post-245075","1":"post","2":"type-post","3":"status-publish","4":"format-standard","5":"has-post-thumbnail","7":"category-arts-et-design","8":"tag-arts","9":"tag-arts-and-design","10":"tag-arts-et-design","11":"tag-culture","12":"tag-design","13":"tag-divertissement","14":"tag-douarnenez","15":"tag-entertainment","16":"tag-exposition","17":"tag-fr","18":"tag-france","19":"tag-peinture"},"share_on_mastodon":{"url":"https:\/\/pubeurope.com\/@fr\/114840687313637074","error":""},"_links":{"self":[{"href":"https:\/\/www.europesays.com\/fr\/wp-json\/wp\/v2\/posts\/245075","targetHints":{"allow":["GET"]}}],"collection":[{"href":"https:\/\/www.europesays.com\/fr\/wp-json\/wp\/v2\/posts"}],"about":[{"href":"https:\/\/www.europesays.com\/fr\/wp-json\/wp\/v2\/types\/post"}],"author":[{"embeddable":true,"href":"https:\/\/www.europesays.com\/fr\/wp-json\/wp\/v2\/users\/2"}],"replies":[{"embeddable":true,"href":"https:\/\/www.europesays.com\/fr\/wp-json\/wp\/v2\/comments?post=245075"}],"version-history":[{"count":0,"href":"https:\/\/www.europesays.com\/fr\/wp-json\/wp\/v2\/posts\/245075\/revisions"}],"wp:featuredmedia":[{"embeddable":true,"href":"https:\/\/www.europesays.com\/fr\/wp-json\/wp\/v2\/media\/245076"}],"wp:attachment":[{"href":"https:\/\/www.europesays.com\/fr\/wp-json\/wp\/v2\/media?parent=245075"}],"wp:term":[{"taxonomy":"category","embeddable":true,"href":"https:\/\/www.europesays.com\/fr\/wp-json\/wp\/v2\/categories?post=245075"},{"taxonomy":"post_tag","embeddable":true,"href":"https:\/\/www.europesays.com\/fr\/wp-json\/wp\/v2\/tags?post=245075"}],"curies":[{"name":"wp","href":"https:\/\/api.w.org\/{rel}","templated":true}]}}