{"id":245077,"date":"2025-07-12T14:16:17","date_gmt":"2025-07-12T14:16:17","guid":{"rendered":"https:\/\/www.europesays.com\/fr\/245077\/"},"modified":"2025-07-12T14:16:17","modified_gmt":"2025-07-12T14:16:17","slug":"a-theix-noyalo-les-boites-a-livres-sont-de-retour","status":"publish","type":"post","link":"https:\/\/www.europesays.com\/fr\/245077\/","title":{"rendered":"\u00c0 Theix-Noyalo, les bo\u00eetes \u00e0 livres sont de retour"},"content":{"rendered":"<p>Yoann Thebaut, adjoint au maire de <a href=\"https:\/\/www.google.com\/search?q=boite+%C3%A0+livres+theix+noyalo+let%C3%A9l%C3%A9gramme&amp;rlz=1C1GCCA_enFR1135FR1135&amp;oq=boite+%C3%A0+livres+theix+noyalo+let%C3%A9l%C3%A9gramme&amp;gs_lcrp=EgZjaHJvbWUyBggAEEUYOTIJCAEQIRgKGKABMgcIAhAhGJIDMgcIAxAhGJIDMgcIBBAhGJIDMgcIBRAhGJIDMgcIBhAhGJID0gEIMzQ2MmowajSoAgCwAgE&amp;sourceid=chrome&amp;ie=UTF-8\" title=\"www.google.com\" rel=\"nofollow noopener\" target=\"_blank\">Theix-Noyalo<\/a>, a inaugur\u00e9, vendredi 11 juillet, deux nouvelles bo\u00eetes \u00e0 livres install\u00e9es pour l\u2019une sur le parvis de la mairie et pour l\u2019autre \u00e0 l\u2019aire de jeux. Par le pass\u00e9, il y avait une bo\u00eete \u00e0 livres du c\u00f4t\u00e9 de Carrefour Market mais elle a \u00e9t\u00e9 malheureusement vandalis\u00e9e et par la suite enlev\u00e9.<\/p>\n<p>Un appel au respect du dispositif<\/p>\n<p>La demande d\u2019un tel produit de vulgarisation de la lecture a \u00e9t\u00e9 importante aupr\u00e8s du centre culturel, la municipalit\u00e9 a donc choisi d\u2019en commander deux exemplaires en Espagne, celles-ci r\u00e9pondant \u00e0 des normes strictes de durabilit\u00e9, r\u00e9sistantes au maximum aux incivilit\u00e9s. La municipalit\u00e9, par la voix de Yoann Thebaut, esp\u00e8re que les habitants s\u2019approprieront du dispositif tout en le respectant, en empruntant et d\u00e9posant des livres en bon \u00e9tat. Les premiers livres propos\u00e9s sont des dons de la m\u00e9diath\u00e8que.<\/p>\n","protected":false},"excerpt":{"rendered":"Yoann Thebaut, adjoint au maire de Theix-Noyalo, a inaugur\u00e9, vendredi 11 juillet, deux nouvelles bo\u00eetes \u00e0 livres install\u00e9es&hellip;\n","protected":false},"author":2,"featured_media":245078,"comment_status":"","ping_status":"","sticky":false,"template":"","format":"standard","meta":{"footnotes":""},"categories":[1357],"tags":[1379,58,59,1011,27,1380,10795],"class_list":{"0":"post-245077","1":"post","2":"type-post","3":"status-publish","4":"format-standard","5":"has-post-thumbnail","7":"category-livres","8":"tag-books","9":"tag-divertissement","10":"tag-entertainment","11":"tag-fr","12":"tag-france","13":"tag-livres","14":"tag-theix-noyalo"},"share_on_mastodon":{"url":"https:\/\/pubeurope.com\/@fr\/114840691304051094","error":""},"_links":{"self":[{"href":"https:\/\/www.europesays.com\/fr\/wp-json\/wp\/v2\/posts\/245077","targetHints":{"allow":["GET"]}}],"collection":[{"href":"https:\/\/www.europesays.com\/fr\/wp-json\/wp\/v2\/posts"}],"about":[{"href":"https:\/\/www.europesays.com\/fr\/wp-json\/wp\/v2\/types\/post"}],"author":[{"embeddable":true,"href":"https:\/\/www.europesays.com\/fr\/wp-json\/wp\/v2\/users\/2"}],"replies":[{"embeddable":true,"href":"https:\/\/www.europesays.com\/fr\/wp-json\/wp\/v2\/comments?post=245077"}],"version-history":[{"count":0,"href":"https:\/\/www.europesays.com\/fr\/wp-json\/wp\/v2\/posts\/245077\/revisions"}],"wp:featuredmedia":[{"embeddable":true,"href":"https:\/\/www.europesays.com\/fr\/wp-json\/wp\/v2\/media\/245078"}],"wp:attachment":[{"href":"https:\/\/www.europesays.com\/fr\/wp-json\/wp\/v2\/media?parent=245077"}],"wp:term":[{"taxonomy":"category","embeddable":true,"href":"https:\/\/www.europesays.com\/fr\/wp-json\/wp\/v2\/categories?post=245077"},{"taxonomy":"post_tag","embeddable":true,"href":"https:\/\/www.europesays.com\/fr\/wp-json\/wp\/v2\/tags?post=245077"}],"curies":[{"name":"wp","href":"https:\/\/api.w.org\/{rel}","templated":true}]}}