{"id":245079,"date":"2025-07-12T14:17:10","date_gmt":"2025-07-12T14:17:10","guid":{"rendered":"https:\/\/www.europesays.com\/fr\/245079\/"},"modified":"2025-07-12T14:17:10","modified_gmt":"2025-07-12T14:17:10","slug":"hospitalisation-de-marianne-une-ancienne-candidate-de-secret-story-vole-a-son-secours-et-accable-la-production","status":"publish","type":"post","link":"https:\/\/www.europesays.com\/fr\/245079\/","title":{"rendered":"Hospitalisation de Marianne : une ancienne candidate de \u00ab\u00a0Secret Story\u00a0\u00bb vole \u00e0 son secours&#8230; et accable la production"},"content":{"rendered":"<p>      R\u00e9sum\u00e9<\/p>\n<p>Marianne, ancienne candidate de Secret Story, subit un cyberharc\u00e8lement intense apr\u00e8s son \u00e9limination, suscitant un soutien critique envers la production du programme.<\/p>\n<p>        Sommaire<\/p>\n<p><strong>En \u00e9tant \u00e9limin\u00e9e de Secret Story jeudi 3 juillet dernier<\/strong>, Marianne ne s&rsquo;attendait pas \u00e0 une telle d\u00e9flagration. En r\u00e9cup\u00e9rant son t\u00e9l\u00e9phone portable, la jeune femme s&rsquo;est retrouv\u00e9e <a href=\"https:\/\/vsd.fr\/84326-vous-avez-detruit-ma-vie-je-vais-me-foutre-en-lair-marianne-secret-story-la-note-audio-envoyee-au-pdg-dendemol-revelee\/\" target=\"_blank\" rel=\"noopener\">confront\u00e9e \u00e0 des dizaines de milliers d&rsquo;insultes<\/a>, de menaces et de commentaires naus\u00e9abonds. Depuis plusieurs semaines, la candidate de Secret Story <strong>\u00e9tait critiqu\u00e9e sur son comportement \u00e0 l&rsquo;\u00e9gard de Romy<\/strong>. Elle s&rsquo;en \u00e9tait d\u00e9fendue \u00e0 plusieurs reprises dans la maison et dans diverses interviews, en indiquant qu&rsquo;elles ne s&rsquo;entendaient pas, mais sans qu&rsquo;aucune once de racisme ne lui traverse l&rsquo;esprit.<\/p>\n<p><a href=\"https:\/\/www.public.fr\/permets-moi-detre-surpris-jeremstar-ce-detail-chez-marianne-qui-la-vraiment-choque-au-moment-de-leur-rencontre\" target=\"_blank\" rel=\"noopener\">Dans l&rsquo;interview qu&rsquo;elle a accord\u00e9e \u00e0 Jeremstar<\/a>, Marianne est apparue plus inqui\u00e9tante que jamais. En larmes, effondr\u00e9e, la jeune femme aux onze pr\u00e9noms a confi\u00e9 qu&rsquo;elle ne mangeait plus, ne dormait plus et ne sortait plus depuis plusieurs jours. <strong>Face \u00e0 une vague de cyberharc\u00e8lement, emplie de menaces de mort et de propos grossophobes<\/strong>, la candidate s&rsquo;est retrouv\u00e9e d\u00e9pass\u00e9e et a d\u00e9velopp\u00e9 des pulsions suicidaires alarmantes. Au final, la production, en accord avec la candidate, <a href=\"https:\/\/www.public.fr\/marianne-secret-story-hospitalisee-et-placee-en-maison-de-repos-en-extreme-urgence\" target=\"_blank\" rel=\"noopener\">va l&rsquo;envoyer dans un centre de repos plusieurs semaines<\/a>, afin de prendre du recul sur la violence qu&rsquo;elle a subie.<\/p>\n<p>Le syndrome white women tears pour les uns&#8230;<\/p>\n<p>Sur Instagram et sur X, les avis divergent. Beaucoup ont continu\u00e9 \u00e0 critiquer la jeune femme, en lui reprochant <strong>d&rsquo;avoir le syndrome des larmes de femmes blanches<\/strong>. Ce concept f\u00e9ministe et nouveau, aussi appel\u00e9 white women tears, consiste \u00e0 pointer du doigt les femmes blanches qui se disent menac\u00e9es et pers\u00e9cut\u00e9es apr\u00e8s avoir tenu des propos racistes.<\/p>\n<p>D&rsquo;autres internautes se sont montr\u00e9s plus magnanimes et ont tenu \u00e0 apporter leur soutien \u00e0 Marianne. Et parmi eux, <strong>on retrouve Shine<\/strong>. Ex-candidate embl\u00e9matique de Secret Story, la jeune femme rescap\u00e9e d&rsquo;une secte a r\u00e9cemment fait parler d&rsquo;elle en d\u00e9molissant la production. Quinze apr\u00e8s sa participation \u00e0 la saison 4, qu&rsquo;a remport\u00e9e Beno\u00eet Dubois, la quadrag\u00e9naire a r\u00e9v\u00e9l\u00e9 combien <a href=\"https:\/\/www.public.fr\/ma-mere-a-ete-tuee-une-seconde-fois-shine-ex-candidate-de-secret-story-accuse-la-production-de-faits-gravissimes\" target=\"_blank\" rel=\"noopener\">la production l&rsquo;avait selon elle pi\u00e9g\u00e9e<\/a>, en muselant son v\u00e9ritable secret qui \u00e9tait celui d&rsquo;avoir <strong>eu une m\u00e8re assassin\u00e9e par le Temple Solaire, sous couverture de l&rsquo;ONU<\/strong>&#8230; <\/p>\n<p>Marianne d\u00e9laiss\u00e9e par la production pour les autres<\/p>\n<p>Sur Instagram, <strong>Shine a tenu \u00e0 apporter son soutien \u00e0 Marianne<\/strong>. La candidate a profit\u00e9 de cette pol\u00e9mique pour accabler une fois de plus la production&#8230; \u00ab\u00a0Je tenais \u00e0 t&rsquo;apporter tout mon soutien. Ne te laisse pas atteindre par ces m\u00e9disances. Beaucoup ne r\u00e9alisent m\u00eame pas \u00e0 quel point <strong>les images peuvent \u00eatre recoup\u00e9es, recoll\u00e9es. Et les mots d\u00e9form\u00e9s hors contexte<\/strong>\u00a0\u00bb a t\u00e9moign\u00e9 celle qui se fait aussi appeler Fr\u00e9d\u00e9rique.<\/p>\n<p>Et de poursuivre : \u00ab\u00a0J&rsquo;esp\u00e8re sinc\u00e8rement que la production sera \u00e0 la hauteur cette fois. Car trop souvent, on se retrouve seul(e) une fois les cam\u00e9ras \u00e9teintes. Force et courage \u00e0 toi dans cette temp\u00eate. Je t&rsquo;envoie plein de lumi\u00e8re\u00a0\u00bb. <strong>Marianne n&rsquo;est pas la seule candidate \u00e9trill\u00e9e cette saison<\/strong>&#8230; En d\u00e9but d&rsquo;aventure, <a href=\"https:\/\/www.public.fr\/jen-suis-devaste-theo-secret-story-accuse-de-racisme-envers-anita-il-donne-sa-version-sur-instagram\" target=\"_blank\" rel=\"noopener\">Th\u00e9o a lui aussi fait face \u00e0 de violentes critiques<\/a> et a \u00e9t\u00e9 accus\u00e9 de racisme. Ce vendredi, c&rsquo;est <strong>C\u00e9lia, <\/strong><a href=\"https:\/\/www.public.fr\/secret-story-celia-revele-avoir-vole-dans-la-maison-des-secrets-et-devoile-son-butin\" target=\"_blank\" rel=\"noopener\">fra\u00eechement \u00e9limin\u00e9e<\/a>, qui a pr\u00e9sent\u00e9 ses excuses pour des propos tenus pendant l&rsquo;aventure.<\/p>\n<p>      Mentionn\u00e9s dans cet article<\/p>\n<p>\u00c0 lire aussi<\/p>\n","protected":false},"excerpt":{"rendered":"R\u00e9sum\u00e9 Marianne, ancienne candidate de Secret Story, subit un cyberharc\u00e8lement intense apr\u00e8s son \u00e9limination, suscitant un soutien critique&hellip;\n","protected":false},"author":2,"featured_media":245080,"comment_status":"","ping_status":"","sticky":false,"template":"","format":"standard","meta":{"footnotes":""},"categories":[1356],"tags":[58,59,1011,27,16448,7432,2072,29901,252,1364],"class_list":{"0":"post-245079","1":"post","2":"type-post","3":"status-publish","4":"format-standard","5":"has-post-thumbnail","7":"category-television","8":"tag-divertissement","9":"tag-entertainment","10":"tag-fr","11":"tag-france","12":"tag-hospitalisation","13":"tag-psychiatre","14":"tag-sante-mentale","15":"tag-secret-story","16":"tag-television","17":"tag-tv"},"share_on_mastodon":{"url":"https:\/\/pubeurope.com\/@fr\/114840695193884254","error":""},"_links":{"self":[{"href":"https:\/\/www.europesays.com\/fr\/wp-json\/wp\/v2\/posts\/245079","targetHints":{"allow":["GET"]}}],"collection":[{"href":"https:\/\/www.europesays.com\/fr\/wp-json\/wp\/v2\/posts"}],"about":[{"href":"https:\/\/www.europesays.com\/fr\/wp-json\/wp\/v2\/types\/post"}],"author":[{"embeddable":true,"href":"https:\/\/www.europesays.com\/fr\/wp-json\/wp\/v2\/users\/2"}],"replies":[{"embeddable":true,"href":"https:\/\/www.europesays.com\/fr\/wp-json\/wp\/v2\/comments?post=245079"}],"version-history":[{"count":0,"href":"https:\/\/www.europesays.com\/fr\/wp-json\/wp\/v2\/posts\/245079\/revisions"}],"wp:featuredmedia":[{"embeddable":true,"href":"https:\/\/www.europesays.com\/fr\/wp-json\/wp\/v2\/media\/245080"}],"wp:attachment":[{"href":"https:\/\/www.europesays.com\/fr\/wp-json\/wp\/v2\/media?parent=245079"}],"wp:term":[{"taxonomy":"category","embeddable":true,"href":"https:\/\/www.europesays.com\/fr\/wp-json\/wp\/v2\/categories?post=245079"},{"taxonomy":"post_tag","embeddable":true,"href":"https:\/\/www.europesays.com\/fr\/wp-json\/wp\/v2\/tags?post=245079"}],"curies":[{"name":"wp","href":"https:\/\/api.w.org\/{rel}","templated":true}]}}