{"id":245081,"date":"2025-07-12T14:18:11","date_gmt":"2025-07-12T14:18:11","guid":{"rendered":"https:\/\/www.europesays.com\/fr\/245081\/"},"modified":"2025-07-12T14:18:11","modified_gmt":"2025-07-12T14:18:11","slug":"vianney-sa-nouvelle-vie-de-charpentier-nest-pas-sans-danger","status":"publish","type":"post","link":"https:\/\/www.europesays.com\/fr\/245081\/","title":{"rendered":"Vianney : sa nouvelle vie de charpentier n&rsquo;est pas sans danger"},"content":{"rendered":"<p>      R\u00e9sum\u00e9<\/p>\n<p>Vianney met sa carri\u00e8re en pause pour construire de ses mains une cabane isol\u00e9e, affrontant blessures et d\u00e9fis, dans un nouveau mode de vie inspirant et apaisant.<\/p>\n<p>        Sommaire<\/p>\n<p>Il l&rsquo;avait annonc\u00e9 le 23 juin dernier dans une vid\u00e9o post\u00e9e sur Instagram. <strong>Le chanteur Vianney a d\u00e9cid\u00e9 de faire une pause de quelques mois<\/strong> dans sa carri\u00e8re pour se recentrer sur lui-m\u00eame. Apr\u00e8s cinq saisons pass\u00e9es dans le fauteuil rouge de The Voice, <a href=\"https:\/\/vsd.fr\/83098-vianney-la-verite-sur-the-voice-emission-dont-il-prefere-tourner-la-page\/\" target=\"_blank\" rel=\"noopener\">Vianney passera la main \u00e0 la rentr\u00e9e<\/a>, et un nouveau chanteur <a href=\"https:\/\/www.public.fr\/nouvelle-saison-de-the-voice-apres-vianney-patricia-kaas-claque-elle-aussi-la-porte-tf1-officialise-un-nouveau-jury\" target=\"_blank\" rel=\"noopener\">viendra le remplacer<\/a>. En attendant, le chanteur, comme il l&rsquo;avait r\u00e9v\u00e9l\u00e9, <strong>a d\u00e9cid\u00e9 de construire une cabane<\/strong>, et ce n&rsquo;\u00e9tait pas une blague !<\/p>\n<p>En effet, il y a pr\u00e8s d&rsquo;un mois, Vianney avait d\u00e9clar\u00e9 sur Instagram qu&rsquo;il avait pris la d\u00e9cision <strong>de construire une vraie cabane am\u00e9nageable<\/strong> <a href=\"https:\/\/www.public.fr\/a-bientot-vianney-annonce-quil-va-senfermer-un-moment-dans-une-cabane-sans-sa-femme-et-son-fils\" target=\"_blank\" rel=\"noopener\">dans laquelle il comptait vivre<\/a> et \u00e9crire ses prochaines chansons. \u00ab\u00a0Ces prochains mois j\u2019ai pr\u00e9vu d\u2019\u00eatre plus seul, plus dans le silence, un peu plus loin aussi. Pour tout vous dire cet endroit-l\u00e0 c\u2019est mon bureau de ces prochains mois. Il n\u2019y a plus de studio, j\u2019ai pr\u00e9vu ici de construire une cabane, un refuge, un endroit <strong>o\u00f9 je puisse mettre un piano, un lit, une table et que je construise de mes mains surtout<\/strong>. Je crois que c\u2019est cet aspect-l\u00e0 qui m\u2019int\u00e9resse\u00a0: non plus de produire mais de construire\u00a0\u00bb d\u00e9clarait ainsi le trentenaire.<\/p>\n<p>La cabane de ses r\u00eaves prend forme, Vianney est comme un enfant<\/p>\n<p>Un r\u00eave qui est en train de devenir r\u00e9alit\u00e9, puisque le chanteur a d\u00e9marr\u00e9 les travaux. <strong>Le chanteur, d\u00e9sormais charpentier pendant les semaines et mois \u00e0 venir<\/strong>, se retrouve face \u00e0 des d\u00e9convenues qu&rsquo;il n&rsquo;avait peut-\u00eatre pas anticip\u00e9es. Un travail manuel en plein \u00e9t\u00e9 am\u00e8ne \u00e0 quelques petites blessures, mais celles-ci ne vont aucunement l&rsquo;arr\u00eater dans son r\u00eave de petit enfant&#8230;<\/p>\n<p>En story ce samedi 12 juillet, <a href=\"https:\/\/www.public.fr\/ca-ne-m-etait-jamais-arrive-aussi-vite-vianney-pose-avec-son-fils-edgar-et-fait-une-revelation-dingue\" target=\"_blank\" rel=\"noopener\">le papa d&rsquo;Edgar<\/a> a publi\u00e9 une photo de ses mains, mises \u00e0 rude \u00e9preuve par la t\u00e2che qu&rsquo;il a d\u00e9cid\u00e9 d&rsquo;accomplir seul, en pleine nature. \u00ab\u00a0<strong>Aujourd&rsquo;hui, je sors de mon chantier pour aller \u00e0 un \u00e9v\u00e8nement<\/strong> pour lequel je me suis engag\u00e9 il y a plusieurs mois. Incroyable de revenir \u00e0 cette vie pour 24 heures. J&rsquo;ai h\u00e2te de vous expliquer o\u00f9 j&rsquo;en suis\u00a0\u00bb a d\u00e9clar\u00e9 le chanteur.<\/p>\n<p>Comme le r\u00e9v\u00e8lent ses mains, la t\u00e2che est p\u00e9rilleuse&#8230; Remplies d&rsquo;ampoules aux extr\u00e9mit\u00e9s de chaque doigts, \u00e9reint\u00e9es, avec quelques petites taches de sang par ci par l\u00e0, <strong>Vianney vit sa nouvelle vie \u00e0 cent \u00e0 l&rsquo;heure<\/strong> ! Dans quelques mois, cette belle cabane verra le jour, et permettra au chanteur de composer et \u00e9diter de nouvelles chansons qui, pour s\u00fbr, lui assureront de nouveaux grands succ\u00e8s !<\/p>\n<p><img loading=\"lazy\" decoding=\"async\" width=\"577\" height=\"1024\" src=\"https:\/\/www.europesays.com\/fr\/wp-content\/uploads\/2025\/07\/WhatsApp-Image-2025-07-12-at-11.15.04-577x1024.jpeg\" alt=\"Vianney : sa nouvelle vie de charpentier n'est pas sans danger\"  \/><\/p>\n<p>INSTAGRAM VIANNEY<\/p>\n<p>      Mentionn\u00e9s dans cet article<\/p>\n<p>\u00c0 lire aussi<\/p>\n","protected":false},"excerpt":{"rendered":"R\u00e9sum\u00e9 Vianney met sa carri\u00e8re en pause pour construire de ses mains une cabane isol\u00e9e, affrontant blessures et&hellip;\n","protected":false},"author":2,"featured_media":245082,"comment_status":"","ping_status":"","sticky":false,"template":"","format":"standard","meta":{"footnotes":""},"categories":[1355],"tags":[58,59,652,1011,27,1361,873,2742,3074,2528,8475],"class_list":{"0":"post-245081","1":"post","2":"type-post","3":"status-publish","4":"format-standard","5":"has-post-thumbnail","7":"category-musique","8":"tag-divertissement","9":"tag-entertainment","10":"tag-famille","11":"tag-fr","12":"tag-france","13":"tag-music","14":"tag-musique","15":"tag-nature","16":"tag-the-voice","17":"tag-vacances","18":"tag-vianney"},"share_on_mastodon":{"url":"https:\/\/pubeurope.com\/@fr\/114840699154993406","error":""},"_links":{"self":[{"href":"https:\/\/www.europesays.com\/fr\/wp-json\/wp\/v2\/posts\/245081","targetHints":{"allow":["GET"]}}],"collection":[{"href":"https:\/\/www.europesays.com\/fr\/wp-json\/wp\/v2\/posts"}],"about":[{"href":"https:\/\/www.europesays.com\/fr\/wp-json\/wp\/v2\/types\/post"}],"author":[{"embeddable":true,"href":"https:\/\/www.europesays.com\/fr\/wp-json\/wp\/v2\/users\/2"}],"replies":[{"embeddable":true,"href":"https:\/\/www.europesays.com\/fr\/wp-json\/wp\/v2\/comments?post=245081"}],"version-history":[{"count":0,"href":"https:\/\/www.europesays.com\/fr\/wp-json\/wp\/v2\/posts\/245081\/revisions"}],"wp:featuredmedia":[{"embeddable":true,"href":"https:\/\/www.europesays.com\/fr\/wp-json\/wp\/v2\/media\/245082"}],"wp:attachment":[{"href":"https:\/\/www.europesays.com\/fr\/wp-json\/wp\/v2\/media?parent=245081"}],"wp:term":[{"taxonomy":"category","embeddable":true,"href":"https:\/\/www.europesays.com\/fr\/wp-json\/wp\/v2\/categories?post=245081"},{"taxonomy":"post_tag","embeddable":true,"href":"https:\/\/www.europesays.com\/fr\/wp-json\/wp\/v2\/tags?post=245081"}],"curies":[{"name":"wp","href":"https:\/\/api.w.org\/{rel}","templated":true}]}}