{"id":245094,"date":"2025-07-12T14:25:10","date_gmt":"2025-07-12T14:25:10","guid":{"rendered":"https:\/\/www.europesays.com\/fr\/245094\/"},"modified":"2025-07-12T14:25:10","modified_gmt":"2025-07-12T14:25:10","slug":"un-retour-des-sanctions-acterait-la-fin-du-role-de-leurope-dans-le-dossier-du-nucleaire-iranien-avertit-teheran","status":"publish","type":"post","link":"https:\/\/www.europesays.com\/fr\/245094\/","title":{"rendered":"Un retour des sanctions acterait \u00abla fin du r\u00f4le de l\u2019Europe dans le dossier du nucl\u00e9aire iranien\u00bb, avertit T\u00e9h\u00e9ran"},"content":{"rendered":"<p>Le ministre iranien des Affaires \u00e9trang\u00e8res iranien a par ailleurs d\u00e9clar\u00e9 que son pays restait attach\u00e9 \u00e0 une solution diplomatique.<\/p>\n<p class=\"fig-paragraph\">Le chef de la diplomatie iranienne, Abbas Araghchi, a d\u00e9clar\u00e9 ce samedi que la\u00a0<a href=\"http:\/\/www.lefigaro.fr\/international\/nucleaire-les-menaces-de-l-iran-contre-l-aiea-doivent-cesser-estime-berlin-20250629\" data-fig-type=\"NewsFlash\" data-gtm-custom-categorie=\"navigation\" data-gtm-custom-action=\"crossclick\" data-gtm-custom-label=\"Contextuel\" data-gtm-event=\"customEventSPE\" data-fig-domain=\"LEFIGARO\" target=\"_blank\" rel=\"noopener\">coop\u00e9ration entre l&rsquo;Iran et l&rsquo;Agence internationale de l&rsquo;\u00e9nergie atomique<\/a>\u00a0(AIEA) allait prendre \u00abune nouvelle forme\u00bb, moins de trois semaines apr\u00e8s des frappes isra\u00e9liennes et am\u00e9ricaines sur des installations nucl\u00e9aires iraniennes. \u00abNotre coop\u00e9ration avec l&rsquo;Agence ne s&rsquo;est pas interrompue mais elle prendra une nouvelle forme\u00bb, a dit Abbas Araghchi devant des diplomates \u00e9trangers \u00e0 T\u00e9h\u00e9ran, sans en pr\u00e9ciser les contours. Il a par ailleurs affirm\u00e9 que l\u2019Iran n\u00e9gociera seulement sur le nucl\u00e9aire civil, pas sur ses \u00abcapacit\u00e9s militaires\u00bb.<\/p>\n<p class=\"fig-paragraph\">Le ministre a aussi mis en garde contre un retour de sanctions onusiennes visant son programme nucl\u00e9aire. Une clause pr\u00e9vue dans l\u2019accord sur le nucl\u00e9aire de 2015 conclu avec l\u2019Iran &#8212; dont la France, l\u2019Allemagne, le Royaume-Uni sont parties avec la Chine et la Russie &#8212; permet de r\u00e9tablir des sanctions onusiennes contre T\u00e9h\u00e9ran en cas de manquement \u00e0 ses engagements. Si la mesure \u00e9tait adopt\u00e9e, cela \u00absignifierait la fin du r\u00f4le de l\u2019Europe dans le dossier du nucl\u00e9aire iranien\u00bb, Abbas Araghchi.<\/p>\n<p>                                    <a class=\"fig-a11y-skip a11y-hidden\" href=\"#fig-a11y-skip-main-inarticle\"><br \/>\n        Passer la publicit\u00e9<br \/>\n    <\/a><\/p>\n<p>\u00c9ventuelle reprise des pourparlers avec les \u00c9tats-Unis<\/p>\n<p class=\"fig-paragraph\">L&rsquo;Iran, qui tient en partie responsable l&rsquo;AIEA des frappes isra\u00e9liennes et am\u00e9ricaines en juin contre ses installations nucl\u00e9aires, a officiellement suspendu d\u00e9but juillet toute coop\u00e9ration avec le gendarme onusien du nucl\u00e9aire, apr\u00e8s un vote au parlement quelques jours plus t\u00f4t.<\/p>\n<p class=\"fig-paragraph\">Le ministre iranien a par ailleurs d\u00e9clar\u00e9 que son pays restait attach\u00e9 \u00e0 une solution diplomatique sur la question du nucl\u00e9aire iranien. \u00abLa R\u00e9publique islamique d\u2019Iran reste dispos\u00e9e \u00e0 instaurer cette confiance par la diplomatie mais, avant cela, nos homologues doivent nous convaincre qu\u2019ils souhaitent la diplomatie et non [que cette derni\u00e8re ne] serve \u00e0 masquer d\u2019autres objectifs\u00bb, a indiqu\u00e9 Abbas Araghchi.<\/p>\n<p class=\"fig-paragraph\">Le ministre a ainsi indiqu\u00e9 \u00e9tudier les d\u00e9tails en vue d\u2019une \u00e9ventuelle reprise des pourparlers sur son programme nucl\u00e9aire avec les \u00c9tats-Unis. \u00abNous examinons le calendrier, le lieu, la forme, le contenu et les garanties requises\u00bb par l\u2019Iran pour d\u2019\u00e9ventuelles n\u00e9gociations, a d\u00e9clar\u00e9 le chef de la diplomatie iranienne, principal n\u00e9gociateur c\u00f4t\u00e9 iranien. T\u00e9h\u00e9ran et Washington \u00e9taient engag\u00e9s depuis avril dans des pourparlers, mais deux jours avant une nouvelle rencontre pr\u00e9vue \u00e0 Oman, Isra\u00ebl, alli\u00e9 des \u00c9tats-Unis, a d\u00e9clench\u00e9 par surprise le 13 juin une attaque contre l\u2019Iran et ses installations nucl\u00e9aires.<\/p>\n","protected":false},"excerpt":{"rendered":"Le ministre iranien des Affaires \u00e9trang\u00e8res iranien a par ailleurs d\u00e9clar\u00e9 que son pays restait attach\u00e9 \u00e0 une&hellip;\n","protected":false},"author":2,"featured_media":245095,"comment_status":"","ping_status":"","sticky":false,"template":"","format":"standard","meta":{"footnotes":""},"categories":[5],"tags":[11,1011,27,14,3019,12,5654,28],"class_list":{"0":"post-245094","1":"post","2":"type-post","3":"status-publish","4":"format-standard","5":"has-post-thumbnail","7":"category-international","8":"tag-actualites","9":"tag-fr","10":"tag-france","11":"tag-international","12":"tag-iran","13":"tag-news","14":"tag-nucleaire","15":"tag-world"},"share_on_mastodon":{"url":"https:\/\/pubeurope.com\/@fr\/114840726758996893","error":""},"_links":{"self":[{"href":"https:\/\/www.europesays.com\/fr\/wp-json\/wp\/v2\/posts\/245094","targetHints":{"allow":["GET"]}}],"collection":[{"href":"https:\/\/www.europesays.com\/fr\/wp-json\/wp\/v2\/posts"}],"about":[{"href":"https:\/\/www.europesays.com\/fr\/wp-json\/wp\/v2\/types\/post"}],"author":[{"embeddable":true,"href":"https:\/\/www.europesays.com\/fr\/wp-json\/wp\/v2\/users\/2"}],"replies":[{"embeddable":true,"href":"https:\/\/www.europesays.com\/fr\/wp-json\/wp\/v2\/comments?post=245094"}],"version-history":[{"count":0,"href":"https:\/\/www.europesays.com\/fr\/wp-json\/wp\/v2\/posts\/245094\/revisions"}],"wp:featuredmedia":[{"embeddable":true,"href":"https:\/\/www.europesays.com\/fr\/wp-json\/wp\/v2\/media\/245095"}],"wp:attachment":[{"href":"https:\/\/www.europesays.com\/fr\/wp-json\/wp\/v2\/media?parent=245094"}],"wp:term":[{"taxonomy":"category","embeddable":true,"href":"https:\/\/www.europesays.com\/fr\/wp-json\/wp\/v2\/categories?post=245094"},{"taxonomy":"post_tag","embeddable":true,"href":"https:\/\/www.europesays.com\/fr\/wp-json\/wp\/v2\/tags?post=245094"}],"curies":[{"name":"wp","href":"https:\/\/api.w.org\/{rel}","templated":true}]}}