{"id":245098,"date":"2025-07-12T14:27:13","date_gmt":"2025-07-12T14:27:13","guid":{"rendered":"https:\/\/www.europesays.com\/fr\/245098\/"},"modified":"2025-07-12T14:27:13","modified_gmt":"2025-07-12T14:27:13","slug":"south-park-ne-sera-plus-disponible-en-streaming-en-france-a-la-fin-du-week-end-voici-pourquoi","status":"publish","type":"post","link":"https:\/\/www.europesays.com\/fr\/245098\/","title":{"rendered":"\u00ab\u00a0South Park\u00a0\u00bb ne sera plus disponible en streaming en France \u00e0 la fin du week-end, voici pourquoi"},"content":{"rendered":"<p>        <img decoding=\"async\" loading=\"lazy\" src=\"https:\/\/www.europesays.com\/fr\/wp-content\/uploads\/2025\/07\/db01ba0_1658619176799-610ceb8c3b00007791ece15c.jpg\"  width=\"728\" height=\"410\" alt=\"Les personnages de la s\u00e9rie South Park.\"\/>  <\/p>\n<p>Copyright FR_tmdb \/ Serie South Park &#8211; Saison 15<\/p>\n<p>Les personnages de la s\u00e9rie South Park.<\/p>\n<p class=\"asset asset-text\">S\u00c9RIES TV &#8211; Vous n\u2019avez (vraiment) plus beaucoup de temps pour suivre les aventures de Cartman, Kenny et Kyle\u2026 <a href=\"https:\/\/www.huffingtonpost.fr\/insolite\/article\/lizzo-mentionnee-dans-un-episode-de-south-park-sur-l-obesite-et-ca-lui-a-plu_234556.html\" rel=\"nofollow noopener\" target=\"_blank\">South Park<\/a> ne sera plus disponible sur les plateformes l\u00e9gales de streaming en France \u00e0 partir de la fin du week-end. \u00ab\u00a0Disponible jusqu\u2019\u00e0 demain 23h59\u00a0\u00bb, peut-on lire ce samedi 12\u00a0juillet sur l\u2019application myCanal. Un message similaire est affich\u00e9 par Amazon Prime Vid\u00e9o qui, comme <a href=\"https:\/\/www.huffingtonpost.fr\/medias\/article\/canal-explique-pourquoi-vous-ne-trouvez-plus-ses-chaines-sur-la-tnt_251026.html\" rel=\"nofollow noopener\" target=\"_blank\">Canal+<\/a>, donnait acc\u00e8s \u00e0 la s\u00e9rie via la plateforme Paramount+.<\/p>\n<p class=\"asset asset-text\">La France n\u2019est pas seul pays qui devra se passer de South Park en streaming l\u00e9gal. Le programme \u00e9t\u00e9 retir\u00e9 de Paramount+ partout en dehors des \u00c9tats-Unis, a confirm\u00e9 <a href=\"https:\/\/www.hollywoodreporter.com\/news\/general-news\/south-park-removed-from-paramount-outside-u-s-1236312571\/\" target=\"_blank\" rel=\"noopener nofollow\" title=\"Nouvelle fen\u00eatre\">The Hollywood Reporter<\/a> dans un article publi\u00e9 vendredi. En cause\u00a0: une \u00ab\u00a0bataille sur les droits de streaming\u00a0\u00bb entre Tray Parker et Matt Stone, les cr\u00e9ateurs de la s\u00e9rie, et Paramount Global, la soci\u00e9t\u00e9 m\u00e8re des plateformes Paramount+ et de Comedy Central o\u00f9 \u00e9tait diffus\u00e9e South Park.<\/p>\n<p class=\"asset asset-text\">Les droits de diffusion \u00e0 l\u2019international de Paramount ont expir\u00e9, explique le The Hollywood Reporter, pr\u00e9cisant que des n\u00e9gociations sont en cours pour tenter de r\u00e9gler le probl\u00e8me. Pour le moment, les fans de South Park devront se contenter des \u00e9missions sp\u00e9ciales d\u00e9clin\u00e9es de la s\u00e9rie qui sont toujours accessibles via Paramount+ et Comedy Central.<\/p>\n<p>    Le groupe Paramount accus\u00e9 de saboter des n\u00e9gociations    <\/p>\n<p class=\"asset asset-text\">Le conflit entre Park County \u2013 la soci\u00e9t\u00e9 de Tray Parker et Matt Stone \u2013 et <a href=\"https:\/\/www.huffingtonpost.fr\/international\/article\/paramount-va-verser-16-millions-de-dollars-a-donald-trump-pour-solder-un-differend-sur-la-campagne_252095.html\" rel=\"nofollow noopener\" target=\"_blank\">Paramount<\/a> a d\u00e9j\u00e0 conduit au report de la saison 27\u00a0dont le premier \u00e9pisode devrait sortir le 23\u00a0juillet prochain \u2013 et non le 9\u00a0juillet comme pr\u00e9vu initialement. Les cr\u00e9ateurs de South Park reprochent \u00e0 Jeff Shell, le futur pr\u00e9sident de Paramount Global, d\u2019emp\u00eacher leurs n\u00e9gociations pour les droits de streaming avec Warner Bros. Discovery (WBD) et Netflix.<\/p>\n<p class=\"asset asset-text\">Comme l\u2019a r\u00e9sum\u00e9 le site am\u00e9ricain <a href=\"https:\/\/www.vulture.com\/article\/south-park-paramount-comedy-central-trey-parker-matt-stone-feud.html#:~:text=Among%20their%20claims%3A%20Paramount%20Global,window%20of%20exclusivity%20on%20Paramount%2B.\" target=\"_blank\" rel=\"noopener nofollow\" title=\"Nouvelle fen\u00eatre\">Vulture<\/a>, Tray Parker et Matt Stone accusent Jeff Shell de pousser les plateformes de streaming concurrentes \u00e0 accepter un accord pour la diffusion de South Park qui serait plus court, limit\u00e9 aux nouvelles saisons et qui serait pr\u00e9c\u00e9d\u00e9 d\u2019une p\u00e9riode de 12\u00a0mois de diffusion exclusive sur Paramount+.<\/p>\n<p class=\"asset asset-text\">Une proposition de deal qui a d\u00e9plu aux cr\u00e9ateurs de South Park\u00a0: l\u2019avocat de leur soci\u00e9t\u00e9 Park County a estim\u00e9 dans une lettre que Jeff Shell cherchait \u00e0 \u00ab\u00a0avantager Paramount\u00a0\u00bb \u00e0 leurs \u00ab\u00a0d\u00e9pens\u00a0\u00bb en g\u00eanant les n\u00e9gociations avec WBD et Netflix. \u00ab\u00a0Nous exigeons par la pr\u00e9sente [lettre]\u00a0\u00bb que vous \u00ab\u00a0mettiez imm\u00e9diatement fin \u00e0 votre ing\u00e9rence\u00a0\u00bb, est-il \u00e9crit, \u00ab\u00a0si ces activit\u00e9s se poursuivent, nous n\u2019aurons d\u2019autre choix que d\u2019agir pour prot\u00e9ger nos droits et nous acquitter de nos obligations envers le public\u00a0\u00bb.<\/p>\n<p class=\"asset asset-text\">De son c\u00f4t\u00e9, l\u2019entreprise Skydance, qui doit prochainement fusionner avec Paramount Global, a publi\u00e9 un communiqu\u00e9 affirmant qu\u2019elle a \u00ab\u00a0le droit d\u2019approuver les contrats importants\u00a0\u00bb comme celui avec WBD et Netflix. Paramount dispose encore de deux ans sur son contrat de 900\u00a0millions de dollars pour les \u00ab\u00a0droits num\u00e9riques\u00a0\u00bb de South Park.<\/p>\n","protected":false},"excerpt":{"rendered":"Copyright FR_tmdb \/ Serie South Park &#8211; Saison 15 Les personnages de la s\u00e9rie South Park. S\u00c9RIES TV&hellip;\n","protected":false},"author":2,"featured_media":245099,"comment_status":"","ping_status":"","sticky":false,"template":"","format":"standard","meta":{"footnotes":""},"categories":[2],"tags":[11,11776,1419,251,1011,27,12,595,38497,128],"class_list":{"0":"post-245098","1":"post","2":"type-post","3":"status-publish","4":"format-standard","5":"has-post-thumbnail","7":"category-actualites","8":"tag-actualites","9":"tag-amazon-prime","10":"tag-canal-plus","11":"tag-culture","12":"tag-fr","13":"tag-france","14":"tag-news","15":"tag-serie-tv","16":"tag-south-park","17":"tag-streaming"},"share_on_mastodon":{"url":"https:\/\/pubeurope.com\/@fr\/114840734537137819","error":""},"_links":{"self":[{"href":"https:\/\/www.europesays.com\/fr\/wp-json\/wp\/v2\/posts\/245098","targetHints":{"allow":["GET"]}}],"collection":[{"href":"https:\/\/www.europesays.com\/fr\/wp-json\/wp\/v2\/posts"}],"about":[{"href":"https:\/\/www.europesays.com\/fr\/wp-json\/wp\/v2\/types\/post"}],"author":[{"embeddable":true,"href":"https:\/\/www.europesays.com\/fr\/wp-json\/wp\/v2\/users\/2"}],"replies":[{"embeddable":true,"href":"https:\/\/www.europesays.com\/fr\/wp-json\/wp\/v2\/comments?post=245098"}],"version-history":[{"count":0,"href":"https:\/\/www.europesays.com\/fr\/wp-json\/wp\/v2\/posts\/245098\/revisions"}],"wp:featuredmedia":[{"embeddable":true,"href":"https:\/\/www.europesays.com\/fr\/wp-json\/wp\/v2\/media\/245099"}],"wp:attachment":[{"href":"https:\/\/www.europesays.com\/fr\/wp-json\/wp\/v2\/media?parent=245098"}],"wp:term":[{"taxonomy":"category","embeddable":true,"href":"https:\/\/www.europesays.com\/fr\/wp-json\/wp\/v2\/categories?post=245098"},{"taxonomy":"post_tag","embeddable":true,"href":"https:\/\/www.europesays.com\/fr\/wp-json\/wp\/v2\/tags?post=245098"}],"curies":[{"name":"wp","href":"https:\/\/api.w.org\/{rel}","templated":true}]}}