{"id":245100,"date":"2025-07-12T14:28:11","date_gmt":"2025-07-12T14:28:11","guid":{"rendered":"https:\/\/www.europesays.com\/fr\/245100\/"},"modified":"2025-07-12T14:28:11","modified_gmt":"2025-07-12T14:28:11","slug":"les-lumieres-de-la-fete-nationale-sallumeront-bien-ce-dimanche-13-juillet","status":"publish","type":"post","link":"https:\/\/www.europesays.com\/fr\/245100\/","title":{"rendered":"les lumi\u00e8res de la F\u00eate nationale s\u2019allumeront bien ce dimanche 13\u00a0juillet"},"content":{"rendered":"<p>La tradition est fid\u00e8lement ancr\u00e9e depuis plusieurs ann\u00e9es \u00e0 Saint-Chamond\u00a0: les concerts et feux d\u2019artifice de la F\u00eate nationale sont bien programm\u00e9s dimanche 13\u00a0juillet par le comit\u00e9 des f\u00eates de la cit\u00e9 couramiaude.<\/p>\n<p>Rendez-vous est donn\u00e9 pour la soir\u00e9e enti\u00e8rement gratuite sur l\u2019esplanade Simone-Veil de Novaci\u00e9ries ce dimanche \u00e0 partir de 20 heures.<\/p>\n<p>La pr\u00e9sentation des candidates \u00e0 l\u2019\u00e9lection des Miss ouvrira la soir\u00e9e. Elle sera suivie d\u2019un concert multi-artistes des succ\u00e8s des Ann\u00e9es 80 sur le grand podium dress\u00e9 pour l\u2019occasion.<\/p>\n<p>\u00c0 partir de 23\u00a0h\u00a000, le traditionnel spectacle pyrotechnique illuminera le ciel avec les feux d\u2019artifice lanc\u00e9s depuis le viaduc de Novaci\u00e9ries.<\/p>\n<p class=\"note\">Comit\u00e9 des f\u00eates\u00a0: 04.77.19.63.98<\/p>\n","protected":false},"excerpt":{"rendered":"La tradition est fid\u00e8lement ancr\u00e9e depuis plusieurs ann\u00e9es \u00e0 Saint-Chamond\u00a0: les concerts et feux d\u2019artifice de la F\u00eate&hellip;\n","protected":false},"author":2,"featured_media":245101,"comment_status":"","ping_status":"","sticky":false,"template":"","format":"standard","meta":{"footnotes":""},"categories":[9653],"tags":[1111,11,2430,7539,1777,674,1011,27,12,25,9669,9670,4001,104],"class_list":{"0":"post-245100","1":"post","2":"type-post","3":"status-publish","4":"format-standard","5":"has-post-thumbnail","7":"category-saint-etienne","8":"tag-actu","9":"tag-actualites","10":"tag-auvergne-rhone-alpes","11":"tag-edition-loire-sud","12":"tag-eu","13":"tag-europe","14":"tag-fr","15":"tag-france","16":"tag-news","17":"tag-republique-francaise","18":"tag-saint-chamond","19":"tag-saint-chamond-ville","20":"tag-saint-etienne","21":"tag-societe"},"share_on_mastodon":{"url":"https:\/\/pubeurope.com\/@fr\/114840738660565519","error":""},"_links":{"self":[{"href":"https:\/\/www.europesays.com\/fr\/wp-json\/wp\/v2\/posts\/245100","targetHints":{"allow":["GET"]}}],"collection":[{"href":"https:\/\/www.europesays.com\/fr\/wp-json\/wp\/v2\/posts"}],"about":[{"href":"https:\/\/www.europesays.com\/fr\/wp-json\/wp\/v2\/types\/post"}],"author":[{"embeddable":true,"href":"https:\/\/www.europesays.com\/fr\/wp-json\/wp\/v2\/users\/2"}],"replies":[{"embeddable":true,"href":"https:\/\/www.europesays.com\/fr\/wp-json\/wp\/v2\/comments?post=245100"}],"version-history":[{"count":0,"href":"https:\/\/www.europesays.com\/fr\/wp-json\/wp\/v2\/posts\/245100\/revisions"}],"wp:featuredmedia":[{"embeddable":true,"href":"https:\/\/www.europesays.com\/fr\/wp-json\/wp\/v2\/media\/245101"}],"wp:attachment":[{"href":"https:\/\/www.europesays.com\/fr\/wp-json\/wp\/v2\/media?parent=245100"}],"wp:term":[{"taxonomy":"category","embeddable":true,"href":"https:\/\/www.europesays.com\/fr\/wp-json\/wp\/v2\/categories?post=245100"},{"taxonomy":"post_tag","embeddable":true,"href":"https:\/\/www.europesays.com\/fr\/wp-json\/wp\/v2\/tags?post=245100"}],"curies":[{"name":"wp","href":"https:\/\/api.w.org\/{rel}","templated":true}]}}