{"id":245103,"date":"2025-07-12T14:32:12","date_gmt":"2025-07-12T14:32:12","guid":{"rendered":"https:\/\/www.europesays.com\/fr\/245103\/"},"modified":"2025-07-12T14:32:12","modified_gmt":"2025-07-12T14:32:12","slug":"lattaquant-patrick-ouotro-attendu-a-nancy-alsasports","status":"publish","type":"post","link":"https:\/\/www.europesays.com\/fr\/245103\/","title":{"rendered":"L&rsquo;attaquant Patrick Ouotro attendu \u00e0 Nancy \u2014 Alsa&rsquo;Sports"},"content":{"rendered":"<p><strong>En manque de temps de jeu au Racing, l\u2019attaquant ivoirien Patrick Ouotro (19 ans) est sur le point de s\u2019engager avec l\u2019AS Nancy-Lorraine pour quatre ans. <\/strong><\/p>\n<p>L\u2019attaquant ivoirien Patrick Ouotro (19 ans) va quitter le Racing Club de Strasbourg et rejoindre le club voisin de l\u2019AS Nancy-Lorraine, promu en Ligue 2. En manque de temps de jeu en Alsace, Ouotro s\u2019appr\u00eate \u00e0 signer en Lorraine pour quatre saisons. <\/p>\n<p>Patrick Ouotro avait d\u00e9barqu\u00e9 en Alsace en janvier 2024 pour 4 ans en provenance du LYS Sassandra en premi\u00e8re division ivoirienne, o\u00f9 l\u2019attaquant avait \u00e9t\u00e9 \u00e9lu meilleur espoir. Il n\u2019aura obtenu qu\u2019une seule apparition officielle au Racing, lors d\u2019une d\u00e9faite \u00e0 Lyon (2-1) \u00e0 la 34\u00e8me journ\u00e9e de la saison 2023\/2024. Ouotro a ensuite \u00e9t\u00e9 pr\u00eat\u00e9 la saison derni\u00e8re \u00e0 Martigues d\u2019ao\u00fbt \u00e0 d\u00e9cembre 2024 (13 matches de Ligue 2), puis \u00e0 Seraing en Belgique de f\u00e9vrier jusqu\u2019en fin de saison (8 matches de Challenger Pro League, 3 buts). Les plus attentifs se souviendront s\u00fbrement de son unique but \u00e0 Strasbourg lors d\u2019un match amical contre Munich 1860 le 4 juillet 2024 \u00e0 la DANA Arena de Windischgarsten en Autriche (d\u00e9faite 2-1). <\/p>\n","protected":false},"excerpt":{"rendered":"En manque de temps de jeu au Racing, l\u2019attaquant ivoirien Patrick Ouotro (19 ans) est sur le point&hellip;\n","protected":false},"author":2,"featured_media":245104,"comment_status":"","ping_status":"","sticky":false,"template":"","format":"standard","meta":{"footnotes":""},"categories":[9635],"tags":[1111,11,1777,674,63,1011,27,775,1702,12,4448,25],"class_list":{"0":"post-245103","1":"post","2":"type-post","3":"status-publish","4":"format-standard","5":"has-post-thumbnail","7":"category-nancy","8":"tag-actu","9":"tag-actualites","10":"tag-eu","11":"tag-europe","12":"tag-football","13":"tag-fr","14":"tag-france","15":"tag-grand-est","16":"tag-nancy","17":"tag-news","18":"tag-rc-strasbourg","19":"tag-republique-francaise"},"share_on_mastodon":{"url":"https:\/\/pubeurope.com\/@fr\/114840754132192696","error":""},"_links":{"self":[{"href":"https:\/\/www.europesays.com\/fr\/wp-json\/wp\/v2\/posts\/245103","targetHints":{"allow":["GET"]}}],"collection":[{"href":"https:\/\/www.europesays.com\/fr\/wp-json\/wp\/v2\/posts"}],"about":[{"href":"https:\/\/www.europesays.com\/fr\/wp-json\/wp\/v2\/types\/post"}],"author":[{"embeddable":true,"href":"https:\/\/www.europesays.com\/fr\/wp-json\/wp\/v2\/users\/2"}],"replies":[{"embeddable":true,"href":"https:\/\/www.europesays.com\/fr\/wp-json\/wp\/v2\/comments?post=245103"}],"version-history":[{"count":0,"href":"https:\/\/www.europesays.com\/fr\/wp-json\/wp\/v2\/posts\/245103\/revisions"}],"wp:featuredmedia":[{"embeddable":true,"href":"https:\/\/www.europesays.com\/fr\/wp-json\/wp\/v2\/media\/245104"}],"wp:attachment":[{"href":"https:\/\/www.europesays.com\/fr\/wp-json\/wp\/v2\/media?parent=245103"}],"wp:term":[{"taxonomy":"category","embeddable":true,"href":"https:\/\/www.europesays.com\/fr\/wp-json\/wp\/v2\/categories?post=245103"},{"taxonomy":"post_tag","embeddable":true,"href":"https:\/\/www.europesays.com\/fr\/wp-json\/wp\/v2\/tags?post=245103"}],"curies":[{"name":"wp","href":"https:\/\/api.w.org\/{rel}","templated":true}]}}