{"id":245109,"date":"2025-07-12T14:37:11","date_gmt":"2025-07-12T14:37:11","guid":{"rendered":"https:\/\/www.europesays.com\/fr\/245109\/"},"modified":"2025-07-12T14:37:11","modified_gmt":"2025-07-12T14:37:11","slug":"une-boisson-au-milieu-des-plantes-un-cafe-jardinerie-inedit-ouvre-en-centre-ville-de-rouen-a-la-rentree","status":"publish","type":"post","link":"https:\/\/www.europesays.com\/fr\/245109\/","title":{"rendered":"Une boisson au milieu des plantes ? Un caf\u00e9 jardinerie in\u00e9dit ouvre en centre-ville de Rouen \u00e0 la rentr\u00e9e"},"content":{"rendered":"<p>            Par<br \/>\n        <strong><br \/>\n            <a href=\"https:\/\/actu.fr\/auteur\/adrien-tisserand\" title=\"Consulter tous les articles de Adrien Tisserand\" target=\"_blank\" rel=\"noopener\">Adrien Tisserand<\/a><br \/>\n        <\/strong><\/p>\n<p>        Publi\u00e9 le<\/p>\n<p>            12 juil. 2025 \u00e0 15h42        <\/p>\n<p><img decoding=\"async\" loading=\"lazy\" src=\"https:\/\/www.europesays.com\/fr\/wp-content\/uploads\/2025\/07\/coffee-shop-plantes-960x640.jpg\" alt=\"Migueline Lemesle, \u00e0 l'emplacement de son futur caf\u00e9 jardinerie, au 42 rue Cauchoise, \u00e0 Rouen. \" width=\"960\" height=\"640\"\/>Migueline Lemesle, devant l\u2019emplacement de son futur caf\u00e9 jardinerie, au 42 rue Cauchoise, \u00e0 Rouen (Seine-Maritime). (\u00a9Migueline Lemesle)<\/p>\n<p class=\" wall-content\">Migueline Lemesle vit ses derniers instants au Quartier Libre de <a href=\"https:\/\/actu.fr\/normandie\/rouen_76540\" target=\"_blank\" rel=\"noopener\">Rouen (Seine-Maritime)<\/a>. Sa jardinerie, <strong>Mimimosa<\/strong>, situ\u00e9e dans un grand conteneur en m\u00e9tal, fermera le 17\u00a0juillet. Une fermeture qui cache en r\u00e9alit\u00e9 une expansion\u2009: elle va d\u00e9m\u00e9nager \u00e0 la rentr\u00e9e prochaine, rue Cauchoise, en plein centre-ville de Rouen, pour proposer un concept novateur.<\/p>\n<p>Des \u00e9tudes loin du monde v\u00e9g\u00e9tal<\/p>\n<p class=\" wall-content\">Depuis trois ans, Migueline Lemesle g\u00e8re sa jardinerie seule. Elle y vend surtout des<strong> plantes d\u2019int\u00e9rieur<\/strong>, mais aussi des plantes tropicales et des accessoires, comme des cache-pots. La jardinerie Mimimosa est <strong>n\u00e9e en 2022, <\/strong>alors qu\u2019elle travaillait d\u00e9j\u00e0 depuis un an comme employ\u00e9e chez Plantes and Stories, \u00e0 la friche Lucien (actuel Quartier Libre).<\/p>\n<p class=\" wall-content\">\u00ab\u2009Apr\u00e8s mes <strong>\u00e9tudes de droit<\/strong>, j\u2019ai voulu travailler dans des ONG, mais je ne voulais pas refaire d\u2019\u00e9tudes\u2009\u00bb, explique-t-elle. \u00ab\u2009J\u2019ai donc <strong>enchain\u00e9 les petits boulots<\/strong>, notamment dans la vente de v\u00eatements ou de bijoux. Un jour, j\u2019ai vu une annonce pour tenir un container, j\u2019ai postul\u00e9 et j\u2019ai \u00e9t\u00e9 prise.\u2009\u00bb<\/p>\n<p>Le premier caf\u00e9 jardinerie de Rouen<\/p>\n<p class=\" wall-content\">Elle a maintenant d\u00e9cid\u00e9 de se r\u00e9inventer en ouvrant un <strong>coffee plant<\/strong>. L\u2019id\u00e9e est simple\u2009: un lieu alliant la vente de plantes, qui reste sa passion, et un bar o\u00f9 prendre le caf\u00e9. La native de <a href=\"https:\/\/actu.fr\/normandie\/fecamp_76259\" target=\"_blank\" rel=\"noopener\">F\u00e9camp<\/a> d\u00e9taille ce choix\u2009: \u00ab\u2009Les gens qui viennent me voir \u00e0 la jardinerie aimeraient pouvoir rester plus longtemps au milieu des plantes et profiter vraiment du lieu\u2009\u00bb.<\/p>\n<p>Vid\u00e9os : en ce moment sur Actu<\/p>\n<p class=\" wall-content\">Ce caf\u00e9 jardinerie verra le jour \u00e0 la rentr\u00e9e, <strong>le 5\u00a0septembre<\/strong> exactement. Le futur commerce est encore <strong>en travaux<\/strong>\u2009: \u00ab\u2009La boutique est vide pour l\u2019instant. On a cass\u00e9 ce qu\u2019il fallait casser, il nous reste encore des travaux \u00e0 faire la semaine prochaine, ma famille et mes amis m\u2019aident pour cela\u2009\u00bb. Elle d\u00e9taille l\u2019avancement du projet sur ses <strong>r\u00e9seaux sociaux<\/strong>, notamment Instagram et Facebook.<\/p>\n<p>    <a href=\"https:\/\/www.facebook.com\/plugins\/video.php?height=476&amp;href=https%3A%2F%2Fwww.facebook.com%2Freel%2F608583992317430%2F&amp;show_text=false&amp;width=350&amp;t=0\" title=\"Ouvrie le lien\" target=\"_blank\" rel=\"noopener\">Cliquez ici pour visualiser le contenu<\/a><\/p>\n<p class=\" wall-content\">L\u2019auto-entrepreneuse rouennaise a d\u00e9cid\u00e9 cette fois de s\u2019entourer d\u2019une <strong>barista<\/strong><strong>,<\/strong> pour le caf\u00e9, et d\u2019une <strong>graphiste.\u00a0<\/strong>Le coffee plant est en partie financ\u00e9 par une <a href=\"https:\/\/fr.ulule.com\/coffee-plants\/\" target=\"_blank\" rel=\"noopener\">cagnotte Ulule<\/a>, ouverte jusqu\u2019au 14\u00a0juillet. Cette cagnotte a franchi un premier palier, suffisant selon Migueline. Il lui manque toutefois 800\u00a0euros pour pouvoir repeindre la fa\u00e7ade en jaune. Une id\u00e9e qui s\u2019inscrit dans la volont\u00e9 d\u2019en faire un lieu <strong>color\u00e9.<\/strong><\/p>\n<p>Une carte r\u00e9duite de produits locaux<\/p>\n<p class=\" wall-content\">Au futur caf\u00e9, il n\u2019y aura pas de sodas am\u00e9ricains, mais plut\u00f4t des th\u00e9s glac\u00e9s ou du bissap maison. Pour ce qui est des boissons chaudes, seront servis bien s\u00fbr des caf\u00e9s de sp\u00e9cialit\u00e9, mais aussi du matcha, du latte et de la <strong>chicor\u00e9e<\/strong>, ch\u00e8re \u00e0 la propri\u00e9taire des lieux\u2009: \u00ab\u2009Elle nous vient d\u2019un producteur du nord de la France, c\u2019est tr\u00e8s bon pour la sant\u00e9 et pas du tout caf\u00e9in\u00e9.\u2009\u00bb<\/p>\n<p class=\" wall-content\">En plus de la vente de plantes et du caf\u00e9, Migueline proposera des<strong> ateliers cr\u00e9atifs<\/strong>, sur inscription, comme des terrariums ou de l\u2019initiation au crochet, \u00ab\u2009toujours pour rester dans l\u2019id\u00e9e des ann\u00e9es \u201970\u2009\u00bb, selon elle.<\/p>\n<p>Suivez l\u2019actualit\u00e9 de Rouen <a href=\"https:\/\/www.whatsapp.com\/channel\/0029VaKfnf99hXF2ddApFB1D\" target=\"_blank\" rel=\"noopener\">sur notre cha\u00eene WhatsApp<\/a> et <a href=\"https:\/\/www.tiktok.com\/@76actu.fr?lang=fr\" target=\"_blank\" rel=\"noopener\">sur notre compte TikTok<\/a><\/p>\n<p class=\" wall-content\">Suivez toute l\u2019actualit\u00e9 de vos villes et m\u00e9dias favoris en vous inscrivant \u00e0 <a href=\"https:\/\/moncompte.actu.fr\" title=\"D\u00e9couvez Mon Actu\" rel=\"nofollow noopener\" data-trk=\"{&quot;cta&quot;:{&quot;action&quot;:&quot;https:\\\/\\\/moncompte.actu.fr&quot;,&quot;category&quot;:&quot;mon compte&quot;,&quot;from&quot;:&quot;article footer&quot;,&quot;name&quot;:&quot;Mon actu&quot;,&quot;type&quot;:&quot;cta&quot;}}\" target=\"_blank\">Mon Actu<\/a>.<\/p>\n<p>                    <script async src=\"\/\/www.tiktok.com\/embed.js\"><\/script><\/p>\n","protected":false},"excerpt":{"rendered":"Par Adrien Tisserand Publi\u00e9 le 12 juil. 2025 \u00e0 15h42 Migueline Lemesle, devant l\u2019emplacement de son futur caf\u00e9&hellip;\n","protected":false},"author":2,"featured_media":245110,"comment_status":"","ping_status":"","sticky":false,"template":"","format":"standard","meta":{"footnotes":""},"categories":[9587],"tags":[1111,11,1777,674,1011,27,1652,12,5161,3147,25,9590],"class_list":{"0":"post-245109","1":"post","2":"type-post","3":"status-publish","4":"format-standard","5":"has-post-thumbnail","7":"category-rouen","8":"tag-actu","9":"tag-actualites","10":"tag-eu","11":"tag-europe","12":"tag-fr","13":"tag-france","14":"tag-loisirs-culture","15":"tag-news","16":"tag-normandie","17":"tag-nouveaux-commerces","18":"tag-republique-francaise","19":"tag-rouen"},"share_on_mastodon":{"url":"https:\/\/pubeurope.com\/@fr\/114840773823136308","error":""},"_links":{"self":[{"href":"https:\/\/www.europesays.com\/fr\/wp-json\/wp\/v2\/posts\/245109","targetHints":{"allow":["GET"]}}],"collection":[{"href":"https:\/\/www.europesays.com\/fr\/wp-json\/wp\/v2\/posts"}],"about":[{"href":"https:\/\/www.europesays.com\/fr\/wp-json\/wp\/v2\/types\/post"}],"author":[{"embeddable":true,"href":"https:\/\/www.europesays.com\/fr\/wp-json\/wp\/v2\/users\/2"}],"replies":[{"embeddable":true,"href":"https:\/\/www.europesays.com\/fr\/wp-json\/wp\/v2\/comments?post=245109"}],"version-history":[{"count":0,"href":"https:\/\/www.europesays.com\/fr\/wp-json\/wp\/v2\/posts\/245109\/revisions"}],"wp:featuredmedia":[{"embeddable":true,"href":"https:\/\/www.europesays.com\/fr\/wp-json\/wp\/v2\/media\/245110"}],"wp:attachment":[{"href":"https:\/\/www.europesays.com\/fr\/wp-json\/wp\/v2\/media?parent=245109"}],"wp:term":[{"taxonomy":"category","embeddable":true,"href":"https:\/\/www.europesays.com\/fr\/wp-json\/wp\/v2\/categories?post=245109"},{"taxonomy":"post_tag","embeddable":true,"href":"https:\/\/www.europesays.com\/fr\/wp-json\/wp\/v2\/tags?post=245109"}],"curies":[{"name":"wp","href":"https:\/\/api.w.org\/{rel}","templated":true}]}}