{"id":245117,"date":"2025-07-12T14:44:11","date_gmt":"2025-07-12T14:44:11","guid":{"rendered":"https:\/\/www.europesays.com\/fr\/245117\/"},"modified":"2025-07-12T14:44:11","modified_gmt":"2025-07-12T14:44:11","slug":"bischheim-un-engin-agricole-prend-feu-cinq-hectares-partent-en-fumee","status":"publish","type":"post","link":"https:\/\/www.europesays.com\/fr\/245117\/","title":{"rendered":"Bischheim. Un engin agricole prend feu, cinq hectares partent en fum\u00e9e"},"content":{"rendered":"<p>Les pompiers sont intervenus au fond de l\u2019impasse de la rue de Lampertheim, \u00e0 Bischheim, pour un feu d\u2019engin agricole dans un champ de bl\u00e9, ce samedi 12\u00a0juillet vers 14\u00a0h\u00a010.<\/p>\n<p>Ce contenu est bloqu\u00e9 car vous n&rsquo;avez pas accept\u00e9 les cookies et autres traceurs.<\/p>\n<p>En cliquant sur \u00ab J\u2019accepte \u00bb, les cookies et autres traceurs seront d\u00e9pos\u00e9s et vous pourrez visualiser les contenus  (<a href=\"\" class=\"consentModule_policy\" target=\"_blank\" title=\"Consulter la politique de protection des donn\u00e9es du fournisseur\">plus d&rsquo;informations<\/a>).<\/p>\n<p>En cliquant sur \u00ab J\u2019accepte tous les cookies \u00bb, vous autorisez des d\u00e9p\u00f4ts de cookies et autres traceurs pour le stockage de vos donn\u00e9es sur nos sites et applications \u00e0 des fins de personnalisation et de ciblage publicitaire.<\/p>\n<p class=\"consentModule_secondaryText\">Vous gardez la possibilit\u00e9 de retirer votre consentement \u00e0 tout moment en consultant notre <a href=\"https:\/\/www.dna.fr\/protection-des-donnees\" target=\"_blank\" title=\"Consulter notre politique de protection des donn\u00e9es\" rel=\"noopener\">politique de protection des donn\u00e9es<\/a>. <br \/>&#13;<br \/>\n            <a href=\"https:\/\/www.dna.fr\/faits-divers-justice\/2025\/07\/12\/javascript:Didomi.notice.show()\" class=\"consentModule_cmp\" target=\"_blank\" rel=\"noopener\">G\u00e9rer mes choix<\/a>&#13;\n        <\/p>\n<p>&#13;<br \/>\n                        J&rsquo;accepte&#13;<br \/>\n            J&rsquo;accepte tous les cookies&#13;\n        <\/p>\n<p>L\u2019exploitant agricole \u00e9tait sur la machine, qui sert \u00e0 presser la paille, lorsqu\u2019il a vu les flammes en roulant. Il a fait demi-tour, l\u2019a d\u00e9tach\u00e9e du tracteur et a r\u00e9ussi \u00e0 s\u2019extraire \u00e0 temps.<\/p>\n<p>Ce contenu est bloqu\u00e9 car vous n&rsquo;avez pas accept\u00e9 les cookies et autres traceurs.<\/p>\n<p>En cliquant sur \u00ab J\u2019accepte \u00bb, les cookies et autres traceurs seront d\u00e9pos\u00e9s et vous pourrez visualiser les contenus  (<a href=\"\" class=\"consentModule_policy\" target=\"_blank\" title=\"Consulter la politique de protection des donn\u00e9es du fournisseur\">plus d&rsquo;informations<\/a>).<\/p>\n<p>En cliquant sur \u00ab J\u2019accepte tous les cookies \u00bb, vous autorisez des d\u00e9p\u00f4ts de cookies et autres traceurs pour le stockage de vos donn\u00e9es sur nos sites et applications \u00e0 des fins de personnalisation et de ciblage publicitaire.<\/p>\n<p class=\"consentModule_secondaryText\">Vous gardez la possibilit\u00e9 de retirer votre consentement \u00e0 tout moment en consultant notre <a href=\"https:\/\/www.dna.fr\/protection-des-donnees\" target=\"_blank\" title=\"Consulter notre politique de protection des donn\u00e9es\" rel=\"noopener\">politique de protection des donn\u00e9es<\/a>. <br \/>&#13;<br \/>\n            <a href=\"https:\/\/www.dna.fr\/faits-divers-justice\/2025\/07\/12\/javascript:Didomi.notice.show()\" class=\"consentModule_cmp\" target=\"_blank\" rel=\"noopener\">G\u00e9rer mes choix<\/a>&#13;\n        <\/p>\n<p>&#13;<br \/>\n                        J&rsquo;accepte&#13;<br \/>\n            J&rsquo;accepte tous les cookies&#13;\n        <\/p>\n<p>Les flammes ont ravag\u00e9 environ cinq hectares du champ. Une quinzaine de pompiers sont toujours \u00e0 l\u2019\u0153uvre pour ma\u00eetriser la propagation des flammes. L\u2019homme a r\u00e9ussi \u00e0 sauver 18 bottes de paille.<\/p>\n<p>  Deux camions-citernes feux de for\u00eats sp\u00e9cialement engag\u00e9s<\/p>\n<p>Le panache de fum\u00e9e \u00e9tait visible depuis Vendenheim. Six engins avec 25 sapeurs pompiers en provenance des casernes de Strasbourg Nord, Ouest, Sud, Haguenau et Molsheim ont \u00e9t\u00e9 mobilis\u00e9s au plus fort de l\u2019intervention. Deux camions-citernes feux de for\u00eats ont sp\u00e9cialement \u00e9t\u00e9 engag\u00e9s.<\/p>\n<p>\u00ab\u00a0Le feu est circonscrit, ne progresse plus mais n\u2019est pas encore \u00e9teint. Nous traitons les balles de paille en feu et les diff\u00e9rentes lisi\u00e8res\u00a0\u00bb, explique le chef de colonne, le capitaine C\u00e9dric Eschbach.<\/p>\n","protected":false},"excerpt":{"rendered":"Les pompiers sont intervenus au fond de l\u2019impasse de la rue de Lampertheim, \u00e0 Bischheim, pour un feu&hellip;\n","protected":false},"author":2,"featured_media":245118,"comment_status":"","ping_status":"","sticky":false,"template":"","format":"standard","meta":{"footnotes":""},"categories":[2820],"tags":[1111,11,13205,2880,1777,674,274,107,1011,27,775,1310,12,25,640,3265],"class_list":{"0":"post-245117","1":"post","2":"type-post","3":"status-publish","4":"format-standard","5":"has-post-thumbnail","7":"category-strasbourg","8":"tag-actu","9":"tag-actualites","10":"tag-bischheim","11":"tag-edition-strasbourg","12":"tag-eu","13":"tag-europe","14":"tag-faits-divers-justice","15":"tag-fil-info","16":"tag-fr","17":"tag-france","18":"tag-grand-est","19":"tag-incendie","20":"tag-news","21":"tag-republique-francaise","22":"tag-strasbourg","23":"tag-strasbourg-nord"},"share_on_mastodon":{"url":"https:\/\/pubeurope.com\/@fr\/114840801350511134","error":""},"_links":{"self":[{"href":"https:\/\/www.europesays.com\/fr\/wp-json\/wp\/v2\/posts\/245117","targetHints":{"allow":["GET"]}}],"collection":[{"href":"https:\/\/www.europesays.com\/fr\/wp-json\/wp\/v2\/posts"}],"about":[{"href":"https:\/\/www.europesays.com\/fr\/wp-json\/wp\/v2\/types\/post"}],"author":[{"embeddable":true,"href":"https:\/\/www.europesays.com\/fr\/wp-json\/wp\/v2\/users\/2"}],"replies":[{"embeddable":true,"href":"https:\/\/www.europesays.com\/fr\/wp-json\/wp\/v2\/comments?post=245117"}],"version-history":[{"count":0,"href":"https:\/\/www.europesays.com\/fr\/wp-json\/wp\/v2\/posts\/245117\/revisions"}],"wp:featuredmedia":[{"embeddable":true,"href":"https:\/\/www.europesays.com\/fr\/wp-json\/wp\/v2\/media\/245118"}],"wp:attachment":[{"href":"https:\/\/www.europesays.com\/fr\/wp-json\/wp\/v2\/media?parent=245117"}],"wp:term":[{"taxonomy":"category","embeddable":true,"href":"https:\/\/www.europesays.com\/fr\/wp-json\/wp\/v2\/categories?post=245117"},{"taxonomy":"post_tag","embeddable":true,"href":"https:\/\/www.europesays.com\/fr\/wp-json\/wp\/v2\/tags?post=245117"}],"curies":[{"name":"wp","href":"https:\/\/api.w.org\/{rel}","templated":true}]}}