{"id":245125,"date":"2025-07-12T14:48:27","date_gmt":"2025-07-12T14:48:27","guid":{"rendered":"https:\/\/www.europesays.com\/fr\/245125\/"},"modified":"2025-07-12T14:48:27","modified_gmt":"2025-07-12T14:48:27","slug":"on-y-va-assez-souvent-lete-comment-rejoindre-la-mer-facilement-en-loire-atlantique","status":"publish","type":"post","link":"https:\/\/www.europesays.com\/fr\/245125\/","title":{"rendered":"\u00ab\u00a0On y va assez souvent l\u2019\u00e9t\u00e9\u00a0\u00bb\u00a0: comment rejoindre la mer facilement en Loire-Atlantique"},"content":{"rendered":"<p>Des sacs avec parasol, pelles de plage et pique-nique. Des discussions sur la cr\u00e8me solaire ou le sable. Dans ce train entre Nantes et Le Croisic, l\u2019affluence est importante. Un jeune homme en costard, les yeux riv\u00e9s sur son t\u00e9l\u00e9phone, tranche par rapport aux autres voyageurs pr\u00eats \u00e0 filer \u00e0 la mer. Parmi toutes les solutions pour rejoindre la plage, le train pla\u00eet. Et \u00e7a se voit dans celui de ce mercredi de juillet\u00a02025, en milieu de la matin\u00e9e.<\/p>\n<p>? <strong>\u00c0 LIRE AUSSI\u00a0: <a href=\"https:\/\/nantes.maville.com\/actu\/actudet_-cet-ete-saint-nazaire-se-visite-aussi-la-nuit-_8-6893260_actu.Htm\" target=\"_self\" rel=\"noopener\">Cet \u00e9t\u00e9, Saint-Nazaire se visite aussi la nuit<\/a> <\/strong><\/p>\n<p>Sandrine tente pour la premi\u00e8re fois une escapade \u00e0 la mer en TER. \u00a0Il y avait vraiment beaucoup de monde au d\u00e9part de Nantes. Mais c\u2019est pratique car le mercredi le train est gratuit pour les enfants de moins de 12 ans. On essaie d\u2019en profiter en allant se promener dans diff\u00e9rents coins de la r\u00e9gion. On doit aussi aller en Vend\u00e9e\u00a0\u00bb,indique cette m\u00e8re de famille, accompagn\u00e9e de ses trois enfants, \u00e0 la gare de Pornichet. Les plus jeunes, seaux \u00e0 la main, sont ravis de se rendre \u00e0 la plage apr\u00e8s quelques minutes de marche depuis la gare.<\/p>\n<p>Premier test \u00e9galement pour Chantal\u00a0: \u00a0Je viens d\u2019Angers avec une association et on va \u00e0 la mer pour la journ\u00e9e. On a pr\u00e9vu notre pique-nique et tout ce qu\u2019il faut\u00a0\u00bb.<br \/>Des centres de loisirs, des jeunes d\u2019un foyer ou d\u2019autres familles font aussi le d\u00e9placement.<\/p>\n<p>? <strong>\u00c0 LIRE AUSSI\u00a0: <\/strong> <a href=\"https:\/\/labaule.maville.com\/sport\/detail_-vingt-quatre-nageurs-sauveteurs-et-quatre-crs-pour-votre-securite-sur-les-plages-de-pornichet-_8-6892730_actu.Htm\" target=\"_self\" rel=\"noopener\">Vingt-quatre nageurs sauveteurs et quatre CRS pour votre s\u00e9curit\u00e9 sur les plages de Pornichet<\/a><\/p>\n<p>\t<img decoding=\"async\" src=\"https:\/\/www.europesays.com\/fr\/wp-content\/uploads\/2025\/07\/P35351843D6897312G_px_640_.jpg\" alt=\"photo du monde \u00e0 la descente du train \u00e0 pornichet mercredi 9\u00a0juillet 2025.  \u00a9  photo presse oc\u00e9an-caroline tr\u00e9man\" width=\"640\" title=\" Du monde \u00e0 la descente du train \u00e0 Pornichet mercredi 9\u00a0juillet 2025.   Photo Presse Oc\u00e9an-Caroline Tr\u00e9man \"\/><\/p>\n<p class=\"elmt-legende\"> Du monde \u00e0 la descente du train \u00e0 Pornichet mercredi 9\u00a0juillet 2025.   Photo Presse Oc\u00e9an-Caroline Tr\u00e9man <\/p>\n<\/p>\n<p>\u00ab\u00a0C\u2019est hyper facile\u00a0\u00bb<\/p>\n<p>Les jeunes appr\u00e9cient aussi ce mode de transport pour s\u2019offrir un bain de soleil. \u00c0 la gare de Savenay, sac de plage bien garni, Julia et ses copines filent en bord de mer pour quelques heures de farniente et de bronzage.\u00a0On habite Vigneux. Nos parents doivent nous emmener jusqu\u2019\u00e0 la gare de Savenay mais c\u2019est hyper facile d\u2019aller ensuite en train \u00e0 la mer, indiquent-elles. On y va assez souvent l\u2019\u00e9t\u00e9 comme \u00e7a.\u00a0<\/p>\n<p>D\u00e9tail non n\u00e9gligeable\u00a0: des offres propos\u00e9es pendant l\u2019\u00e9t\u00e9 par la SNCF et la R\u00e9gion des Pays de la Loire permettent de voyager \u00e0 prix raisonnable.<\/p>\n<p><strong>? <strong>\u00c0 LIRE AUSSI\u00a0: <a href=\"https:\/\/labaule.maville.com\/actu\/actudet_-le-front-de-mer-a-ete-reamenage-dans-cette-commune-de-loire-atlantique-_8-6883928_actu.Htm\" target=\"_self\" rel=\"noopener\">Le front de mer a \u00e9t\u00e9 r\u00e9am\u00e9nag\u00e9 dans cette commune de Loire-Atlantique<\/a> <\/strong> <\/strong><\/p>\n<p>\t<img decoding=\"async\" src=\"https:\/\/www.europesays.com\/fr\/wp-content\/uploads\/2025\/07\/P35351844D6897312G_px_640_.jpg\" alt=\"photo plusieurs modes de d\u00e9placement sont possibles pour pouvoir faire ensuite un petit plongeon.  \u00a9  photos le courrier de l\u2019ouest - josselin clair\" width=\"640\" title=\" Plusieurs modes de d\u00e9placement sont possibles pour pouvoir faire ensuite un petit plongeon.   Photos Le Courrier de l\u2019Ouest - Josselin Clair \"\/><\/p>\n<p class=\"elmt-legende\"> Plusieurs modes de d\u00e9placement sont possibles pour pouvoir faire ensuite un petit plongeon.   Photos Le Courrier de l\u2019Ouest &#8211; Josselin Clair <\/p>\n<p>Et \u00e0 v\u00e9lo ou en bus\u00a0?<\/p>\n<p>Pour ceux qui veulent \u00e9viter la voiture, d\u2019autres options sont possibles\u00a0: le v\u00e9lo pour les plus courageux. Entre Nantes et Pornic par exemple, il faut compter presque trois heures sans les pauses, en passant par le bac de Loire Cou\u00ebron-Le Pellerin. Pour le trajet Nantes- Saint Nazaire, il faut compter au moins 3\u00a0h\u00a020, sans les arr\u00eats.<\/p>\n<p><strong>? <strong>\u00c0 LIRE AUSSI\u00a0:<a href=\"https:\/\/nantes.maville.com\/actu\/actudet_-a-saint-nazaire-les-plages-sont-un-beau-terrain-de-jeu-en-ete-_8-6883442_actu.Htm\" target=\"_self\" rel=\"noopener\"> \u00c0 Saint-Nazaire, les plages sont un beau terrain de jeu en \u00e9t\u00e9<\/a> <\/strong> <\/strong><\/p>\n<p>\t<img decoding=\"async\" src=\"https:\/\/www.europesays.com\/fr\/wp-content\/uploads\/2025\/07\/P35351845D6897312G_px_640_.jpg\" alt=\"photo \u00e0 pornichet.  \u00a9  photos presse oc\u00e9an-caroline tr\u00e9man\" width=\"640\" title=\" \u00c0 Pornichet.   Photos Presse Oc\u00e9an-Caroline Tr\u00e9man \"\/><\/p>\n<p class=\"elmt-legende\"> \u00c0 Pornichet.   Photos Presse Oc\u00e9an-Caroline Tr\u00e9man <\/p>\n<\/p>\n<p>\t<img decoding=\"async\" src=\"https:\/\/www.europesays.com\/fr\/wp-content\/uploads\/2025\/07\/P35351846D6897312G_px_640_.jpg\" alt=\"photo le petit train \u00e0 pornichet.  \u00a9  photos presse oc\u00e9an-caroline tr\u00e9man\" width=\"640\" title=\" Le petit train \u00e0 Pornichet.   Photos Presse Oc\u00e9an-Caroline Tr\u00e9man \"\/><\/p>\n<p class=\"elmt-legende\"> Le petit train \u00e0 Pornichet.   Photos Presse Oc\u00e9an-Caroline Tr\u00e9man <\/p>\n<\/p>\n<p>Le car selon les envies<\/p>\n<p>Autre option\u00a0: prendre le car. C\u2019est peut-\u00eatre plus compliqu\u00e9. Avec <a href=\"https:\/\/aleop.paysdelaloire.fr\/mes-deplacements\/je-recherche-un-itineraire\" target=\"_self\" rel=\"noopener\">Al\u00e9op, de la gare routi\u00e8re de Nantes \u00e0 la gare de Pornichet<\/a>, il faut pr\u00e8s de 2\u00a0h\u00a030 en prenant cinq bus diff\u00e9rents, dont la ligne 4\u00a0vers Vertou. Quant aux bus Blablacar, ils sont disponibles essentiellement \u00e0 partir de 16\u00a0h\u00a030 de <a href=\"https:\/\/www.blablacar.fr\/search?fn=Saint-Nazaire%2C+France&amp;tn=Nantes%2C+France&amp;db=2025-07-12&amp;seats=1&amp;search_origin=SEARCH&amp;transport_type=bus&amp;from_place_id=eyJpIjoiQ2hJSkUtX0NQSTlsQlVnUlBSOS1YZzNtMzJRIiwicCI6MSwidiI6MSwidCI6WzRdfQ%3D%3D&amp;to_place_id=eyJpIjoiQ2hJSnJhNm84SUh1QlVnUk1PME5IbEkzRFFRIiwicCI6MSwidiI6MSwidCI6WzRdfQ%3D%3D\" target=\"_self\" rel=\"noopener\">Nantes-Haluch\u00e8re pour une arriv\u00e9e \u00e0 Saint-Nazaire<\/a> 55\u00a0minutes plus tard. Le prix est abordable\u00a0: 2,99\u00a0\u20ac la semaine, 3, 99\u00a0\u20ac le week-end. Dans le sens Saint-Nazaire\/Nantes, on peut trouver, en g\u00e9n\u00e9ral, un trajet par jour le week-end en fin d\u2019apr\u00e8s-midi.<\/p>\n<p>Reste le covoiturage en voiture avec plusieurs trajets dispos entre les deux plus grandes villes de Loire-Atlantique, ou encore Nantes-Pornic, Nantes-La Turballe ou d\u2019autres villes sur la c\u00f4te,\u00a0etc.<\/p>\n<p>? LIRE AUSSI : <a href=\"https:\/\/labaule.maville.com\/actu\/actudet_-tourisme.-les-bons-plans-pour-rejoindre-la-mer-en-train-dans-les-pays-de-la-loire-_8-6896487_actu.Htm\" target=\"_blank\" rel=\"noopener\">Les bons plans pour rejoindre la mer en train dans les Pays de la Loire<\/a>.<\/p>\n<p>Plusieurs options, en somme, pour profiter des 133\u00a0kilom\u00e8tres de c\u00f4tes en Loire-Atlantique.<\/p>\n<p>\u00a0<\/p>\n","protected":false},"excerpt":{"rendered":"Des sacs avec parasol, pelles de plage et pique-nique. Des discussions sur la cr\u00e8me solaire ou le sable.&hellip;\n","protected":false},"author":2,"featured_media":245126,"comment_status":"","ping_status":"","sticky":false,"template":"","format":"standard","meta":{"footnotes":""},"categories":[2818],"tags":[1111,11,5262,2883,1777,674,24241,1011,27,3047,6127,766,12,2636,31915,25,5485],"class_list":{"0":"post-245125","1":"post","2":"type-post","3":"status-publish","4":"format-standard","5":"has-post-thumbnail","7":"category-nantes","8":"tag-actu","9":"tag-actualites","10":"tag-assez","11":"tag-ete","12":"tag-eu","13":"tag-europe","14":"tag-facilement","15":"tag-fr","16":"tag-france","17":"tag-loire-atlantique","18":"tag-mer","19":"tag-nantes","20":"tag-news","21":"tag-pays-de-la-loire","22":"tag-rejoindre","23":"tag-republique-francaise","24":"tag-souvent"},"share_on_mastodon":{"url":"https:\/\/pubeurope.com\/@fr\/114840817746405888","error":""},"_links":{"self":[{"href":"https:\/\/www.europesays.com\/fr\/wp-json\/wp\/v2\/posts\/245125","targetHints":{"allow":["GET"]}}],"collection":[{"href":"https:\/\/www.europesays.com\/fr\/wp-json\/wp\/v2\/posts"}],"about":[{"href":"https:\/\/www.europesays.com\/fr\/wp-json\/wp\/v2\/types\/post"}],"author":[{"embeddable":true,"href":"https:\/\/www.europesays.com\/fr\/wp-json\/wp\/v2\/users\/2"}],"replies":[{"embeddable":true,"href":"https:\/\/www.europesays.com\/fr\/wp-json\/wp\/v2\/comments?post=245125"}],"version-history":[{"count":0,"href":"https:\/\/www.europesays.com\/fr\/wp-json\/wp\/v2\/posts\/245125\/revisions"}],"wp:featuredmedia":[{"embeddable":true,"href":"https:\/\/www.europesays.com\/fr\/wp-json\/wp\/v2\/media\/245126"}],"wp:attachment":[{"href":"https:\/\/www.europesays.com\/fr\/wp-json\/wp\/v2\/media?parent=245125"}],"wp:term":[{"taxonomy":"category","embeddable":true,"href":"https:\/\/www.europesays.com\/fr\/wp-json\/wp\/v2\/categories?post=245125"},{"taxonomy":"post_tag","embeddable":true,"href":"https:\/\/www.europesays.com\/fr\/wp-json\/wp\/v2\/tags?post=245125"}],"curies":[{"name":"wp","href":"https:\/\/api.w.org\/{rel}","templated":true}]}}