{"id":245132,"date":"2025-07-12T14:52:09","date_gmt":"2025-07-12T14:52:09","guid":{"rendered":"https:\/\/www.europesays.com\/fr\/245132\/"},"modified":"2025-07-12T14:52:09","modified_gmt":"2025-07-12T14:52:09","slug":"toulouse-il-avait-appele-aux-meurtres-de-sionistes-un-homme-de-22-ans-ecroue-pour-ses-actes-antisemites","status":"publish","type":"post","link":"https:\/\/www.europesays.com\/fr\/245132\/","title":{"rendered":"Toulouse. Il avait appel\u00e9 aux \u00ab\u00a0meurtres de sionistes\u00a0\u00bb, un homme de 22 ans \u00e9crou\u00e9 pour ses actes antis\u00e9mites"},"content":{"rendered":"<p>            Par<br \/>\n        <strong><br \/>\n            <a href=\"https:\/\/actu.fr\/auteur\/mareva-laville-actu-fr\" title=\"Consulter tous les articles de Mar\u00e9va Laville\" rel=\"nofollow noopener\" target=\"_blank\">Mar\u00e9va Laville<\/a><br \/>\n        <\/strong><\/p>\n<p>        Publi\u00e9 le<\/p>\n<p>            12 juil. 2025 \u00e0 16h03        <\/p>\n<p>\u00ab\u2009C\u2019\u00e9tait du second degr\u00e9\u2009\u00bb, a-t-il expliqu\u00e9 face aux juges. Mardi 8\u00a0juillet 2025, un homme de 22\u00a0ans comparaissait devant le <strong>tribunal correctionnel de Toulouse<\/strong> pour <strong>apologie d\u2019un acte de terrorisme,<\/strong> provocation directe \u00e0 un acte terroriste, et port d\u2019une arme en r\u00e9cidive.<\/p>\n<p>Interpell\u00e9 avec une arme blanche pr\u00e8s d\u2019enfants de confession juive<\/p>\n<p class=\" wall-content\">Le jeune homme avait \u00e9t\u00e9 interpell\u00e9 le 21\u00a0novembre 2024 muni d\u2019une<strong> arme blanche<\/strong>. \u00ab\u2009Il se trouvait \u00e0 proximit\u00e9 d\u2019une \u00e9cole accueillant des <strong>enfants de confession juive<\/strong>. Il avait un comportement \u00e9trange\u2009\u00bb, rapporte le parquet de <a href=\"http:\/\/www.actu.fr\/toulouse\" rel=\"nofollow noopener\" target=\"_blank\">Toulouse<\/a>.<\/p>\n<p class=\" wall-content\">Plac\u00e9 en garde \u00e0 Paris, le jeune homme a rapidement \u00e9t\u00e9 rapatri\u00e9 \u00e0 Toulouse, d\u2019o\u00f9 il est originaire. \u00ab\u2009Il a \u00e9t\u00e9 hospitalis\u00e9 avec des soins sous contrainte puis transf\u00e9r\u00e9 \u00e0 l\u2019h\u00f4pital G\u00e9rard Marchant\u2009\u00bb, indique le vice-procureur de la R\u00e9publique de Toulouse.<\/p>\n<p>Un appel aux meurtres de sionistes sur YouTube<\/p>\n<p class=\" wall-content\">Quelques semaines de<strong> soins psychiatriques<\/strong> plus tard, l\u2019homme a de nouveau \u00e9t\u00e9 plac\u00e9 en garde \u00e0 vue. Les enqu\u00eateurs avaient mis la main sur une <strong>vid\u00e9o \u00e0 caract\u00e8re antis\u00e9mite<\/strong>. \u00ab\u2009Il avait tenu des propos sur internet appelant aux <strong>meurtres de sionistes<\/strong> et de personnes de confession juive\u2009\u00bb, pr\u00e9cise le parquet de Toulouse.<\/p>\n<p class=\" wall-content\">Selon nos informations, la vid\u00e9o aurait compt\u00e9 une centaine de vues. Elle est rest\u00e9e sur la plateforme YouTube entre le 28\u00a0octobre 2024 et le 21\u00a0f\u00e9vrier 2025.<\/p>\n<p>Vid\u00e9os : en ce moment sur Actu3\u00a0ans de prison dont un an ferme<\/p>\n<p class=\" wall-content\">D\u00e9f\u00e9r\u00e9 devant le parquet en vue d\u2019une comparution imm\u00e9diate, le suspect n\u2019a pas reconnu les faits.<\/p>\n<p class=\" wall-content\">Il est n\u00e9anmoins <strong>reconnu coupable<\/strong> par le tribunal correctionnel qui prononcera une peine de<strong> trois ans d\u2019emprisonnement<\/strong>, dont deux ans avec sursis, sans am\u00e9nagement de peine, avec <strong>maintien en d\u00e9tention<\/strong>. Il est \u00e9galement in\u00e9ligible de droits civiques pendant cinq ans, mais sans interdiction du territoire fran\u00e7ais.<\/p>\n<p class=\" wall-content\">Il dispose de quelques jours seulement pour faire appel de cette d\u00e9cision.<\/p>\n<p class=\" wall-content\">Suivez toute l\u2019actualit\u00e9 de vos villes et m\u00e9dias favoris en vous inscrivant \u00e0 <a href=\"https:\/\/moncompte.actu.fr\" title=\"D\u00e9couvez Mon Actu\" rel=\"nofollow noopener\" data-trk=\"{&quot;cta&quot;:{&quot;action&quot;:&quot;https:\\\/\\\/moncompte.actu.fr&quot;,&quot;category&quot;:&quot;mon compte&quot;,&quot;from&quot;:&quot;article footer&quot;,&quot;name&quot;:&quot;Mon actu&quot;,&quot;type&quot;:&quot;cta&quot;}}\" target=\"_blank\">Mon Actu<\/a>.<\/p>\n","protected":false},"excerpt":{"rendered":"Par Mar\u00e9va Laville Publi\u00e9 le 12 juil. 2025 \u00e0 16h03 \u00ab\u2009C\u2019\u00e9tait du second degr\u00e9\u2009\u00bb, a-t-il expliqu\u00e9 face aux&hellip;\n","protected":false},"author":2,"featured_media":40201,"comment_status":"","ping_status":"","sticky":false,"template":"","format":"standard","meta":{"footnotes":""},"categories":[2816],"tags":[1111,11,6155,1777,674,118,1011,27,303,12,2680,25,2312],"class_list":{"0":"post-245132","1":"post","2":"type-post","3":"status-publish","4":"format-standard","5":"has-post-thumbnail","7":"category-toulouse","8":"tag-actu","9":"tag-actualites","10":"tag-antisemitisme","11":"tag-eu","12":"tag-europe","13":"tag-faits-divers","14":"tag-fr","15":"tag-france","16":"tag-justice","17":"tag-news","18":"tag-occitanie","19":"tag-republique-francaise","20":"tag-toulouse"},"share_on_mastodon":{"url":"https:\/\/pubeurope.com\/@fr\/114840832846951228","error":""},"_links":{"self":[{"href":"https:\/\/www.europesays.com\/fr\/wp-json\/wp\/v2\/posts\/245132","targetHints":{"allow":["GET"]}}],"collection":[{"href":"https:\/\/www.europesays.com\/fr\/wp-json\/wp\/v2\/posts"}],"about":[{"href":"https:\/\/www.europesays.com\/fr\/wp-json\/wp\/v2\/types\/post"}],"author":[{"embeddable":true,"href":"https:\/\/www.europesays.com\/fr\/wp-json\/wp\/v2\/users\/2"}],"replies":[{"embeddable":true,"href":"https:\/\/www.europesays.com\/fr\/wp-json\/wp\/v2\/comments?post=245132"}],"version-history":[{"count":0,"href":"https:\/\/www.europesays.com\/fr\/wp-json\/wp\/v2\/posts\/245132\/revisions"}],"wp:featuredmedia":[{"embeddable":true,"href":"https:\/\/www.europesays.com\/fr\/wp-json\/wp\/v2\/media\/40201"}],"wp:attachment":[{"href":"https:\/\/www.europesays.com\/fr\/wp-json\/wp\/v2\/media?parent=245132"}],"wp:term":[{"taxonomy":"category","embeddable":true,"href":"https:\/\/www.europesays.com\/fr\/wp-json\/wp\/v2\/categories?post=245132"},{"taxonomy":"post_tag","embeddable":true,"href":"https:\/\/www.europesays.com\/fr\/wp-json\/wp\/v2\/tags?post=245132"}],"curies":[{"name":"wp","href":"https:\/\/api.w.org\/{rel}","templated":true}]}}