{"id":245133,"date":"2025-07-12T14:53:10","date_gmt":"2025-07-12T14:53:10","guid":{"rendered":"https:\/\/www.europesays.com\/fr\/245133\/"},"modified":"2025-07-12T14:53:10","modified_gmt":"2025-07-12T14:53:10","slug":"municipales-2026-a-toulouse-archipel-citoyen-veut-sallier-avec-les-ecologistes-pour-le-premier-tour","status":"publish","type":"post","link":"https:\/\/www.europesays.com\/fr\/245133\/","title":{"rendered":"Municipales 2026 \u00e0 Toulouse. Archipel citoyen veut s&rsquo;allier avec les \u00e9cologistes pour le premier tour"},"content":{"rendered":"<p>            Par<br \/>\n        <strong><br \/>\n            <a href=\"https:\/\/actu.fr\/auteur\/lucie-2\" title=\"Consulter tous les articles de Lucie Fraisse\" rel=\"nofollow noopener\" target=\"_blank\">Lucie Fraisse<\/a><br \/>\n        <\/strong><\/p>\n<p>        Publi\u00e9 le<\/p>\n<p>            12 juil. 2025 \u00e0 15h50        <\/p>\n<p>Sous la conduite d\u2019Antoine Maurice en 2020, ils avaient \u00e9chou\u00e9 aux portes du Capitole, \u00e0 <strong>Toulouse<\/strong>, e<a href=\"https:\/\/actu.fr\/occitanie\/toulouse_31555\/municipales-toulouse-espoir-douche-froide-recit-soiree-qg-archipel-citoyen_34616141.html\" rel=\"nofollow noopener\" target=\"_blank\">n remportant 48,13% des suffrages face \u00e0 Jean-Luc Moudenc<\/a>. Depuis, Archipel citoyen a \u00e9volu\u00e9, passant de <a href=\"https:\/\/actu.fr\/occitanie\/toulouse_31555\/municipales-2026-a-toulouse-archipel-citoyen-devient-un-parti-politique_59704881.html\" rel=\"nofollow noopener\" target=\"_blank\">simple collectif \u00e0 parti politique<\/a>. Avec en ligne de mire, les \u00e9lections municipales 2026.<\/p>\n<p>Alliance de premier tour\u00a0<\/p>\n<p class=\" wall-content\">Un objectif qu\u2019Archipel citoyen entend d\u00e9sormais atteindre aux c\u00f4t\u00e9s des \u00e9cologistes toulousains. C\u2019est en tout cas en ce sens que les militants ont vot\u00e9.<\/p>\n<p class=\" wall-content\">\u00ab\u00a0\u00c0 l\u2019issue d\u2019un vote interne portant sur des propositions n\u00e9goci\u00e9es avec Les \u00c9cologistes d\u2019un c\u00f4t\u00e9 et la France Insoumise et l\u2019Assembl\u00e9e des Quartiers de l\u2019autre, organis\u00e9 les 10 et 11 juillet selon la m\u00e9thode du jugement majoritaire, les adh\u00e9rent\u00b7es d\u2019Archipel Citoyen ont choisi de s\u2019engager dans <strong>une alliance de premier tour avec Les \u00c9cologistes (LE), en vue des \u00e9lections municipales de 2026<\/strong>\u00ab\u00a0, indique ainsi Archipel citoyen dans un communiqu\u00e9.<\/p>\n<p class=\" wall-content\">69,4% des adh\u00e9rents d\u2019Archipel citoyen ont particip\u00e9 \u00e0 cette consultation interne et c\u2019est donc la proposition d\u2019alliance avec les \u00e9cologistes qui a eu le plus de succ\u00e8s.<\/p>\n<p>\u00ab\u00a0Continuer \u00e0 \u00e9changer \u00e9troitement\u00a0\u00bb<\/p>\n<p class=\" wall-content\">\u00ab\u00a0Pour autant la mention obtenue par la proposition de La France Insoumise et l\u2019Assembl\u00e9e des Quartiers montre \u00e9galement une volont\u00e9 du mouvement de continuer \u00e0 \u00e9changer \u00e9troitement. Les travaux vont se poursuivre dans le sens de cette ouverture\u00a0\u00bb, pr\u00e9cisent les porte-paroles du mouvement.\u00a0<\/p>\n<p>Vid\u00e9os : en ce moment sur ActuLes \u00e9cologistes tr\u00e8s sollicit\u00e9s\u00a0<\/p>\n<p class=\" wall-content\">Men\u00e9s par R\u00e9gis Godec, les \u00e9cologistes toulousains font l\u2019objet de multiples sollicitations en vue des Municipales 2026 dans la Ville rose. Avant qu\u2019Archipel citoyen n\u2019exprime le souhait de faire campagne pour le premier tour aux c\u00f4t\u00e9s des Verts, <a href=\"https:\/\/actu.fr\/occitanie\/toulouse_31555\/municipales-2026-a-toulouse-francois-piquemal-lfi-propose-la-presidence-de-la-metropole-aux-ecologistes_62486593.html\" rel=\"nofollow noopener\" target=\"_blank\">la France Insoumise<\/a> et le <a href=\"https:\/\/actu.fr\/occitanie\/toulouse_31555\/municipales-2026-toulouse-le-ps-tres-optimiste-pour-aboutir-a-un-accord-avec-la-gauche-mais-sans-lfi_62796068.html\" rel=\"nofollow noopener\" target=\"_blank\">Parti socialiste<\/a> avaient, chacun leur tour, fait part de leur intention de confier les rennes de la m\u00e9tropole aux \u00e9colos, <strong>en cas de succ\u00e8s au Capitole<\/strong>.<\/p>\n<p class=\" wall-content\"><a href=\"https:\/\/actu.fr\/occitanie\/toulouse_31555\/toulouse-les-ecologistes-ont-choisi-leur-chef-de-file-pour-les-municipales-2026_61851341.html\" rel=\"nofollow noopener\" target=\"_blank\">Au soir de son \u00e9lection comme chef de file des \u00e9cologistes pour les Municipales 2026<\/a>, en novembre dernier, R\u00e9gis Godec affirmait : \u00ab\u2009les \u00e9cologistes peuvent conduire une liste, mais ils peuvent aussi et surtout r\u00e9unir tout le monde\u2009\u00bb, pr\u00e9cisant \u00eatre dans une d\u00e9marche \u00ab\u00a0d\u2019ouverture et de discussion\u00a0\u00bb.<\/p>\n<p class=\" wall-content\">Quelques mois plus tard, <a href=\"https:\/\/actu.fr\/occitanie\/toulouse_31555\/municipales-2026-a-toulouse-les-ecologistes-de-regis-godec-se-voient-tete-de-liste-d-une-union-de-la-gauche_62252832.html\" rel=\"nofollow noopener\" target=\"_blank\">le chef de file des \u00e9cologistes \u00e0 Toulouse estimait que les Verts \u00e9taient, \u00e0 gauche, \u00a0\u00bb la force centrale\u00a0\u00bb<\/a> . Et s\u2019il se gardait bien d\u2019imposer une position de leader, R\u00e9gis Godec observait : \u00ab On a la possibilit\u00e9 de jouer un r\u00f4le d\u2019animation et <strong>je peux \u00eatre la t\u00eate de liste d\u2019une unit\u00e9 commune.<\/strong>\u00bb<\/p>\n<p class=\" wall-content\">\u00c0 quelques mois du premier tour des Municipales 2026, les \u00e9cologistes semblent bel et bien occuper une place pr\u00e9pond\u00e9rante \u00e0 gauche, \u00e0 <strong>Toulouse<\/strong>.\u00a0<\/p>\n<p class=\" wall-content\">Suivez toute l\u2019actualit\u00e9 de vos villes et m\u00e9dias favoris en vous inscrivant \u00e0 <a href=\"https:\/\/moncompte.actu.fr\" title=\"D\u00e9couvez Mon Actu\" rel=\"nofollow noopener\" data-trk=\"{&quot;cta&quot;:{&quot;action&quot;:&quot;https:\\\/\\\/moncompte.actu.fr&quot;,&quot;category&quot;:&quot;mon compte&quot;,&quot;from&quot;:&quot;article footer&quot;,&quot;name&quot;:&quot;Mon actu&quot;,&quot;type&quot;:&quot;cta&quot;}}\" target=\"_blank\">Mon Actu<\/a>.<\/p>\n","protected":false},"excerpt":{"rendered":"Par Lucie Fraisse Publi\u00e9 le 12 juil. 2025 \u00e0 15h50 Sous la conduite d\u2019Antoine Maurice en 2020, ils&hellip;\n","protected":false},"author":2,"featured_media":245134,"comment_status":"","ping_status":"","sticky":false,"template":"","format":"standard","meta":{"footnotes":""},"categories":[2816],"tags":[1111,11,4188,1777,674,1011,27,3434,12,2680,316,25,2312],"class_list":{"0":"post-245133","1":"post","2":"type-post","3":"status-publish","4":"format-standard","5":"has-post-thumbnail","7":"category-toulouse","8":"tag-actu","9":"tag-actualites","10":"tag-elections-municipales","11":"tag-eu","12":"tag-europe","13":"tag-fr","14":"tag-france","15":"tag-municipales-2026","16":"tag-news","17":"tag-occitanie","18":"tag-politique","19":"tag-republique-francaise","20":"tag-toulouse"},"share_on_mastodon":{"url":"https:\/\/pubeurope.com\/@fr\/114840836667544270","error":""},"_links":{"self":[{"href":"https:\/\/www.europesays.com\/fr\/wp-json\/wp\/v2\/posts\/245133","targetHints":{"allow":["GET"]}}],"collection":[{"href":"https:\/\/www.europesays.com\/fr\/wp-json\/wp\/v2\/posts"}],"about":[{"href":"https:\/\/www.europesays.com\/fr\/wp-json\/wp\/v2\/types\/post"}],"author":[{"embeddable":true,"href":"https:\/\/www.europesays.com\/fr\/wp-json\/wp\/v2\/users\/2"}],"replies":[{"embeddable":true,"href":"https:\/\/www.europesays.com\/fr\/wp-json\/wp\/v2\/comments?post=245133"}],"version-history":[{"count":0,"href":"https:\/\/www.europesays.com\/fr\/wp-json\/wp\/v2\/posts\/245133\/revisions"}],"wp:featuredmedia":[{"embeddable":true,"href":"https:\/\/www.europesays.com\/fr\/wp-json\/wp\/v2\/media\/245134"}],"wp:attachment":[{"href":"https:\/\/www.europesays.com\/fr\/wp-json\/wp\/v2\/media?parent=245133"}],"wp:term":[{"taxonomy":"category","embeddable":true,"href":"https:\/\/www.europesays.com\/fr\/wp-json\/wp\/v2\/categories?post=245133"},{"taxonomy":"post_tag","embeddable":true,"href":"https:\/\/www.europesays.com\/fr\/wp-json\/wp\/v2\/tags?post=245133"}],"curies":[{"name":"wp","href":"https:\/\/api.w.org\/{rel}","templated":true}]}}