{"id":245159,"date":"2025-07-12T15:09:11","date_gmt":"2025-07-12T15:09:11","guid":{"rendered":"https:\/\/www.europesays.com\/fr\/245159\/"},"modified":"2025-07-12T15:09:11","modified_gmt":"2025-07-12T15:09:11","slug":"royaume-uni-contraction-de-01-du-pib-en-mai-boursorama","status":"publish","type":"post","link":"https:\/\/www.europesays.com\/fr\/245159\/","title":{"rendered":"Royaume-Uni: contraction de 0,1% du PIB en mai &#8211; Boursorama"},"content":{"rendered":"<ol>\n<li><a href=\"https:\/\/news.google.com\/rss\/articles\/CBMivwFBVV95cUxNckRiV2RaUkQ5NG5zeHFQN2JrTmJRUElPTDNXelRTMnptXzFkUkplVzZROW55MVRiTkN2ZlIyX2pNVE0yNVIyalNYVmMyVDFQcFRzckNWd1I5SElkZi1VSllQajJlay1tejUycVdnLWZtTzdBbUt1RTlMVzNLdWxmSFZzaTVQY2N3S29SbnJFLVY2N2dkU1NqeTlORDJxODZWMjFBTWc3eGtxU2dUYjhwanZ4NjFWOXlUQVM0MW1vRdIBxAFBVV95cUxNdEVodTlDMlpNYVo2RTJ5RG9hSW03X1FIWDQ0QVpReXlNX3RseTJVbmtpaUdaVlJrZzBJU3lBZ19JdnZ6Yzd5LUQydU9BTFdhMnFreV9HeF94T09rZkFHT2tyR01pOUIyR25PX0o0WGhBTnFzNTB2V2ExRzdNRkFtWE41R3dwN2Y5WkNucm5feUw2YlpJME5yQVNPZnBvVDAwU3puREVVRVpHcUdfZVh3NU1mdlE1QndDRUV3WUhvUE9JQnM2?oc=5\" target=\"_blank\" rel=\"nofollow noopener\">Royaume-Uni: contraction de 0,1% du PIB en mai<\/a>&nbsp;&nbsp;Boursorama<\/li>\n<li><a href=\"https:\/\/news.google.com\/rss\/articles\/CBMiiwFBVV95cUxNZ1FkM3VVbWpGOXREYk4tTEdHdW44Uzd4SXhaMGZITXpGZHFoaVhHbVRURXU4TkFqYVI1TVA5aHdwTi1na1ZYVFF5SlVEbmlSQnFTekpUeVRPVlg2YXI1UkVhRG12OUtQajJ1Uk1BTEhWSnlZYzktOXE5MFVfQVZJM3V6b1l1VE5YN1Nv?oc=5\" target=\"_blank\" rel=\"nofollow noopener\">Royaume-Uni: recul surprise du PIB en mai<\/a>&nbsp;&nbsp;Le Figaro<\/li>\n<li><a href=\"https:\/\/news.google.com\/rss\/articles\/CBMi4AFBVV95cUxQY0U5ODhtb3R1WE1ER3luckFtQ0dmN0dCay1UU1NHM0dsZ0M0MFNLU2lZb0k5STNSMzEwTzRoM19URktHbC1ELUwycnd5eXdmUXFvaUlhUWlOU2pUWWdOZjJhUGtwQ01JWm5xbERUUHV5NmsxZjJpTnZJT1YzWUM0d3ZFMmRYOTdPU21YYmpqX0RxX2FoczBkdEpDQzBMdDJNWi1jenZmRFViY19ObHlWRGE1OG9IT3A0WjVYREVjWUY4MkdVODRLVTB5WkZRZDlxeEgtZmlNV2FwLXJpeWlDdQ?oc=5\" target=\"_blank\" rel=\"nofollow noopener\">GB : L&rsquo;\u00e9conomie se contracte \u00e0 nouveau en mai, inqui\u00e9tudes sur les perspectives<\/a>&nbsp;&nbsp;Les Echos<\/li>\n<li><a href=\"https:\/\/news.google.com\/rss\/articles\/CBMi4AFBVV95cUxOZHE1cng2Z2Z6VlRBRVE0YTdWLU11WkVpZ053VHFUYXpQNURKSVdLTUVrcmdFN0R3c21fR0gzVm80SG9WVVloMnJaeTh4UnU4TE8yNXV0cjA2WXRXeWRtTlJIbWhnOUpIeHJ6ZkpkR2tfUEFoZHdzdDd0ZXJDR1dOUFYxZWk1ZW1aLW1zOERNUVJtLWpadWo2ZWpDTDkzOUNsZ0NNZVVpd2lDYk5iM2VsRU9XQ0FtS1BfdGRobG1SNzZ0VjVoVFk2NFd3Ty1OMEFRc0tGdVRZRExuYXEzRE14Wg?oc=5\" target=\"_blank\" rel=\"nofollow noopener\">Les \u00e9conomistes attendaient une progression, mais le PIB du Royaume-Uni a de nouveau baiss\u00e9 en mai<\/a>&nbsp;&nbsp;BFMTV<\/li>\n<li><a href=\"https:\/\/news.google.com\/rss\/articles\/CBMi5gFBVV95cUxQcUJhd1hWMWhRbDZMUUNuZHdWQms3Wl9BbHNPckVNcmpaRFhjeFFuWGxLa2Nma2Y3NktSYzBXc04wV0pIbVVVd3R0MnN0UldjYk4xWGlPZjdyXzZrbG9RWkh0WTJUZnVJMkNmZXBZMFlBZ1BreHVxVWJMS0FHSFBaaEVBSHVUMXBFX0l2ZzlId1V5UkZ5UlBrRzRqRzNqNWZVRWlzMzNXQXRxMVdkcmdNS1drR051NVV4RFhvMDVLNWNrQy0ya2hlT09ZTTBVV2hyRWYzS2JfdVB6LU03clNjQndCTV9idw?oc=5\" target=\"_blank\" rel=\"nofollow noopener\">Le FTSE 100 recule depuis ses sommets, les inqui\u00e9tudes sur la croissance p\u00e8sent<\/a>&nbsp;&nbsp;Zonebourse Suisse<\/li>\n<\/ol>\n","protected":false},"excerpt":{"rendered":"Royaume-Uni: contraction de 0,1% du PIB en mai&nbsp;&nbsp;Boursorama Royaume-Uni: recul surprise du PIB en mai&nbsp;&nbsp;Le Figaro GB :&hellip;\n","protected":false},"author":2,"featured_media":8765,"comment_status":"","ping_status":"","sticky":false,"template":"","format":"standard","meta":{"footnotes":""},"categories":[1588],"tags":[400,11,398,408,405,1777,674,403,402,399,404,12,473,1853,401,406,1851,1850,1852,407],"class_list":{"0":"post-245159","1":"post","2":"type-post","3":"status-publish","4":"format-standard","5":"has-post-thumbnail","7":"category-royaume-uni","8":"tag-action-cac-40","9":"tag-actualites","10":"tag-bourse-de-paris","11":"tag-boursorama","12":"tag-cotations","13":"tag-eu","14":"tag-europe","15":"tag-indices-devises","16":"tag-investir","17":"tag-investissement","18":"tag-marche-boursier","19":"tag-news","20":"tag-royaume-uni","21":"tag-royaume-uni-de-grande-bretagne-et-dirlande-du-nord","22":"tag-sicav","23":"tag-trackers","24":"tag-uk","25":"tag-united-kingdom","26":"tag-united-kingdom-of-great-britain-and-northern-ireland","27":"tag-warrants"},"share_on_mastodon":{"url":"https:\/\/pubeurope.com\/@fr\/114840899656733447","error":""},"_links":{"self":[{"href":"https:\/\/www.europesays.com\/fr\/wp-json\/wp\/v2\/posts\/245159","targetHints":{"allow":["GET"]}}],"collection":[{"href":"https:\/\/www.europesays.com\/fr\/wp-json\/wp\/v2\/posts"}],"about":[{"href":"https:\/\/www.europesays.com\/fr\/wp-json\/wp\/v2\/types\/post"}],"author":[{"embeddable":true,"href":"https:\/\/www.europesays.com\/fr\/wp-json\/wp\/v2\/users\/2"}],"replies":[{"embeddable":true,"href":"https:\/\/www.europesays.com\/fr\/wp-json\/wp\/v2\/comments?post=245159"}],"version-history":[{"count":0,"href":"https:\/\/www.europesays.com\/fr\/wp-json\/wp\/v2\/posts\/245159\/revisions"}],"wp:featuredmedia":[{"embeddable":true,"href":"https:\/\/www.europesays.com\/fr\/wp-json\/wp\/v2\/media\/8765"}],"wp:attachment":[{"href":"https:\/\/www.europesays.com\/fr\/wp-json\/wp\/v2\/media?parent=245159"}],"wp:term":[{"taxonomy":"category","embeddable":true,"href":"https:\/\/www.europesays.com\/fr\/wp-json\/wp\/v2\/categories?post=245159"},{"taxonomy":"post_tag","embeddable":true,"href":"https:\/\/www.europesays.com\/fr\/wp-json\/wp\/v2\/tags?post=245159"}],"curies":[{"name":"wp","href":"https:\/\/api.w.org\/{rel}","templated":true}]}}