{"id":245160,"date":"2025-07-12T15:10:13","date_gmt":"2025-07-12T15:10:13","guid":{"rendered":"https:\/\/www.europesays.com\/fr\/245160\/"},"modified":"2025-07-12T15:10:13","modified_gmt":"2025-07-12T15:10:13","slug":"lassassinat-de-rahma-ayat-en-allemagne-secoue-la-communaute-algerienne","status":"publish","type":"post","link":"https:\/\/www.europesays.com\/fr\/245160\/","title":{"rendered":"L&rsquo;assassinat de Rahma Ayat en Allemagne secoue la communaut\u00e9 alg\u00e9rienne"},"content":{"rendered":"<p><img loading=\"lazy\" decoding=\"async\" width=\"696\" height=\"392\" class=\"entry-thumb\" src=\"https:\/\/www.europesays.com\/fr\/wp-content\/uploads\/2025\/07\/justiceforrahma-696x392.jpg\"   alt=\"#JusticeForRahma\" title=\"#JusticeForRahma\"\/>#JusticeForRahma<\/p>\n<p>Le 4 juillet 2025, l\u2019Allemagne a \u00e9t\u00e9 le th\u00e9\u00e2tre d\u2019un crime odieux qui a profond\u00e9ment marqu\u00e9 la communaut\u00e9 alg\u00e9rienne. Rahma Ayat, une jeune infirmi\u00e8re de 26 ans originaire d\u2019Oran, a \u00e9t\u00e9 sauvagement assassin\u00e9e dans son appartement pr\u00e8s de Hanovre, soulevant des questions sur la s\u00e9curit\u00e9 des ressortissants alg\u00e9riens en Europe.<\/p>\n<p>Le quartier r\u00e9sidentiel d\u2019Arnum, commune tranquille rattach\u00e9e \u00e0 Hemmingen, n\u2019avait jamais connu pareille violence. Ce vendredi 4 juillet, vers 10h30, les habitants sont brutalement arrach\u00e9s \u00e0 leur routine par des appels au secours d\u00e9chirants. Dans la cage d\u2019escalier de l\u2019immeuble, ils d\u00e9couvrent une jeune femme baignant dans son sang, victime de multiples coups de couteau au torse et aux \u00e9paules.<\/p>\n<p>Les secours, alert\u00e9s imm\u00e9diatement, tentent l\u2019impossible. En vain. Rahma Ayat succombe \u00e0 ses blessures, laissant derri\u00e8re une communaut\u00e9 sous le choc. L\u2019enqu\u00eate r\u00e9v\u00e8le rapidement la brutalit\u00e9 de l\u2019agression : l\u2019agresseur a d\u00e9fonc\u00e9 la porte de l\u2019appartement avant de s\u2019acharner sur sa victime, qui a tent\u00e9 de fuir vers les escaliers.<\/p>\n<p>Rahma : Le r\u00eave europ\u00e9en bris\u00e9<\/p>\n<p>N\u00e9e le 14 ao\u00fbt 1998 \u00e0 Oran, Rahma Ayat incarnait cette <a href=\"https:\/\/www.afrik.com\/la-jeunesse-algerienne-avec-abdelmadjid-tebboune\" target=\"_blank\" rel=\"noopener\">jeunesse alg\u00e9rienne \u00e9duqu\u00e9e<\/a> et ouverte vers l\u2019ext\u00e9rieure. Venue en Allemagne pour suivre une formation d\u2019infirmi\u00e8re, elle avait su s\u2019int\u00e9grer tout en pr\u00e9servant son identit\u00e9. Ses coll\u00e8gues la d\u00e9crivent comme une femme douce, travailleuse, respectueuse \u2013 tout l\u2019inverse du profil que tentent parfois de dessiner les discours x\u00e9nophobes.<\/p>\n<p>Femme de convictions, Rahma portait le <a href=\"https:\/\/www.afrik.com\/miss-hijab-algerie-2022-lydia-bouzid-succede-a-khadidja-khelifa\" target=\"_blank\" rel=\"noopener\">hijab<\/a> avec fiert\u00e9, y compris sur son lieu de travail. Une libert\u00e9 qu\u2019elle consid\u00e9rait comme non n\u00e9gociable. Un d\u00e9tail qui prend aujourd\u2019hui une r\u00e9sonance particuli\u00e8re dans l\u2019enqu\u00eate.<\/p>\n<p>Le voisin rapidement arr\u00e9t\u00e9<\/p>\n<p>L\u2019homme interpell\u00e9 sur les lieux, un Allemand de 31 ans couvert de sang, habitait le m\u00eame immeuble que Rahma. Si les enqu\u00eateurs restent prudents sur les motifs du crime, les t\u00e9moignages convergent : ce voisin harcelait la jeune femme depuis des mois. Remarques d\u00e9plac\u00e9es, comportements hostiles, tensions r\u00e9p\u00e9t\u00e9es \u2013 autant de signaux d\u2019alarme qui n\u2019ont pas su pr\u00e9venir l\u2019irr\u00e9parable.<\/p>\n<p>Il s\u2019agit d\u2019un crime raciste. Une th\u00e8se que renforcent les statistiques alarmantes de l\u2019Allemagne, o\u00f9 33 963 actes racistes ont \u00e9t\u00e9 recens\u00e9s en 2024, dont 1 136 violences physiques \u2013 soit une hausse de 17% en un an.<\/p>\n<p>La r\u00e9action diplomatique d\u2019Alg\u00e9er s\u2019est faite le 10 juillet, dans les salons feutr\u00e9s du minist\u00e8re des Affaires \u00e9trang\u00e8res \u00e0 Alger, l\u2019ambassadeur allemand Georg Felsheim fait face \u00e0 Sofiane Chaib, secr\u00e9taire d\u2019\u00c9tat charg\u00e9 de la diaspora. L\u2019entretien est sans ambigu\u00eft\u00e9 : l\u2019Alg\u00e9rie qualifie l\u2019assassinat de \u00ab\u00a0crime odieux\u00a0\u00bb et exige des mesures concr\u00e8tes pour prot\u00e9ger ses ressortissants.<\/p>\n<p>Cette convocation diplomatique, rare par sa fermet\u00e9, t\u00e9moigne de l\u2019\u00e9motion suscit\u00e9e par ce drame au plus haut niveau de l\u2019\u00c9tat alg\u00e9rien. Un message clair adress\u00e9 \u00e0 Berlin : la s\u00e9curit\u00e9 des <a href=\"https:\/\/www.afrik.com\/allemagne-la-police-traque-les-migrants-irreguliers-marocains-et-algeriens\" target=\"_blank\" rel=\"noopener\">Alg\u00e9riens en Allemagne<\/a> n\u2019est pas n\u00e9gociable.<\/p>\n<p>L\u2019Allemagne face \u00e0 ses d\u00e9mons<\/p>\n<p>\u00c0 Hanovre, la communaut\u00e9 alg\u00e9rienne sous l\u2019impulsion de l\u2019activiste Hamza Allal Cherif se mobilise d\u00e8s l\u2019annonce du drame. Le 8 juillet, une marche comm\u00e9morative rassemble plusieurs dizaines de personnes dans les rues d\u2019Arnum. Pancartes \u00e0 la main, ils r\u00e9clament \u00ab\u00a0Justice pour Rahma\u00a0\u00bb et exigent que toute la lumi\u00e8re soit faite sur les circonstances du crime.<\/p>\n<p>Cette mobilisation d\u00e9passe les fronti\u00e8res allemandes. Sur les r\u00e9seaux sociaux, le hashtag #JusticeForRahma fait \u00e9cho \u00e0 une indignation collective qui transcende les nationalit\u00e9s. Le \u00ab\u00a0R\u00e9seau contre le meurtre des femmes\u00a0\u00bb annonce une manifestation de soutien, transformant ce drame personnel en cause collective.<\/p>\n<p>L\u2019assassinat de Rahma Ayat intervient dans un contexte pr\u00e9occupant. Martina Renner, d\u00e9put\u00e9e de Die Linke, tire la sonnette d\u2019alarme car cette violence n\u2019est pas le fruit du hasard. Elle s\u2019enracine dans un terreau de pr\u00e9jug\u00e9s et de peurs que certains discours politiques contribuent \u00e0 fertiliser. Rahma Ayat paie aujourd\u2019hui le prix de cette d\u00e9rive, rejoignant tristement la liste des victimes de la haine ordinaire.<\/p>\n<p>Le retour au pays natal<\/p>\n<p>Pendant que l\u2019enqu\u00eate suit son cours, les services consulaires alg\u00e9riens \u0153uvrent discr\u00e8tement mais efficacement. <a href=\"https:\/\/www.afrik.com\/la-crise-diplomatique-entre-kampala-et-berlin-ebranle-l-afrique-de-l-est\" target=\"_blank\" rel=\"noopener\">L\u2019ambassade de Berlin<\/a> et le consulat de Francfort coordonnent leurs efforts pour organiser le rapatriement de la d\u00e9pouille.<\/p>\n<p>Pour la famille de Rahma, pour la communaut\u00e9 alg\u00e9rienne, pour tous ceux qui croient encore en une soci\u00e9t\u00e9 inclusive, le proc\u00e8s \u00e0 venir rev\u00eat une importance capitale. Il dira si l\u2019Allemagne est capable de regarder en face ses zones d\u2019ombre et de les combattre avec d\u00e9termination.<\/p>\n","protected":false},"excerpt":{"rendered":"#JusticeForRahma Le 4 juillet 2025, l\u2019Allemagne a \u00e9t\u00e9 le th\u00e9\u00e2tre d\u2019un crime odieux qui a profond\u00e9ment marqu\u00e9 la&hellip;\n","protected":false},"author":2,"featured_media":245161,"comment_status":"","ping_status":"","sticky":false,"template":"","format":"standard","meta":{"footnotes":""},"categories":[1587],"tags":[11,15,672,1804,38499,1805,1803,1777,674,1801,12,1802],"class_list":{"0":"post-245160","1":"post","2":"type-post","3":"status-publish","4":"format-standard","5":"has-post-thumbnail","7":"category-allemagne","8":"tag-actualites","9":"tag-algerie","10":"tag-allemagne","11":"tag-bundesrepublik-deutschland","12":"tag-crime-et-banditisme","13":"tag-de","14":"tag-deutschland","15":"tag-eu","16":"tag-europe","17":"tag-germany","18":"tag-news","19":"tag-republique-federale-dallemagne"},"share_on_mastodon":{"url":"https:\/\/pubeurope.com\/@fr\/114840903687828489","error":""},"_links":{"self":[{"href":"https:\/\/www.europesays.com\/fr\/wp-json\/wp\/v2\/posts\/245160","targetHints":{"allow":["GET"]}}],"collection":[{"href":"https:\/\/www.europesays.com\/fr\/wp-json\/wp\/v2\/posts"}],"about":[{"href":"https:\/\/www.europesays.com\/fr\/wp-json\/wp\/v2\/types\/post"}],"author":[{"embeddable":true,"href":"https:\/\/www.europesays.com\/fr\/wp-json\/wp\/v2\/users\/2"}],"replies":[{"embeddable":true,"href":"https:\/\/www.europesays.com\/fr\/wp-json\/wp\/v2\/comments?post=245160"}],"version-history":[{"count":0,"href":"https:\/\/www.europesays.com\/fr\/wp-json\/wp\/v2\/posts\/245160\/revisions"}],"wp:featuredmedia":[{"embeddable":true,"href":"https:\/\/www.europesays.com\/fr\/wp-json\/wp\/v2\/media\/245161"}],"wp:attachment":[{"href":"https:\/\/www.europesays.com\/fr\/wp-json\/wp\/v2\/media?parent=245160"}],"wp:term":[{"taxonomy":"category","embeddable":true,"href":"https:\/\/www.europesays.com\/fr\/wp-json\/wp\/v2\/categories?post=245160"},{"taxonomy":"post_tag","embeddable":true,"href":"https:\/\/www.europesays.com\/fr\/wp-json\/wp\/v2\/tags?post=245160"}],"curies":[{"name":"wp","href":"https:\/\/api.w.org\/{rel}","templated":true}]}}