{"id":245164,"date":"2025-07-12T15:12:12","date_gmt":"2025-07-12T15:12:12","guid":{"rendered":"https:\/\/www.europesays.com\/fr\/245164\/"},"modified":"2025-07-12T15:12:12","modified_gmt":"2025-07-12T15:12:12","slug":"guerre-commerciale-donald-trump-annonce-30-de-droits-de-douane-pour-lunion-europeenne","status":"publish","type":"post","link":"https:\/\/www.europesays.com\/fr\/245164\/","title":{"rendered":"Guerre commerciale: Donald Trump annonce 30% de droits de douane pour l\u2019Union europ\u00e9enne"},"content":{"rendered":"<p>Apr\u00e8s des mois de n\u00e9gociations et de tensions, le pr\u00e9sident am\u00e9ricain Donald Trump a annonc\u00e9 samedi l\u2019imposition de droits de douane de 30% pour le Mexique et l\u2019Union europ\u00e9enne, faisant \u00e0 nouveau grimper les tensions commerciales.<\/p>\n<p>Ces droits de douane entreront en vigueur le 1er\u00a0ao\u00fbt, a indiqu\u00e9 Donald Trump dans des lettres distinctes <a href=\"https:\/\/truthsocial.com\/@realDonaldTrump\/posts\/114840270617633946\" rel=\"nofollow noopener\" target=\"_blank\">publi\u00e9es sur sa plateforme Truth Social<\/a>, citant respectivement le r\u00f4le du Mexique dans l\u2019acheminement de drogues illicites vers les Etats-Unis et un d\u00e9s\u00e9quilibre commercial avec l\u2019UE.<\/p>\n<p>Lire aussi: <a href=\"https:\/\/www.letemps.ch\/articles\/guerre-commerciale-l-ue-multiplie-les-efforts-pour-limiter-la-casse-avec-les-etats-unis\" target=\"_blank\" rel=\"noopener\">Guerre commerciale: l\u2019UE multiplie les efforts pour limiter la casse avec les Etats-Unis<\/a>  <\/p>\n<p>Une \u00abmenace majeure\u00bb pour la s\u00e9curit\u00e9<\/p>\n<p>\u00abNous avons pass\u00e9 des ann\u00e9es \u00e0 discuter de nos relations commerciales avec l\u2019Union europ\u00e9enne et nous sommes arriv\u00e9s \u00e0 la conclusion que nous devions nous \u00e9loigner de ces d\u00e9ficits commerciaux \u00e0 long terme, importants et persistants, caus\u00e9s par vos mesures tarifaires et non tarifaires et vos obstacles au commerce\u00bb, \u00e9crit Donald Trump dans la lettre adress\u00e9e \u00e0 l\u2019Union europ\u00e9enne.<\/p>\n<p>Le d\u00e9ficit commercial des Etats-Unis vis-\u00e0-vis de l\u2019UE est une \u00abmenace majeure\u00bb pour l\u2019\u00e9conomie et la s\u00e9curit\u00e9 nationale am\u00e9ricaines, poursuit le pr\u00e9sident am\u00e9ricain. Il pr\u00e9vient qu\u2019en cas de mesures de r\u00e9torsion de la part de l\u2019UE, avec l\u2019imposition d\u2019une \u00e9ventuelle surtaxe sur les biens am\u00e9ricains, une surtaxe similaire serait ajout\u00e9e aux 30% annonc\u00e9s ce samedi pour les produits europ\u00e9ens entrant aux Etats-Unis.<\/p>\n<p>\u00abSi vous \u00eates pr\u00eats \u00e0 ouvrir aux Etats-Unis votre march\u00e9 ferm\u00e9, \u00e0 \u00e9liminer vos droits de douane, vos mesures protectionnistes et les obstacles aux \u00e9changes, nous envisagerons, \u00e9ventuellement, des ajustements\u00bb, a toutefois \u00e9crit le pr\u00e9sident am\u00e9ricain \u00e0 la pr\u00e9sidente de la Commission europ\u00e9enne, Ursula von der Leyen.<\/p>\n<p>D\u00e9but avril, le chef de l\u2019Etat am\u00e9ricain avait menac\u00e9 l\u2019UE d\u2019infliger 20% de droits de douane aux produits europ\u00e9ens export\u00e9s aux Etats-Unis. Fin mai, frustr\u00e9 par le manque d\u2019avanc\u00e9e dans les n\u00e9gociations avec le bloc europ\u00e9en, il a relev\u00e9 ce taux \u00e0 50%, avec effet annonc\u00e9 au 1er\u00a0juin, finalement repouss\u00e9 au 1er\u00a0ao\u00fbt.<\/p>\n<p>Lire \u00e9galement: <a href=\"https:\/\/www.letemps.ch\/articles\/malgre-une-suspension-partielle-les-droits-de-douane-americains-transforment-deja-le-commerce-mondial\" target=\"_blank\" rel=\"noopener\">Malgr\u00e9 une suspension partielle, les droits de douane am\u00e9ricains transforment d\u00e9j\u00e0 le commerce mondial<\/a>  <\/p>\n<p>L\u2019UE pr\u00eate \u00e0 continuer les n\u00e9gociations<\/p>\n<p>L\u2019UE a r\u00e9agi en critiquant cette d\u00e9cision tout en se disant toujours pr\u00eate \u00e0 continuer \u00e0 travailler sur un accord. \u00abImposer des droits de douane de 30% sur les exportations de l\u2019UE perturberait les cha\u00eenes d\u2019approvisionnement transatlantiques essentielles, au d\u00e9triment des entreprises, des consommateurs et des patients des deux c\u00f4t\u00e9s de l\u2019Atlantique\u00bb, a d\u00e9nonc\u00e9 Mme von der Leyen dans un communiqu\u00e9.<\/p>\n<p>Mme von der Leyen a insist\u00e9 sur le fait que \u00abpeu d\u2019\u00e9conomies dans le monde \u00e9galent le niveau d\u2019ouverture de l\u2019Union europ\u00e9enne et son respect des pratiques commerciales \u00e9quitables\u00bb. \u00abL\u2019UE a constamment privil\u00e9gi\u00e9 une solution n\u00e9goci\u00e9e avec les Etats-Unis, refl\u00e9tant notre engagement en faveur du dialogue, de la stabilit\u00e9 et d\u2019un partenariat transatlantique constructif\u00bb, a-t-elle encore d\u00e9clar\u00e9.<\/p>\n<p>\u00abNous restons pr\u00eats \u00e0 poursuivre le travail vers un accord d\u2019ici le 1er\u00a0ao\u00fbt. Dans le m\u00eame temps, nous prendrons toutes les mesures n\u00e9cessaires pour sauvegarder les int\u00e9r\u00eats de l\u2019UE, y compris l\u2019adoption de contre-mesures proportionn\u00e9es si cela s\u2019av\u00e8re n\u00e9cessaire\u00bb, a-t-elle ajout\u00e9.<\/p>\n<p>Selon des sources diplomatiques, les discussions men\u00e9es jusqu\u2019ici se faisaient sur la base de droits de douane am\u00e9ricains de 10%, avec plusieurs exceptions. La Commission a n\u00e9anmoins fait savoir qu\u2019aucune nouvelle r\u00e9union n\u2019\u00e9tait, pour l\u2019instant, pr\u00e9vue entre n\u00e9gociateurs am\u00e9ricains et europ\u00e9ens.<\/p>\n<p>Lire aussi: <a href=\"https:\/\/www.letemps.ch\/articles\/les-etats-unis-un-marche-incontournable-malgre-les-droits-de-douane\" target=\"_blank\" rel=\"noopener\">Les Etats-Unis, un march\u00e9 incontournable malgr\u00e9 les droits de douane<\/a>  <\/p>\n<p>D\u00e9j\u00e0 une vingtaine d\u2019annonces<\/p>\n<p>Depuis lundi, le gouvernement Trump a pr\u00e9cis\u00e9 \u00e0 une vingtaine de partenaires commerciaux, principalement asiatiques, les taux qui seront d\u00e9sormais appliqu\u00e9s, de 20% \u00e0 40% \u00e0 l\u2019exception du Br\u00e9sil (50%).<\/p>\n<p>Une soixantaine de nations devraient, sauf accord commercial, se voir infliger des surtaxes sup\u00e9rieures \u00e0 10%, niveau plancher qui sera appliqu\u00e9 aux autres.<\/p>\n<p>Jeudi, Donald Trump a indiqu\u00e9 aux autorit\u00e9s canadiennes l\u2019entr\u00e9e en vigueur de droits de douane de 35% au 1er\u00a0ao\u00fbt.<\/p>\n<p>Dans le cas du Mexique, il s\u2019agit \u00e9galement d\u2019un rel\u00e8vement par rapport aux 25% choisis jusqu\u2019ici. Donald Trump n\u2019a pas pr\u00e9cis\u00e9 si ces tarifs douaniers ne s\u2019appliqueraient qu\u2019aux produits n\u2019entrant pas dans le cadre de l\u2019accord Canada\/Etats-Unis\/Mexique (ACEUM). Ces biens hors ACEUM ne repr\u00e9sentent toutefois qu\u2019une minorit\u00e9 des \u00e9changes entre les deux pays.<\/p>\n<p>Lire \u00e9galement: <a href=\"https:\/\/www.letemps.ch\/articles\/donald-trump-confirme-ses-premieres-salves-de-tarifs-douaniers\" target=\"_blank\" rel=\"noopener\">Donald Trump confirme ses premi\u00e8res salves de tarifs douaniers et semble laisser la porte ouverte \u00e0 des n\u00e9gociations<\/a>  <\/p>\n<p>La Suisse dans l\u2019incertitude<\/p>\n<p>La Suisse se trouve, quant \u00e0 elle, toujours dans l\u2019incertitude. Le Conseil f\u00e9d\u00e9ral a pourtant approuv\u00e9 \u00e0 la fin de la semaine derni\u00e8re une d\u00e9claration d\u2019intention pour un accord commercial avec Washington, a rapport\u00e9 mercredi la presse al\u00e9manique. Le pr\u00e9sident am\u00e9ricain Donald Trump avait par le pass\u00e9 \u00e9voqu\u00e9 pour la Suisse une surtaxe g\u00e9n\u00e9ralis\u00e9e de 31%.<\/p>\n<p>\u00abLe Conseil f\u00e9d\u00e9ral communiquera activement d\u00e8s qu\u2019il y aura des d\u00e9veloppements pertinents pour le public\u00bb, a assur\u00e9 mercredi le D\u00e9partement f\u00e9d\u00e9ral de l\u2019\u00e9conomie, de la formation et de la recherche \u00e0 l\u2019agence de presse Keystone-ATS. Jusqu\u2019au 1er\u00a0ao\u00fbt, le commerce de la Suisse avec les Etats-Unis est soumis \u00e0 un droit de douane g\u00e9n\u00e9ral de 10%.<\/p>\n<p>En Suisse: <a href=\"https:\/\/www.letemps.ch\/articles\/dans-l-attente-des-droits-de-douane-americains-le-marche-de-l-emploi-suisse-est-en-stand-by\" target=\"_blank\" rel=\"noopener\">Dans l\u2019attente des droits de douane am\u00e9ricains, le march\u00e9 de l\u2019emploi suisse est en stand-by<\/a>  <\/p>\n","protected":false},"excerpt":{"rendered":"Apr\u00e8s des mois de n\u00e9gociations et de tensions, le pr\u00e9sident am\u00e9ricain Donald Trump a annonc\u00e9 samedi l\u2019imposition de&hellip;\n","protected":false},"author":2,"featured_media":245165,"comment_status":"","ping_status":"","sticky":false,"template":"","format":"standard","meta":{"footnotes":""},"categories":[1586],"tags":[11,75,8042,73,1777,674,1779,1011,27,4438,1074,12,25,1778,364],"class_list":{"0":"post-245164","1":"post","2":"type-post","3":"status-publish","4":"format-standard","5":"has-post-thumbnail","7":"category-europe","8":"tag-actualites","9":"tag-donald-trump","10":"tag-economie-mondiale","11":"tag-etats-unis","12":"tag-eu","13":"tag-europe","14":"tag-european-union","15":"tag-fr","16":"tag-france","17":"tag-free","18":"tag-guerre-commerciale","19":"tag-news","20":"tag-republique-francaise","21":"tag-ue","22":"tag-union-europeenne"},"share_on_mastodon":{"url":"https:\/\/pubeurope.com\/@fr\/114840911456031102","error":""},"_links":{"self":[{"href":"https:\/\/www.europesays.com\/fr\/wp-json\/wp\/v2\/posts\/245164","targetHints":{"allow":["GET"]}}],"collection":[{"href":"https:\/\/www.europesays.com\/fr\/wp-json\/wp\/v2\/posts"}],"about":[{"href":"https:\/\/www.europesays.com\/fr\/wp-json\/wp\/v2\/types\/post"}],"author":[{"embeddable":true,"href":"https:\/\/www.europesays.com\/fr\/wp-json\/wp\/v2\/users\/2"}],"replies":[{"embeddable":true,"href":"https:\/\/www.europesays.com\/fr\/wp-json\/wp\/v2\/comments?post=245164"}],"version-history":[{"count":0,"href":"https:\/\/www.europesays.com\/fr\/wp-json\/wp\/v2\/posts\/245164\/revisions"}],"wp:featuredmedia":[{"embeddable":true,"href":"https:\/\/www.europesays.com\/fr\/wp-json\/wp\/v2\/media\/245165"}],"wp:attachment":[{"href":"https:\/\/www.europesays.com\/fr\/wp-json\/wp\/v2\/media?parent=245164"}],"wp:term":[{"taxonomy":"category","embeddable":true,"href":"https:\/\/www.europesays.com\/fr\/wp-json\/wp\/v2\/categories?post=245164"},{"taxonomy":"post_tag","embeddable":true,"href":"https:\/\/www.europesays.com\/fr\/wp-json\/wp\/v2\/tags?post=245164"}],"curies":[{"name":"wp","href":"https:\/\/api.w.org\/{rel}","templated":true}]}}