{"id":245173,"date":"2025-07-12T15:18:12","date_gmt":"2025-07-12T15:18:12","guid":{"rendered":"https:\/\/www.europesays.com\/fr\/245173\/"},"modified":"2025-07-12T15:18:12","modified_gmt":"2025-07-12T15:18:12","slug":"le-club-conserve-un-record-en-top-14-la-formation-brille-toujours-autant","status":"publish","type":"post","link":"https:\/\/www.europesays.com\/fr\/245173\/","title":{"rendered":"le club conserve un record en Top 14, la formation brille toujours autant"},"content":{"rendered":"<p>Tous les voyants sont au vert pour le Stade Toulousain. Fin juin, le club rouge et noir est parvenu \u00e0 encha\u00eener un troisi\u00e8me Bouclier de Brennus de rang, confirmant sa supr\u00e9matie nationale. Sur les six derni\u00e8res \u00e9ditions, les hommes d\u2019Ugo Mola sont repartis avec le troph\u00e9e \u00e0 cinq reprises.<\/p>\n<p>Record de JIFF par feuille de match<\/p>\n<p>Bien qu\u2019handicap\u00e9 par les d\u00e9parts de nombreux internationaux au cours de la saison et durant les doublons, le Stade Toulousain peut s\u2019appuyer sur un centre de formation toujours aussi performant, leur permettant de ne pas baisser de pied. Gr\u00e2ce \u00e0 tous ces facteurs, les Haut-Garonnais affichent \u00e0 nouveau le plus grand nombre de JIFF par feuille de match.<\/p>\n<p>Ainsi, le Stade Toulousain a align\u00e9 en moyenne 19,71 joueurs issus des fili\u00e8res de formation fran\u00e7aise par rencontre. Certains jeunes joueurs se sont affirm\u00e9s cette saison et devraient encore avoir l\u2019occasion de se montrer \u00e0 la reprise, \u00e0 l\u2019image de Lacombre, Bertrand, Daroque ou Gourgues.<\/p>\n<blockquote class=\"twitter-tweet\">\n<p dir=\"ltr\" lang=\"fr\">La saison pass\u00e9e \u00e0 nouveau, le Stade Toulousain est l\u2019\u00e9quipe ayant utilis\u00e9 le plus grand nombre de JIFF par feuille de match en <a href=\"https:\/\/twitter.com\/top14rugby?ref_src=twsrc%5Etfw\" rel=\"nofollow noopener\" target=\"_blank\">@top14rugby<\/a> (19,71 en moyenne) \ud83d\udd25<\/p>\n<p>Un chiffre qui souligne le travail de formation du club et la politique sportive men\u00e9e par l\u2019Association, le Centre\u2026 <a href=\"https:\/\/t.co\/tqFKbXYOTC\" rel=\"nofollow\">pic.twitter.com\/tqFKbXYOTC<\/a><\/p>\n<p>\u2014 Stade Toulousain (@StadeToulousain) <a href=\"https:\/\/twitter.com\/StadeToulousain\/status\/1943670824420200956?ref_src=twsrc%5Etfw\" rel=\"nofollow noopener\" target=\"_blank\">July 11, 2025<\/a><\/p>\n<\/blockquote>\n<p>Partagez cette info avec vos amis et vos proches en cliquant ici<br \/>Pour r\u00e9sumer<\/p>\n<p>Le Stade Toulousain truste la premi\u00e8re place du classement en Top 14 dans un domaine bien pr\u00e9cis. Cela montre la solidit\u00e9 de la formation rouge et noir. Le club est celui qui a align\u00e9 le plus de JIFF par feuille de match.<\/p>\n<p> <img decoding=\"async\" width=\"76\" height=\"76\" loading=\"lazy\" src=\"https:\/\/www.europesays.com\/fr\/wp-content\/uploads\/2025\/04\/avatar-quinze.png\" alt=\"Arnaud D\u00e9chelotte\"\/><script async src=\"https:\/\/platform.twitter.com\/widgets.js\" charset=\"utf-8\"><\/script><\/p>\n","protected":false},"excerpt":{"rendered":"Tous les voyants sont au vert pour le Stade Toulousain. Fin juin, le club rouge et noir est&hellip;\n","protected":false},"author":2,"featured_media":245174,"comment_status":"","ping_status":"","sticky":false,"template":"","format":"standard","meta":{"footnotes":""},"categories":[1416],"tags":[1011,27,479,1468,60],"class_list":{"0":"post-245173","1":"post","2":"type-post","3":"status-publish","4":"format-standard","5":"has-post-thumbnail","7":"category-rugby","8":"tag-fr","9":"tag-france","10":"tag-rugby","11":"tag-rugby-football","12":"tag-sports"},"share_on_mastodon":{"url":"https:\/\/pubeurope.com\/@fr\/114840935030287739","error":""},"_links":{"self":[{"href":"https:\/\/www.europesays.com\/fr\/wp-json\/wp\/v2\/posts\/245173","targetHints":{"allow":["GET"]}}],"collection":[{"href":"https:\/\/www.europesays.com\/fr\/wp-json\/wp\/v2\/posts"}],"about":[{"href":"https:\/\/www.europesays.com\/fr\/wp-json\/wp\/v2\/types\/post"}],"author":[{"embeddable":true,"href":"https:\/\/www.europesays.com\/fr\/wp-json\/wp\/v2\/users\/2"}],"replies":[{"embeddable":true,"href":"https:\/\/www.europesays.com\/fr\/wp-json\/wp\/v2\/comments?post=245173"}],"version-history":[{"count":0,"href":"https:\/\/www.europesays.com\/fr\/wp-json\/wp\/v2\/posts\/245173\/revisions"}],"wp:featuredmedia":[{"embeddable":true,"href":"https:\/\/www.europesays.com\/fr\/wp-json\/wp\/v2\/media\/245174"}],"wp:attachment":[{"href":"https:\/\/www.europesays.com\/fr\/wp-json\/wp\/v2\/media?parent=245173"}],"wp:term":[{"taxonomy":"category","embeddable":true,"href":"https:\/\/www.europesays.com\/fr\/wp-json\/wp\/v2\/categories?post=245173"},{"taxonomy":"post_tag","embeddable":true,"href":"https:\/\/www.europesays.com\/fr\/wp-json\/wp\/v2\/tags?post=245173"}],"curies":[{"name":"wp","href":"https:\/\/api.w.org\/{rel}","templated":true}]}}