{"id":245175,"date":"2025-07-12T15:19:10","date_gmt":"2025-07-12T15:19:10","guid":{"rendered":"https:\/\/www.europesays.com\/fr\/245175\/"},"modified":"2025-07-12T15:19:10","modified_gmt":"2025-07-12T15:19:10","slug":"wimbledon-tatiana-golovin-sur-swiatek-a-vouloir-jouer-en-force-comme-peut-le-faire-sabalenka-a-chercher-trop-vite-les-coups-gagnants-elle-avait-tendance-a-se-precipiter-je-trouve-quelle-a-ret","status":"publish","type":"post","link":"https:\/\/www.europesays.com\/fr\/245175\/","title":{"rendered":"Wimbledon > Tatiana Golovin sur Swiatek : \u00ab\u00a0\u00c0 vouloir jouer en force comme peut le faire Sabalenka, \u00e0 chercher trop vite les coups gagnants, elle avait tendance \u00e0 se pr\u00e9cipiter. Je trouve qu&rsquo;elle a retrouv\u00e9 son jeu qu&rsquo;elle n&rsquo;avait pas montr\u00e9 \u00e0 Roland-Garros\u00a0\u00bb"},"content":{"rendered":"<p>Iga Swiatek n\u2019avait atteint qu\u2019une seule fois les quarts \u00e0 Wimbledon. Ce samedi, elle va disputer sa premi\u00e8re finale sur le gazon londo\u00adnien, face \u00e0 Amanda Anisimova.\u00a0<\/p>\n<p>Consultante pour beIN Sports, Tatiana Golovin, a expliqu\u00e9 pour\u00adquoi, selon elle, la Polonaise r\u00e9alise un excellent tournoi.\u00a0<\/p>\n<p><strong>\u00ab\u202fElle a toujours eu les qualit\u00e9s pour jouer sur gazon. Mais avant, elle n\u2019y \u00e9tait pas assez pr\u00e9par\u00e9e, on la voyait vite pani\u00adquer. Oui, elle a besoin de plus de temps avec son coup droit lift\u00e9, qui fait un peu moins mal que sur terre. Mais je trouve qu\u2019elle a retrouv\u00e9 son jeu, son naturel, solide du fond du court, qu\u2019elle n\u2019avait pas montr\u00e9 \u00e0 Roland, o\u00f9 elle avait tendance \u00e0 se pr\u00e9ci\u00adpiter, \u00e0 vouloir jouer en force comme peut le faire Sabalenka, \u00e0 cher\u00adcher trop vite les coups gagnants\u202f\u00bb<\/strong>, a estim\u00e9 l\u2019ex\u201012e joueuse mondiale dans des propos relay\u00e9s par <a href=\"https:\/\/www.lequipe.fr\/Tennis\/Article\/Iga-swiatek-et-le-gazon-un-mariage-de-raison-pour-une-premiere-finale-a-wimbledon\/1577378\" data-wpel-link=\"external\" target=\"_blank\" rel=\"nofollow external noopener\">L\u2019Equipe<\/a>.<\/p>\n<p class=\"post-published-date\" style=\"color: silver; font-size: 75%; text-align: left;\">Publi\u00e9 le samedi 12 juillet 2025 \u00e0 12:04<\/p>\n","protected":false},"excerpt":{"rendered":"Iga Swiatek n\u2019avait atteint qu\u2019une seule fois les quarts \u00e0 Wimbledon. Ce samedi, elle va disputer sa premi\u00e8re&hellip;\n","protected":false},"author":2,"featured_media":245176,"comment_status":"","ping_status":"","sticky":false,"template":"","format":"standard","meta":{"footnotes":""},"categories":[1415],"tags":[7615,1011,27,2200,60,1467],"class_list":{"0":"post-245175","1":"post","2":"type-post","3":"status-publish","4":"format-standard","5":"has-post-thumbnail","7":"category-tennis","8":"tag-aryna-sabalenka","9":"tag-fr","10":"tag-france","11":"tag-iga-swiatek","12":"tag-sports","13":"tag-tennis"},"share_on_mastodon":{"url":"https:\/\/pubeurope.com\/@fr\/114840938894048316","error":""},"_links":{"self":[{"href":"https:\/\/www.europesays.com\/fr\/wp-json\/wp\/v2\/posts\/245175","targetHints":{"allow":["GET"]}}],"collection":[{"href":"https:\/\/www.europesays.com\/fr\/wp-json\/wp\/v2\/posts"}],"about":[{"href":"https:\/\/www.europesays.com\/fr\/wp-json\/wp\/v2\/types\/post"}],"author":[{"embeddable":true,"href":"https:\/\/www.europesays.com\/fr\/wp-json\/wp\/v2\/users\/2"}],"replies":[{"embeddable":true,"href":"https:\/\/www.europesays.com\/fr\/wp-json\/wp\/v2\/comments?post=245175"}],"version-history":[{"count":0,"href":"https:\/\/www.europesays.com\/fr\/wp-json\/wp\/v2\/posts\/245175\/revisions"}],"wp:featuredmedia":[{"embeddable":true,"href":"https:\/\/www.europesays.com\/fr\/wp-json\/wp\/v2\/media\/245176"}],"wp:attachment":[{"href":"https:\/\/www.europesays.com\/fr\/wp-json\/wp\/v2\/media?parent=245175"}],"wp:term":[{"taxonomy":"category","embeddable":true,"href":"https:\/\/www.europesays.com\/fr\/wp-json\/wp\/v2\/categories?post=245175"},{"taxonomy":"post_tag","embeddable":true,"href":"https:\/\/www.europesays.com\/fr\/wp-json\/wp\/v2\/tags?post=245175"}],"curies":[{"name":"wp","href":"https:\/\/api.w.org\/{rel}","templated":true}]}}