{"id":245177,"date":"2025-07-12T15:21:12","date_gmt":"2025-07-12T15:21:12","guid":{"rendered":"https:\/\/www.europesays.com\/fr\/245177\/"},"modified":"2025-07-12T15:21:12","modified_gmt":"2025-07-12T15:21:12","slug":"zarco-rejette-lidee-dun-mauvais-choix-de-pneu-comment-cest-possible","status":"publish","type":"post","link":"https:\/\/www.europesays.com\/fr\/245177\/","title":{"rendered":"Zarco rejette l&rsquo;id\u00e9e d&rsquo;un mauvais choix de pneu\u00a0: \u00ab\u00a0Comment c&rsquo;est possible\u00a0?\u00a0\u00bb"},"content":{"rendered":"<p><a href=\"https:\/\/fr.motorsport.com\/driver\/johann-zarco\/96107\/\" target=\"_blank\" rel=\"noopener\">Johann Zarco<\/a> avait fait confiance au pneu medium arri\u00e8re en qualifications, <a href=\"https:\/\/fr.motorsport.com\/motogp\/news\/zarco-cru-pole-jardin-marquez\/10741530\/\" target=\"_blank\" rel=\"noopener\">ce qui lui avait permis de s&rsquo;offrir une belle seconde place sur la grille<\/a>, \u00e0 quelques centi\u00e8mes de la pole de <a href=\"https:\/\/fr.motorsport.com\/driver\/marc-marquez\/92646\/\" target=\"_blank\" rel=\"noopener\">Marc M\u00e1rquez<\/a>. Il a de nouveau pris le contrepied de l&rsquo;\u00e9crasante majorit\u00e9 de ses rivaux lors du sprint, couru dans des conditions similaires \u00e0 la Q1, mais cette fois \u00e7a n&rsquo;a pas pay\u00e9 et le pilote LCR Honda peine \u00e0 comprendre pourquoi.<\/p>\n<p>Tout avait pourtant bien commenc\u00e9 pour Zarco qui s&rsquo;attendait quoi qu&rsquo;il arrive \u00e0 ne pas conna\u00eetre un d\u00e9but de course facile : son envol a eu beau ne pas \u00eatre excellent, loin s&rsquo;en faut, il ressortait du premier virage au troisi\u00e8me rang, seulement une position derri\u00e8re sa place de d\u00e9part. Mais tout s&rsquo;est rapidement d\u00e9lit\u00e9 par la suite\u00a0: <a href=\"https:\/\/fr.motorsport.com\/driver\/fabio-quartararo\/109400\/\" target=\"_blank\" rel=\"noopener\">Fabio Quartararo<\/a> lui a d&rsquo;abord fait un bel ext\u00e9rieur dans l&rsquo;encha\u00eenement qui suivait, avant que le vainqueur du GP de France ne d\u00e9gringole jusqu&rsquo;\u00e0 la dixi\u00e8me position en moins d&rsquo;un tour.<\/p>\n<p>Par la suite, la chute de <a href=\"https:\/\/fr.motorsport.com\/driver\/franco-morbidelli\/109417\/\" target=\"_blank\" rel=\"noopener\">Franco Morbidelli<\/a> et le tout-droit de <a href=\"https:\/\/fr.motorsport.com\/driver\/pedro-acosta\/840236\/\" target=\"_blank\" rel=\"noopener\">Pedro Acosta<\/a> lui ont permis de reprendre deux positions, avant qu&rsquo;il n&rsquo;aille lui-m\u00eame chercher la septi\u00e8me place dans le dernier tour face \u00e0 <a href=\"https:\/\/fr.motorsport.com\/driver\/alex-marquez\/96324\/\" target=\"_blank\" rel=\"noopener\">\u00c1lex M\u00e1rquez<\/a>. Il ne cachait cependant pas sa col\u00e8re face \u00e0 ce r\u00e9sultat, forc\u00e9ment loin des attentes g\u00e9n\u00e9r\u00e9es par son excellente s\u00e9ance de la matin\u00e9e, en criant et en frappant litt\u00e9ralement du poing sur une tablette \u00e0 son retour dans son box.<\/p>\n<blockquote>\n<p>\u00c7a met les boules. Il y a une pub qui dit &lsquo;c&rsquo;est bon d&rsquo;avoir les boules&rsquo;, mais pas trop aujourd&rsquo;hui.<\/p>\n<\/blockquote>\n<p>Alors, mauvais choix d&rsquo;avoir de nouveau mis\u00e9 sur le pneu medium quand le reste de la grille a pr\u00e9f\u00e9r\u00e9 le tendre ? Pas vraiment selon Zarco, qui a r\u00e9pondu aux questions de Canal+ une fois calm\u00e9 : \u00ab\u00a0Ce n&rsquo;\u00e9tait pas un mauvais choix parce qu&rsquo;il y a moins d&rsquo;eau qu&rsquo;en qualifs, et en qualifs \u00e7a a fonctionn\u00e9. J&rsquo;\u00e9tais le seul \u00e0 pouvoir l&rsquo;utiliser. Je m&rsquo;attendais \u00e0 ce qu&rsquo;il mette un peu de temps \u00e0 se mettre en condition \u2013 et c&rsquo;est pour \u00e7a que je perds des places au premier tour, et j&rsquo;accepte \u00e7a. Et en fait, tu fais 15 tours, et il ne s&rsquo;est jamais mis en condition.\u00a0\u00bb <\/p>\n<p>\u00ab\u00a0L\u00e0, on le voit d\u00e9j\u00e0 sur les datas\u00a0: le pneu, il est rest\u00e9 froid. Comment c&rsquo;est possible\u00a0?\u00a0\u00bb, s&rsquo;interroge le Fran\u00e7ais, avant de prendre le parti d&rsquo;en rire. \u00ab\u00a0\u00c7a met les boules. Il y a une pub [pour Knacki Ball] qui dit &lsquo;c&rsquo;est bon d&rsquo;avoir les boules&rsquo;, mais pas trop aujourd&rsquo;hui ! [rires] Parce que l\u00e0, vraiment, on a vu que dans ces conditions&#8230; La qualif, premi\u00e8re ligne, ce sont des chances de podium, de victoire. [La septi\u00e8me place], \u00e7a fait toujours quelques points, on se console avec \u00e7a, mais c&rsquo;\u00e9tait dur\u2026 M\u00eame apr\u00e8s dix tours\u00a0: je ne peux ni rattraper [Brad] Binder, \u00e0 peine passer \u00c1lex [M\u00e1rquez], parce que la moto n&rsquo;accroche pas et du coup il faut patienter.\u00a0\u00bb<\/p>\n<p>Zarco estime que la temp\u00e9rature aurait d\u00fb \u00ab\u00a0revenir\u00a0\u00bb<br \/>\n   <img decoding=\"async\" draggable=\"false\" src=\"https:\/\/www.europesays.com\/fr\/wp-content\/uploads\/2025\/07\/1752333672_460_johann-zarco-team-lcr-honda.jpg\" alt=\"Johann Zarco, Team LCR Honda\" width=\"1200\" height=\"800\" loading=\"lazy\"\/> <\/p>\n<p class=\"title\">Grosse d\u00e9ception pour Johann Zarco.<\/p>\n<p class=\"photographer\">Photo de: Gold and Goose Photography \/ LAT Images \/ via Getty Images<\/p>\n<p>Quand il lui est fait remarquer que la diff\u00e9rence entre une sortie des stands en qualifications &#8211; avec des pneus tout juste pass\u00e9s dans les couvertures chauffantes et une mise en action rapide &#8211; et un avant-course &#8211; o\u00f9 les pilotes restent un moment sur la grille avant un tour de formation sur un rythme lent &#8211; a pu jouer dans la mauvaise mise en temp\u00e9rature de la gomme, Zarco acquiesce tout en estimant que cela n&rsquo;explique pas tout.<\/p>\n<p>\u00ab\u00a0\u00c7a peut jouer, compl\u00e8tement. Apr\u00e8s, en qualifs, \u00e7a mettait quelques tours quand m\u00eame \u00e0 prendre, mais peut-\u00eatre qu&rsquo;il perdait moins parce qu&rsquo;on sort des stands et, d&rsquo;entr\u00e9e, on se met un peu de rythme. L\u00e0, il y a l&rsquo;attente de partir pour le tour de chauffe, ensuite le tour de chauffe, l&rsquo;attente au moment du feu rouge, donc on est conscients qu&rsquo;il y a une petite perte de temp\u00e9rature mais elle doit revenir, normalement. Et l\u00e0, malheureusement, ce n&rsquo;est pas revenu.\u00a0\u00bb<\/p>\n<p>Amen\u00e9 \u00e0 revoir les images du d\u00e9part, Zarco a comment\u00e9 : \u00ab\u00a0Non, ouais, c&rsquo;\u00e9tait pas mal. Je vois que m\u00eame [Marc] M\u00e1rquez est parti un peu loin. J&rsquo;\u00e9tais bien positionn\u00e9. J&rsquo;ai \u00e9t\u00e9 super surpris de Fabio [Quartararo], il semblait super bien, franchement \u00e7a semblait bien accrocher, alors que d&rsquo;habitude il a du mal dans ces conditions. L\u00e0, il est tout de suite all\u00e9 vite. Du coup, j&rsquo;essaie de maintenir ma position, je sais que je vais me faire doubler et j&rsquo;essaie de r\u00e9sister, mais en me disant &lsquo;t&rsquo;inqui\u00e8te pas, au bout de deux tours il t&rsquo;en restera 13 et \u00e0 partir de l\u00e0, tu auras un avantage&rsquo;. Il n&rsquo;est jamais arriv\u00e9, l&rsquo;avantage ! [rires]\u00a0\u00bb<\/p>\n<p>M\u00eame si ce sont des conditions plus s\u00e8ches qui sont attendues ce dimanche, le pilote LCR n&rsquo;aurait rien contre une <a href=\"https:\/\/fr.motorsport.com\/motogp\/news\/reglement-motogp-flag-to-flag\/10698484\/\" target=\"_self\" rel=\"noopener\">course flag-to-flag<\/a> pour tenter de signer un excellent r\u00e9sultat, \u00e0 nouveau depuis le second emplacement sur la grille. \u00ab\u00a0Ouais, carr\u00e9ment. Mais c&rsquo;est pareil\u00a0: il y a une confiance qui se cr\u00e9e sur la qualif et l\u00e0, on n&rsquo;a rien chang\u00e9 sur la moto et le pneu n&rsquo;a pas fonctionn\u00e9. Et \u00e7a, \u00e7a met les boules. Ce n&rsquo;est pas \u00e0 cause du pneu\u00a0; je ne sais pas, les conditions plus grasses ou qu&rsquo;est-ce qu&rsquo;il y a pu y avoir\u2026 Mais, clairement, on verra demain. Si c&rsquo;est humide, dans tous les cas, il y a plus de chance de podium que sur le sec.\u00a0\u00bb<\/p>\n<p>Lire aussi :<\/p>\n<p>Dans cet article<\/p>\n<p>Soyez le premier inform\u00e9 et souscrivez aux alertes mails pour recevoir les infos en temps r\u00e9el<\/p>\n<p>    S&rsquo;abonner aux alertes de news<\/p>\n","protected":false},"excerpt":{"rendered":"Johann Zarco avait fait confiance au pneu medium arri\u00e8re en qualifications, ce qui lui avait permis de s&rsquo;offrir&hellip;\n","protected":false},"author":2,"featured_media":245178,"comment_status":"","ping_status":"","sticky":false,"template":"","format":"standard","meta":{"footnotes":""},"categories":[1413],"tags":[1011,27,36254,1741,1457,1456,1458,36255,60,3771],"class_list":{"0":"post-245177","1":"post","2":"type-post","3":"status-publish","4":"format-standard","5":"has-post-thumbnail","7":"category-moto","8":"tag-fr","9":"tag-france","10":"tag-gp-dallemagne","11":"tag-johann-zarco","12":"tag-moto","13":"tag-motocycle","14":"tag-motogp","15":"tag-sachsenring","16":"tag-sports","17":"tag-team-lcr"},"share_on_mastodon":{"url":"https:\/\/pubeurope.com\/@fr\/114840946875567417","error":""},"_links":{"self":[{"href":"https:\/\/www.europesays.com\/fr\/wp-json\/wp\/v2\/posts\/245177","targetHints":{"allow":["GET"]}}],"collection":[{"href":"https:\/\/www.europesays.com\/fr\/wp-json\/wp\/v2\/posts"}],"about":[{"href":"https:\/\/www.europesays.com\/fr\/wp-json\/wp\/v2\/types\/post"}],"author":[{"embeddable":true,"href":"https:\/\/www.europesays.com\/fr\/wp-json\/wp\/v2\/users\/2"}],"replies":[{"embeddable":true,"href":"https:\/\/www.europesays.com\/fr\/wp-json\/wp\/v2\/comments?post=245177"}],"version-history":[{"count":0,"href":"https:\/\/www.europesays.com\/fr\/wp-json\/wp\/v2\/posts\/245177\/revisions"}],"wp:featuredmedia":[{"embeddable":true,"href":"https:\/\/www.europesays.com\/fr\/wp-json\/wp\/v2\/media\/245178"}],"wp:attachment":[{"href":"https:\/\/www.europesays.com\/fr\/wp-json\/wp\/v2\/media?parent=245177"}],"wp:term":[{"taxonomy":"category","embeddable":true,"href":"https:\/\/www.europesays.com\/fr\/wp-json\/wp\/v2\/categories?post=245177"},{"taxonomy":"post_tag","embeddable":true,"href":"https:\/\/www.europesays.com\/fr\/wp-json\/wp\/v2\/tags?post=245177"}],"curies":[{"name":"wp","href":"https:\/\/api.w.org\/{rel}","templated":true}]}}