{"id":245181,"date":"2025-07-12T15:23:14","date_gmt":"2025-07-12T15:23:14","guid":{"rendered":"https:\/\/www.europesays.com\/fr\/245181\/"},"modified":"2025-07-12T15:23:14","modified_gmt":"2025-07-12T15:23:14","slug":"revivez-cette-journee-de-fete","status":"publish","type":"post","link":"https:\/\/www.europesays.com\/fr\/245181\/","title":{"rendered":"revivez cette journ\u00e9e de f\u00eate"},"content":{"rendered":"<p>            Par<br \/>\n        <strong><br \/>\n            <a href=\"https:\/\/actu.fr\/auteur\/redaction-jv\" title=\"Consulter tous les articles de R\u00e9daction Vitr\u00e9\" rel=\"nofollow noopener\" target=\"_blank\">R\u00e9daction Vitr\u00e9<\/a><br \/>\n        <\/strong><\/p>\n<p>        Publi\u00e9 le<\/p>\n<p>            12 juil. 2025 \u00e0 15h48        <\/p>\n<p>Enfilez votre plus beau bob, d\u00e9pliez votre chaise de camping et pr\u00e9parez votre meilleur objectif\u2026 Le <b>Tour de France <\/b>fait son grand retour dans le<b> Pays de Vitr\u00e9<\/b> (Ille-et-Vilaine) ce <b>samedi 12\u00a0juillet <\/b>2025\u2009!<\/p>\n<p class=\" wall-content\">Les 23\u00a0\u00e9quipes traverseront le territoire pour cette<b> 8e \u00e9tape<\/b> de 171,4\u00a0km qui partira de<b> Saint-M\u00e9en-le-Grand<\/b> pour rejoindre <b>Laval (Mayenne).<\/b> Et les habitants pourront en profiter largement.<\/p>\n<p class=\" wall-content\">De La Bou\u00ebxi\u00e8re \u00e0 Gennes-sur-Seiche, en passant par Vitr\u00e9, la r\u00e9daction vous propose<a href=\"https:\/\/actu.fr\/bretagne\/vitre_35360\/tour-de-france-dans-le-pays-de-vitre-nos-meilleurs-spots-pour-voir-la-course_62897092.html\" rel=\"nofollow noopener\" target=\"_blank\"> <\/a><a href=\"https:\/\/actu.fr\/bretagne\/vitre_35360\/tour-de-france-dans-le-pays-de-vitre-nos-meilleurs-spots-pour-voir-la-course_62897092.html\" rel=\"nofollow noopener\" target=\"_blank\">ici ses meilleurs spots pour assister au spectacle.<\/a><\/p>\n<p>Le fil de la journ\u00e9e<\/p>\n<p class=\" wall-content\">C\u2019est la fin de ce direct. Merci de l\u2019avoir suivi\u2009!<\/p>\n<p class=\" wall-content\"><b>15\u2009h\u200926, \u00e0 Vitr\u00e9\u2009: arriv\u00e9e au sprint interm\u00e9diaire \u00e0 Vitr\u00e9\u2009!<\/b><\/p>\n<p class=\" wall-content\">Jonathan Milan (Lidl-Trek) remporte le sprint interm\u00e9diaire \u00e0 Vitr\u00e9, devant Tim Merlier (Soudal Quick-Step) et Anthony Turgis (TotalEnergies).<\/p>\n<p class=\" wall-content\"><b>15\u2009h\u200915, \u00e0 Gennes-sur-Seiche\u2009: les r\u00e9sidents de l\u2019Ehpad sont de la f\u00eate\u2009!<\/b><\/p>\n<p class=\" wall-content\">Les r\u00e9sidents de l\u2019Ehpad la Providence sont aux premi\u00e8res loges pour admirer le passage des coureurs du Tour de France dans le bourg.<\/p>\n<p class=\" wall-content\"><a href=\"https:\/\/www.instagram.com\/p\/DMAoeY7tTU7\/embed\" title=\"Ouvrir le lien sur Instagram\" rel=\"nofollow noopener\" target=\"_blank\">Visualiser le contenu sur Instagram<\/a><\/p>\n<p class=\" wall-content\"><b>15\u2009h\u200905, \u00e0 Vitr\u00e9\u2009: les spectateurs sont pr\u00eats<\/b><\/p>\n<p class=\" wall-content\">Les spectateurs sont nombreux au niveau de la ligne d\u2019arriv\u00e9e du sprint interm\u00e9diaire, promenade Saint-Yves, en plein coeur de Vitr\u00e9. Les coureur ne devraient plus trop tarder\u2026<\/p>\n<p>    <img   decoding=\"async\" loading=\"lazy\" class=\"size-large\" src=\"https:\/\/www.europesays.com\/fr\/wp-content\/uploads\/2025\/07\/12097320627863609732062782a097v-960x640.jpeg\" alt=\"Tour de France 2025 Vitr\u00e9\" width=\"960\" height=\"640\"\/><br \/>\n    Promenade Saint-Yves \u00e0 Vitr\u00e9. \u00a9Maxime Turberville<br \/>\n    <img   decoding=\"async\" loading=\"lazy\" class=\"size-large\" src=\"https:\/\/www.europesays.com\/fr\/wp-content\/uploads\/2025\/07\/42fc63206278666fc632062784afc6v-768x640.jpeg\" alt=\"Tour de France 2025 Vitr\u00e9\" width=\"768\" height=\"640\"\/><br \/>\n    Promenade Saint-Yves \u00e0 Vitr\u00e9. \u00a9Maxime Turberville<\/p>\n<p class=\" wall-content\"><b>15\u2009h, \u00e0 Champeaux\u2009: les coureurs arrivent\u2009!<\/b><\/p>\n<p class=\" wall-content\"><a href=\"https:\/\/www.instagram.com\/p\/DMAkwZ7xO8-\/embed\" title=\"Ouvrir le lien sur Instagram\" rel=\"nofollow noopener\" target=\"_blank\">Visualiser le contenu sur Instagram<\/a><\/p>\n<p class=\" wall-content\"><b>14\u2009h\u200950, \u00e0 Gennes-sur-Seiche\u2009: photo de famille\u2009!<\/b><\/p>\n<p class=\" wall-content\">Le Tour de France r\u00e9unit de nombreux habitants sur les bords des routes, comme cette famille, dans le bourg de Gennes-sur-Seiche, venue profiter du spectacle et des festivit\u00e9s.<\/p>\n<p>    <img   decoding=\"async\" loading=\"lazy\" class=\"size-large\" src=\"https:\/\/www.europesays.com\/fr\/wp-content\/uploads\/2025\/07\/21db4df95278615db4df95278e8db4v-960x591.jpeg\" alt=\"Une famille attendant le passage des coureurs dans le bourg de Gennes-sur-Seiche.\" width=\"960\" height=\"591\"\/><br \/>\n    Une famille attendant le passage des coureurs dans le bourg de Gennes-sur-Seiche. \u00a9Le Journal de Vitr\u00e9<\/p>\n<p class=\" wall-content\"><b>14\u2009h\u200945\u2009: droits TV<\/b><\/p>\n<p class=\" wall-content\">En raison des droits TV, Le Journal de Vitr\u00e9 ne pourra pas diffuser de vid\u00e9o du passage des coureurs du Tour de France dans le Pays de Vitr\u00e9. Mais rassurez-vous, nos t\u00e9l\u00e9phones et appareils photo sont pr\u00eats pour immortaliser cet \u00e9v\u00e9nement\u2009!<\/p>\n<p class=\" wall-content\"><b>14\u2009h\u200930, \u00e0 Champeaux\u2009: de l\u2019animation dans le village<\/b><\/p>\n<p class=\" wall-content\">Le village s\u2019anime en musique avant l\u2019arriv\u00e9e des coureurs du Tour de France avec le bagad Raoul II.<\/p>\n<p class=\" wall-content\"><a href=\"https:\/\/www.instagram.com\/p\/DMAe-YqpZYS\/embed\" title=\"Ouvrir le lien sur Instagram\" rel=\"nofollow noopener\" target=\"_blank\">Visualiser le contenu sur Instagram<\/a><\/p>\n<p class=\" wall-content\"><b>14\u2009h\u200915, \u00e0 Vitr\u00e9\u2009: le passage de la caravane en quelques photos<\/b><\/p>\n<p class=\" wall-content\"><a href=\"https:\/\/www.instagram.com\/p\/DMAcTnitNoI\/embed\" title=\"Ouvrir le lien sur Instagram\" rel=\"nofollow noopener\" target=\"_blank\">Visualiser le contenu sur Instagram<\/a><\/p>\n<p class=\" wall-content\"><b>14\u2009h, \u00e0 Gennes-sur-Seiche\u2009: on a visiblement besoin de caf\u00e9 dans le bourg<\/b><\/p>\n<p class=\" wall-content\"><a href=\"https:\/\/www.instagram.com\/p\/DMAejLNNHww\/embed\" title=\"Ouvrir le lien sur Instagram\" rel=\"nofollow noopener\" target=\"_blank\">Visualiser le contenu sur Instagram<\/a><\/p>\n<p class=\" wall-content\"><b>13\u2009h\u200945, \u00e0 Argentr\u00e9-du-Plessis\u2009: c\u2019est la f\u00eate\u2009!<\/b><\/p>\n<p class=\" wall-content\"><a href=\"https:\/\/www.instagram.com\/p\/DMAfXuVtYnI\/embed\" title=\"Ouvrir le lien sur Instagram\" rel=\"nofollow noopener\" target=\"_blank\">Visualiser le contenu sur Instagram<\/a><\/p>\n<p class=\" wall-content\"><b>13\u2009h\u200930, AU C\u0152UR DE LA CARAVANE\u2009: passage sur la ligne du sprint\u2009!<\/b><\/p>\n<p class=\" wall-content\"><a href=\"https:\/\/www.instagram.com\/p\/DMAhOoTNtK-\/embed\" title=\"Ouvrir le lien sur Instagram\" rel=\"nofollow noopener\" target=\"_blank\">Visualiser le contenu sur Instagram<\/a><\/p>\n<p class=\" wall-content\"><b>13\u2009h\u200930, \u00e0 Vitr\u00e9\u2009: le passage de la caravane publicitaire dans le centre-ville de Vitr\u00e9\u2009!<\/b><\/p>\n<p class=\" wall-content\"><a href=\"https:\/\/www.instagram.com\/p\/DMAbiRhNnKw\/embed\" title=\"Ouvrir le lien sur Instagram\" rel=\"nofollow noopener\" target=\"_blank\">Visualiser le contenu sur Instagram<\/a><\/p>\n<p>    <a href=\"https:\/\/www.facebook.com\/plugins\/video.php?height=476&amp;href=https%3A%2F%2Fwww.facebook.com%2FJournalVitre%2Fvideos%2F4188481214696693%2F&amp;show_text=false&amp;width=350&amp;t=0\" title=\"Ouvrie le lien\" rel=\"nofollow noopener\" target=\"_blank\">Cliquez ici pour visualiser le contenu<\/a><\/p>\n<p class=\" wall-content\"><b>13\u2009h\u200920, AU C\u0152UR DE LA CARAVANE\u2009: les rues de Champeaux sont bond\u00e9es\u2009!<\/b><\/p>\n<p class=\" wall-content\"><a href=\"https:\/\/www.instagram.com\/p\/DMAdXEmt7OT\/embed\" title=\"Ouvrir le lien sur Instagram\" rel=\"nofollow noopener\" target=\"_blank\">Visualiser le contenu sur Instagram<\/a><\/p>\n<p class=\" wall-content\"><b>13\u2009h\u200920, \u00e0 Champeaux\u2009: la caravane est l\u00e0\u2009!<\/b><\/p>\n<p class=\" wall-content\"><a href=\"https:\/\/www.instagram.com\/p\/DMAb2oBNT21\/embed\" title=\"Ouvrir le lien sur Instagram\" rel=\"nofollow noopener\" target=\"_blank\">Visualiser le contenu sur Instagram<\/a><\/p>\n<p class=\" wall-content\"><b>13\u2009h\u200915, \u00e0 Gennes-sur-Seiche\u2009: une cycliste n\u00e9o-z\u00e9landaise pr\u00e9sente pour le Tour<\/b><\/p>\n<p class=\" wall-content\">Glenice est venue sp\u00e9cialement de Nouvelle-Z\u00e9lande pour suivre le Tour de France sur place. Pour cette 8e \u00e9tape, elle a d\u00e9ploy\u00e9 sa tente au camping\u2009!<\/p>\n<p>    <img   decoding=\"async\" loading=\"lazy\" class=\"size-large\" src=\"https:\/\/www.europesays.com\/fr\/wp-content\/uploads\/2025\/07\/2ab54065427866eb54065427832c54v-960x591.jpeg\" alt=\"Glenice est venue sp\u00e9cialement de Nouvelle-Z\u00e9lande pour suivre le Tour de France sur place. Pour cette 8e \u00e9tape, elle a d\u00e9ploy\u00e9 sa tente au camping ! Tour de France 2025 Gennes\" width=\"960\" height=\"591\"\/><br \/>\n    Glenice est venue sp\u00e9cialement de Nouvelle-Z\u00e9lande pour suivre le Tour de France sur place. Pour cette 8e \u00e9tape, elle a d\u00e9ploy\u00e9 sa tente au camping\u2009! Tour de France 2025 Gennes \u00a9Le Journal de Vitr\u00e9<\/p>\n<p class=\" wall-content\"><b>13\u2009h\u200910 \u00e0 Champeaux\u2009: c\u2019est la pause dej\u2019 aussi \u00e0 Champeaux, avant l\u2019arriv\u00e9e de la caravane publicitaire<\/b><\/p>\n<p class=\" wall-content\">Sylvie et \u00c9ric de Montreuil-sous-P\u00e9rouse sont venus sp\u00e9cialement assister au passage du Tour de France dans le village historique de Champeaux pour la nourriture servie par plusieurs producteurs locaux. En l\u2019occurrence, de bons hamburgers\u2009! De quoi patienter avant le passage de la caravane\u2026<\/p>\n<p>    <img   decoding=\"async\" loading=\"lazy\" class=\"size-large\" src=\"https:\/\/www.europesays.com\/fr\/wp-content\/uploads\/2025\/07\/c5fb787242786a9fb787242787dfb7v-960x640.jpeg\" alt=\"Tour de France 2025 Champeaux\" width=\"960\" height=\"640\"\/><br \/>\n    Tour de France 2025 Champeaux \u00a9Lucile Trihan Coignard<\/p>\n<p class=\" wall-content\"><a href=\"https:\/\/www.instagram.com\/p\/DMAXylYMqrL\/embed\" title=\"Ouvrir le lien sur Instagram\" rel=\"nofollow noopener\" target=\"_blank\">Visualiser le contenu sur Instagram<\/a><\/p>\n<p class=\" wall-content\"><b>13\u2009h, \u00e0 Vitr\u00e9\u2009: pause casse-cro\u00fbte \u00e0 l\u2019ombre de la promenade Saint-Yves.<\/b><\/p>\n<p>    <img   decoding=\"async\" loading=\"lazy\" class=\"size-large\" src=\"https:\/\/www.europesays.com\/fr\/wp-content\/uploads\/2025\/07\/d78a6e2042786cb8a6e2042788f8a6v-960x640.jpeg\" alt=\"Tour de France 2025 Vitr\u00e9\" width=\"960\" height=\"640\"\/><br \/>\n    C\u2019est la pause casse-cro\u00fbte pr\u00e8s de l\u2019arriv\u00e9e du sprint interm\u00e9diaire \u00e0 Vitr\u00e9. \u00a9Maxime Turberville<\/p>\n<p class=\" wall-content\"><b>12\u2009h\u200950, \u00e0 Vitr\u00e9\u2009: un dr\u00f4le de v\u00e9lo dans les rues du centre-ville\u2026<\/b><\/p>\n<p class=\" wall-content\">On a crois\u00e9 un grand bi dans les rues de Vitr\u00e9\u2009! Ce type de bicyclette est \u00e0 retrouver pr\u00e8s de la cour du ch\u00e2teau de Vitr\u00e9 (10\u2009h-13\u2009h et 14\u2009h-18\u2009h). Une animation gratuite de v\u00e9los anciens y est organis\u00e9e.<\/p>\n<p>    <img   decoding=\"async\" loading=\"lazy\" class=\"size-large\" src=\"https:\/\/www.europesays.com\/fr\/wp-content\/uploads\/2025\/07\/7e7de47e32786428de47e3278268dev-960x640.jpeg\" alt=\"Une association propose une animation dans la cour du ch\u00e2teau de Vitr\u00e9.\" width=\"960\" height=\"640\"\/><br \/>\n    Une association propose une animation dans la cour du ch\u00e2teau de Vitr\u00e9. \u00a9Maxime Turberville<\/p>\n<p class=\" wall-content\"><b>12\u2009h\u200920, AU C\u0152UR DE LA CARAVANE\u2009: passage dans les rues de Romill\u00e9\u2009!<\/b><\/p>\n<p class=\" wall-content\"><a href=\"https:\/\/www.instagram.com\/p\/DMATC-dNIeh\/embed\" title=\"Ouvrir le lien sur Instagram\" rel=\"nofollow noopener\" target=\"_blank\">Visualiser le contenu sur Instagram<\/a><\/p>\n<p class=\" wall-content\"><b>11\u2009h\u200950, \u00e0 Vitr\u00e9\u2009: derniers r\u00e9glages pour le service voirie de la ville<\/b><\/p>\n<p class=\" wall-content\">Didier Louvel, responsable du service voirie \u00e0 la mairie de Vitr\u00e9 et les agents peaufinent les derniers pr\u00e9paratifs pour s\u00e9curiser le passage du Tour.<\/p>\n<p class=\" wall-content\">Une cinquantaine d\u2019agents de la Ville et autant de b\u00e9n\u00e9voles sont mobilis\u00e9s pour cette journ\u00e9e.<\/p>\n<p class=\" wall-content\"><b>11\u2009h\u200940, \u00e0 Vitr\u00e9\u2009: des animations dans le centre-ville<\/b><\/p>\n<p class=\" wall-content\">Les partenaires du Tour et associations locales proposent des animations tout au long de cette journ\u00e9e.<\/p>\n<p class=\" wall-content\">Groupama a notamment ouvert son village du Tour de France, enti\u00e8rement gratuit et ouvert \u00e0 tous, de 10\u2009h \u00e0 18\u2009h.<\/p>\n<p class=\" wall-content\"><a href=\"https:\/\/www.instagram.com\/p\/DMAPW9UtIXw\/embed\" title=\"Ouvrir le lien sur Instagram\" rel=\"nofollow noopener\" target=\"_blank\">Visualiser le contenu sur Instagram<\/a><\/p>\n<p>    <img   decoding=\"async\" loading=\"lazy\" class=\"size-large\" src=\"https:\/\/www.europesays.com\/fr\/wp-content\/uploads\/2025\/07\/117f720532786157f72053278e87f7v-960x640.jpeg\" alt=\"Animations Tour de France 2025 Vitr\u00e9\" width=\"960\" height=\"640\"\/><br \/>\n    Des animations sont propos\u00e9es \u00e0 Vir\u00e9 pour le Tour de France. \u00a9Maxime Turberville<\/p>\n<p class=\" wall-content\"><b>11\u2009h\u200930, AU C\u0152UR DE LA CARAVANE<\/b><b>\u2009: la caravane Senseo part de Saint-M\u00e9en-le-Grand avec Louis \u00e0 son bord\u2009!<\/b><\/p>\n<p class=\" wall-content\"><a href=\"https:\/\/www.instagram.com\/p\/DMAP1GPNT8b\/embed\" title=\"Ouvrir le lien sur Instagram\" rel=\"nofollow noopener\" target=\"_blank\">Visualiser le contenu sur Instagram<\/a><\/p>\n<p class=\" wall-content\"><b>11\u2009h\u200920, \u00e0 Vitr\u00e9\u2009: des centaines de spectateurs sont d\u00e9j\u00e0 pr\u00e9sents\u2009!<\/b><\/p>\n<p class=\" wall-content\">Plusieurs centaines de personnes sont d\u00e9j\u00e0 pr\u00e9sentes \u00e0 Vitr\u00e9 au niveau du sprint interm\u00e9diaire. Les meilleures places sont r\u00e9serv\u00e9es. Beaucoup de familles profitent des animations sur le parvis de la gare.<\/p>\n<p>    <a href=\"https:\/\/www.facebook.com\/plugins\/video.php?height=476&amp;href=https%3A%2F%2Fwww.facebook.com%2Freel%2F1064829141942717%2F&amp;show_text=false&amp;width=350&amp;t=0\" title=\"Ouvrie le lien\" rel=\"nofollow noopener\" target=\"_blank\">Cliquez ici pour visualiser le contenu<\/a><\/p>\n<p class=\" wall-content\"><b>11\u2009h\u200910, \u00e0 Argentr\u00e9-du-Plessis\u2009: les commer\u00e7ants de la rue principale sont pr\u00eats pour le Tour<\/b><\/p>\n<p class=\" wall-content\">\u00c0 Argentr\u00e9-du-Plessis, les commer\u00e7ants de la rue principale ont sorti les buvettes sur les trottoirs, il y a d\u00e9j\u00e0 du monde sur place.<\/p>\n<p>    <img   decoding=\"async\" loading=\"lazy\" class=\"size-large\" src=\"https:\/\/www.europesays.com\/fr\/wp-content\/uploads\/2025\/07\/b9de600032786bdde6000327881ee6v-960x640.jpeg\" alt=\"Les commer\u00e7ants de la rue principale d'Argentr\u00e9-du-Plessis sont pr\u00eats pour la Tour de France.\" width=\"960\" height=\"640\"\/><br \/>\n    Les commer\u00e7ants de la rue principale d\u2019Argentr\u00e9-du-Plessis sont pr\u00eats pour la Tour de France. \u00a9Le Journal de Vitr\u00e9<br \/>\n    <img   decoding=\"async\" loading=\"lazy\" class=\"size-large\" src=\"https:\/\/www.europesays.com\/fr\/wp-content\/uploads\/2025\/07\/e1958f4232786c5958f42327899958v-768x640.jpeg\" alt=\"Le restaurant le cheval Blanc et la cave Divin\" width=\"768\" height=\"640\"\/><br \/>\n    Le restaurant le cheval Blanc et la cave Divin \u00e0 Argentr\u00e9-du-Plessis. \u00a9Le Journal de Vitr\u00e9<\/p>\n<p class=\" wall-content\"><b>11\u2009h\u200905, \u00e0 Vitr\u00e9\u2009: la place de la gare s\u2019anime<\/b><\/p>\n<p class=\" wall-content\">Des animations sont propos\u00e9es place de la gare \u00e0 Vitr\u00e9 o\u00f9 plusieurs centaines de personnes sont d\u00e9j\u00e0 pr\u00e9sentes.<\/p>\n<p>    <img   decoding=\"async\" loading=\"lazy\" class=\"size-large\" src=\"https:\/\/www.europesays.com\/fr\/wp-content\/uploads\/2025\/07\/2e30cfee227863240cfee22784640cv-960x640.jpeg\" alt=\"Animations place de la gare \u00e0 Vitr\u00e9 o\u00f9 plusieurs centaines de personnes sont d\u00e9j\u00e0 pr\u00e9sentes\" width=\"960\" height=\"640\"\/><br \/>\n    Place de la gare \u00e0 Vitr\u00e9. \u00a9Maxime Turberville<\/p>\n<p class=\" wall-content\"><b>11\u2009h, AU C\u0152UR DE LA CARAVANE\u2009: Louis, notre correspondant local, va vivre le Tour de France depuis la caravane Senseo\u2009!<\/b><b\/><\/p>\n<p class=\" wall-content\"><a href=\"https:\/\/www.instagram.com\/p\/DMAMQVBtxCV\/embed\" title=\"Ouvrir le lien sur Instagram\" rel=\"nofollow noopener\" target=\"_blank\">Visualiser le contenu sur Instagram<\/a><\/p>\n<p class=\" wall-content\"><b>10\u2009h\u200950, \u00e0 Vitr\u00e9\u2009: le CCV est en place\u2009!<\/b><\/p>\n<p class=\" wall-content\">Le Cyclo club vitr\u00e9en est d\u00e9j\u00e0 sur place \u00e0 Vitr\u00e9, avec ses jeunes aux couleurs du club, pour profiter de cette grande journ\u00e9e de v\u00e9lo\u2009!<\/p>\n<p class=\" wall-content\"><a href=\"https:\/\/www.instagram.com\/p\/DMAHqwqN7yv\/embed\" title=\"Ouvrir le lien sur Instagram\" rel=\"nofollow noopener\" target=\"_blank\">Visualiser le contenu sur Instagram<\/a><\/p>\n<p>    <img   decoding=\"async\" loading=\"lazy\" class=\"size-large\" src=\"https:\/\/www.europesays.com\/fr\/wp-content\/uploads\/2025\/07\/c1478a1222786e5478a122278b9478v-960x640.jpeg\" alt=\"Les membres du CCV Vitr\u00e9\" width=\"960\" height=\"640\"\/><br \/>\n    Les membres du Cyclo club vitr\u00e9en. \u00a9Maxime Turberville<\/p>\n<p class=\" wall-content\"><b>10\u2009h\u200945\u2009: cette 8e \u00e9tape rendra hommage \u00e0<\/b><b>\u00a0Louison Bobet, l\u00e9gende fran\u00e7aise du Tour de France.<\/b><\/p>\n<p class=\" wall-content\"><a href=\"https:\/\/www.instagram.com\/p\/DL_hlqpIyUu\/embed\" title=\"Ouvrir le lien sur Instagram\" rel=\"nofollow noopener\" target=\"_blank\">Visualiser le contenu sur Instagram<\/a><\/p>\n<p>Sprint interm\u00e9diaire \u00e0 Vitr\u00e9 vers 15\u2009h\u200915<\/p>\n<p class=\" wall-content\">Vitr\u00e9 verra notamment les coureurs traverser le centre-ville, o\u00f9 un <b>sprint interm\u00e9diaire <\/b>se jouera au niveau de la <b>place Saint-Yves,<\/b> comme en 2021.<\/p>\n<p class=\" wall-content\">Il permettra aux coureurs d\u2019engranger des points au classement du maillot vert, qui chaque ann\u00e9e r\u00e9compense le meilleur sprinteur.<\/p>\n<p>    <a href=\"https:\/\/www.google.com\/maps\/d\/embed?mid=11N29lufGok5OPh6fYOXM3WfPmUDq-bY&amp;ehbc=2E312F\" title=\"Ouvrie le lien\" rel=\"nofollow noopener\" target=\"_blank\">Cliquez ici pour visualiser le contenu<\/a><\/p>\n<p class=\" wall-content\">Le passage des coureurs est pr\u00e9vu vers <b>15\u2009h\u200915 <\/b>\u00e0 Vitr\u00e9. De nombreuses animations seront organis\u00e9es dans le secteur de la gare (de 10\u2009h \u00e0 18\u2009h). Un <b>\u00e9cran g\u00e9ant<\/b> sera aussi install\u00e9 pour profiter pleinement de la course jusqu\u2019au podium. La<a href=\"https:\/\/actu.fr\/bretagne\/vitre_35360\/tour-de-france-en-ille-et-vilaine-ecran-geant-et-animations-dans-cette-commune_62900208.html\" rel=\"nofollow noopener\" target=\"_blank\"> ville d\u2019Argentr\u00e9-du-Plessis s\u2019animera aussi pour l\u2019occasion.<\/a><\/p>\n<p>Les caravanes publicitaires d\u00e8s 13\u2009h \u00e0 La Bou\u00ebxi\u00e8re et 13\u2009h\u200920 \u00e0 Vitr\u00e9<\/p>\n<p class=\" wall-content\">Mais avant la course, le spectacle sera au rendez-vous sur le parcours avec le d\u00e9fil\u00e9 festif des caravanes publicitaires du Tour de France. Elle est attendue vers 13\u2009h\u200915 \u00e0 Vitr\u00e9. L\u2019un de nos correspondants a d\u2019ailleurs embarqu\u00e9 dans l\u2019une d\u2019elles, la caravane Senseo, pour vous faire vivre l\u2019\u00e9v\u00e9nement de l\u2019int\u00e9rieur\u2009!<\/p>\n<p class=\" wall-content\"><b>Lucile Trihan Coignard, Maxime Turberville et L\u00e9o Gautret avec nos correspondants locaux<\/b><\/p>\n<p class=\" wall-content\">Suivez toute l\u2019actualit\u00e9 de vos villes et m\u00e9dias favoris en vous inscrivant \u00e0 <a href=\"https:\/\/moncompte.actu.fr\" title=\"D\u00e9couvez Mon Actu\" rel=\"nofollow noopener\" data-trk=\"{&quot;cta&quot;:{&quot;action&quot;:&quot;https:\\\/\\\/moncompte.actu.fr&quot;,&quot;category&quot;:&quot;mon compte&quot;,&quot;from&quot;:&quot;article footer&quot;,&quot;name&quot;:&quot;Mon actu&quot;,&quot;type&quot;:&quot;cta&quot;}}\" target=\"_blank\">Mon Actu<\/a>.<\/p>\n<ul class=\"ac-article-tag wall-content\">\n<li><a href=\"https:\/\/actu.fr\/tag\/tour-de-france\" data-trk=\"{&quot;cta&quot;:{&quot;action&quot;:&quot;Tour de France&quot;,&quot;category&quot;:&quot;tag&quot;,&quot;from&quot;:&quot;article footer&quot;,&quot;name&quot;:&quot;Tour de France&quot;,&quot;type&quot;:&quot;cta&quot;}}\" rel=\"nofollow noopener\" target=\"_blank\">#Tour de France<\/a><\/li>\n<li><a href=\"https:\/\/actu.fr\/tag\/tour-de-france-2025\" data-trk=\"{&quot;cta&quot;:{&quot;action&quot;:&quot;Tour de France 2025&quot;,&quot;category&quot;:&quot;tag&quot;,&quot;from&quot;:&quot;article footer&quot;,&quot;name&quot;:&quot;Tour de France 2025&quot;,&quot;type&quot;:&quot;cta&quot;}}\" rel=\"nofollow noopener\" target=\"_blank\">#Tour de France 2025<\/a><\/li>\n<\/ul>\n<p>                    <script async src=\"\/\/www.instagram.com\/embed.js\"><\/script><\/p>\n","protected":false},"excerpt":{"rendered":"Par R\u00e9daction Vitr\u00e9 Publi\u00e9 le 12 juil. 2025 \u00e0 15h48 Enfilez votre plus beau bob, d\u00e9pliez votre chaise&hellip;\n","protected":false},"author":2,"featured_media":245182,"comment_status":"","ping_status":"","sticky":false,"template":"","format":"standard","meta":{"footnotes":""},"categories":[1411],"tags":[1154,207,1011,27,104,60,210,2116],"class_list":{"0":"post-245181","1":"post","2":"type-post","3":"status-publish","4":"format-standard","5":"has-post-thumbnail","7":"category-cyclisme","8":"tag-cycling","9":"tag-cyclisme","10":"tag-fr","11":"tag-france","12":"tag-societe","13":"tag-sports","14":"tag-tour-de-france","15":"tag-tour-de-france-2025"},"share_on_mastodon":{"url":"https:\/\/pubeurope.com\/@fr\/114840955313757194","error":""},"_links":{"self":[{"href":"https:\/\/www.europesays.com\/fr\/wp-json\/wp\/v2\/posts\/245181","targetHints":{"allow":["GET"]}}],"collection":[{"href":"https:\/\/www.europesays.com\/fr\/wp-json\/wp\/v2\/posts"}],"about":[{"href":"https:\/\/www.europesays.com\/fr\/wp-json\/wp\/v2\/types\/post"}],"author":[{"embeddable":true,"href":"https:\/\/www.europesays.com\/fr\/wp-json\/wp\/v2\/users\/2"}],"replies":[{"embeddable":true,"href":"https:\/\/www.europesays.com\/fr\/wp-json\/wp\/v2\/comments?post=245181"}],"version-history":[{"count":0,"href":"https:\/\/www.europesays.com\/fr\/wp-json\/wp\/v2\/posts\/245181\/revisions"}],"wp:featuredmedia":[{"embeddable":true,"href":"https:\/\/www.europesays.com\/fr\/wp-json\/wp\/v2\/media\/245182"}],"wp:attachment":[{"href":"https:\/\/www.europesays.com\/fr\/wp-json\/wp\/v2\/media?parent=245181"}],"wp:term":[{"taxonomy":"category","embeddable":true,"href":"https:\/\/www.europesays.com\/fr\/wp-json\/wp\/v2\/categories?post=245181"},{"taxonomy":"post_tag","embeddable":true,"href":"https:\/\/www.europesays.com\/fr\/wp-json\/wp\/v2\/tags?post=245181"}],"curies":[{"name":"wp","href":"https:\/\/api.w.org\/{rel}","templated":true}]}}