{"id":245187,"date":"2025-07-12T15:26:16","date_gmt":"2025-07-12T15:26:16","guid":{"rendered":"https:\/\/www.europesays.com\/fr\/245187\/"},"modified":"2025-07-12T15:26:16","modified_gmt":"2025-07-12T15:26:16","slug":"le-chambon-sur-lignon-une-expo-photos-issue-dun-film-et-dun-livre-cet-ete-au-parcours-accrobranche","status":"publish","type":"post","link":"https:\/\/www.europesays.com\/fr\/245187\/","title":{"rendered":"Le Chambon-sur-Lignon : une expo photos issue d&rsquo;un film et d&rsquo;un livre cet \u00e9t\u00e9 au parcours accrobranche"},"content":{"rendered":"<p>\t\t\t\t\t\t\t\t\t\t\t\t\t\t\t\t\t\t\t\t\t\t\t\t\t\t\t\t\t\t\t\t\t\t\t\t\t\t\t\t\t\t\t\t\t\t<img decoding=\"async\" src=\"https:\/\/www.europesays.com\/fr\/wp-content\/uploads\/2025\/07\/CARRE.gif\" alt=\"Annonces l\u00e9gales Une\"\/><\/p>\n<p>\t\t\t\t\t\t\t\t\t\t\t\t\t\t\t\t\t\t\t\t\t\t\t\t\t\t\t\t\t\t\t\t\t\t\t\t\t\t\t\t\t\t\t\t\t\t\t\t\t\t\t\t\t\t\t\t\t\t\t\t\t\t\t<a href=\"https:\/\/www.lacommere43.fr\/component\/banners\/click\/1798.html\" target=\"_blank\" title=\"HPV escape game juillet 2025\" rel=\"noopener\"><br \/>\n\t\t\t\t\t\t\t<img decoding=\"async\" src=\"https:\/\/www.europesays.com\/fr\/wp-content\/uploads\/2025\/07\/pub_la_Commre_-_enquete.gif\" alt=\"HPV escape game juillet 2025\"\/><br \/>\n\t\t\t\t\t\t<\/a><\/p>\n<p><strong>Le parcours accrobranche l&rsquo;Ecureuil au Chambon-sur-Lignon sert d&rsquo;\u00e9crin \u00e0 une exposition de photos, \u00ab\u00a0Les Immortelles\u00a0\u00bb, n\u00e9e d&rsquo;un film documentaire et d&rsquo;un livre \u00e9ponyme. A voir tous les jours jusqu&rsquo;au 31 ao\u00fbt.<\/strong><\/p>\n<p>Au coeur des arbres, des lianes et des tyroliennes, des photos invitent \u00e0 une plong\u00e9e dans le monde agricole f\u00e9minin d&rsquo;Auvergne. Cette expo se compose d&rsquo;une quarantaine de clich\u00e9s r\u00e9alis\u00e9s par les cin\u00e9astes L\u00e9a Rossignol et Pierrick Laurent et surtout le photographe clermontois Gr\u00e9goire Delanos.<\/p>\n<p><strong>Un film en 2022<\/strong><\/p>\n<p>Tout a commenc\u00e9 en 2020 avec l&rsquo;id\u00e9e d&rsquo;un documentaire sur les femmes dans l&rsquo;agriculture, \u00e0 travers trois portraits d&rsquo;Altilig\u00e9riennes pour trois parcours et trois approches diff\u00e9rentes : Anne-Lise Boissat, Pascale Fourn et Marie-Louise Portal. Le documentaire sorti en 2022 a fait le tour du d\u00e9partement avec 80 projections appr\u00e9ci\u00e9es.<\/p>\n<p><strong>Un livre en 2024<\/strong><\/p>\n<p>Le travail des deux cin\u00e9astes s&rsquo;est prolong\u00e9 en 2023 avec le livre \u00ab\u00a0Les Immortelles\u00a0\u00bb, du m\u00eame titre que le film, d\u00e9bordant sur les trois autres d\u00e9partements d&rsquo;Auvergne mais avec la m\u00eame approche : des femmes agricultrices. Une quatri\u00e8me Altilig\u00e9rienne a \u00e9t\u00e9 ajout\u00e9e, Josette Laurent Kepinski, la grand-m\u00e8re de Pierrick. Dans ce livre, les t\u00e9moignages sont compl\u00e9t\u00e9s par des textes scientifiques de Michel Streith (anthropologue) et J\u00e9r\u00e9mie Perche (g\u00e9ographe) ainsi que d&rsquo;une pr\u00e9face de l&rsquo;\u00e9crivaine Marie-H\u00e9l\u00e8ne Lafon.<\/p>\n<p><strong>En acc\u00e8s libre et gratuit<\/strong><\/p>\n<p>L&rsquo;exposition estivale au Chambon-sur-Lignon permet de retrouver certaines photos issues du livre mais aussi des clich\u00e9s in\u00e9dits. A d\u00e9couvrir librement chaque jour de 10 heures \u00e0 19 heures au parcours aventure l&rsquo;Ecureuil jusqu&rsquo;au 31 ao\u00fbt.<\/p><\/p>\n","protected":false},"excerpt":{"rendered":"Le parcours accrobranche l&rsquo;Ecureuil au Chambon-sur-Lignon sert d&rsquo;\u00e9crin \u00e0 une exposition de photos, \u00ab\u00a0Les Immortelles\u00a0\u00bb, n\u00e9e d&rsquo;un film&hellip;\n","protected":false},"author":2,"featured_media":245188,"comment_status":"","ping_status":"","sticky":false,"template":"","format":"standard","meta":{"footnotes":""},"categories":[1358],"tags":[2281,1348,1384,1385,1386,58,59,2282,1011,27,2280,2284,2285,2283],"class_list":{"0":"post-245187","1":"post","2":"type-post","3":"status-publish","4":"format-standard","5":"has-post-thumbnail","7":"category-arts-et-design","8":"tag-actualite-43","9":"tag-arts","10":"tag-arts-and-design","11":"tag-arts-et-design","12":"tag-design","13":"tag-divertissement","14":"tag-entertainment","15":"tag-faits-divers-auvergne","16":"tag-fr","17":"tag-france","18":"tag-information-haute-loire","19":"tag-infos-43","20":"tag-journal-haute-loire","21":"tag-la-commere-43"},"share_on_mastodon":{"url":"https:\/\/pubeurope.com\/@fr\/114840966754816585","error":""},"_links":{"self":[{"href":"https:\/\/www.europesays.com\/fr\/wp-json\/wp\/v2\/posts\/245187","targetHints":{"allow":["GET"]}}],"collection":[{"href":"https:\/\/www.europesays.com\/fr\/wp-json\/wp\/v2\/posts"}],"about":[{"href":"https:\/\/www.europesays.com\/fr\/wp-json\/wp\/v2\/types\/post"}],"author":[{"embeddable":true,"href":"https:\/\/www.europesays.com\/fr\/wp-json\/wp\/v2\/users\/2"}],"replies":[{"embeddable":true,"href":"https:\/\/www.europesays.com\/fr\/wp-json\/wp\/v2\/comments?post=245187"}],"version-history":[{"count":0,"href":"https:\/\/www.europesays.com\/fr\/wp-json\/wp\/v2\/posts\/245187\/revisions"}],"wp:featuredmedia":[{"embeddable":true,"href":"https:\/\/www.europesays.com\/fr\/wp-json\/wp\/v2\/media\/245188"}],"wp:attachment":[{"href":"https:\/\/www.europesays.com\/fr\/wp-json\/wp\/v2\/media?parent=245187"}],"wp:term":[{"taxonomy":"category","embeddable":true,"href":"https:\/\/www.europesays.com\/fr\/wp-json\/wp\/v2\/categories?post=245187"},{"taxonomy":"post_tag","embeddable":true,"href":"https:\/\/www.europesays.com\/fr\/wp-json\/wp\/v2\/tags?post=245187"}],"curies":[{"name":"wp","href":"https:\/\/api.w.org\/{rel}","templated":true}]}}