{"id":245193,"date":"2025-07-12T15:29:10","date_gmt":"2025-07-12T15:29:10","guid":{"rendered":"https:\/\/www.europesays.com\/fr\/245193\/"},"modified":"2025-07-12T15:29:10","modified_gmt":"2025-07-12T15:29:10","slug":"heureux-et-fier-jean-jacques-goldman-sort-du-silence-et-reapparait-pour-faire-un-enorme-don","status":"publish","type":"post","link":"https:\/\/www.europesays.com\/fr\/245193\/","title":{"rendered":"\u00ab\u00a0Heureux et fier\u00a0\u00bb, Jean-Jacques Goldman sort du silence et r\u00e9appara\u00eet pour faire un \u00e9norme don"},"content":{"rendered":"<p>      R\u00e9sum\u00e9<\/p>\n<p>Jean-Jacques Goldman revient avec une chanson in\u00e9dite au profit des bless\u00e9s de guerre, c\u00e9dant tous les droits \u00e0 l\u2019\u0152uvre du Bleuet de France, marquant ainsi son engagement humaniste.<\/p>\n<p>        Sommaire<\/p>\n<p>Le 10 avril 2025, \u00e0 la Salle Pleyel, les spectateurs du concert caritatif Sentinelles d\u2019un soir ont assist\u00e9 \u00e0 un petit moment d\u2019histoire : <strong>la premi\u00e8re chanson in\u00e9dite sign\u00e9e <a href=\"https:\/\/www.public.fr\/cest-officiel-jean-jacques-goldman-fait-son-grand-retour-aux-enfoires\" rel=\"nofollow noopener\" target=\"_blank\">Jean-Jacques Goldman <\/a>depuis plus de deux d\u00e9cennies<\/strong>. Intitul\u00e9e \u00ab\u00a0On sera l\u00e0\u00a0\u00bb, cette ballade poignante rend hommage aux bless\u00e9s de guerre, aux anciens combattants, aux victimes d\u2019attentats.<\/p>\n<p>Jean-Jacques Goldman offre son titre \u00e0 l\u2019\u0152uvre du Bleuet de France<\/p>\n<p>Une chanson simple, sobre, <strong>port\u00e9e par les voix d\u2019Elo\u00efz et Yvard, deux ex-gendarmes devenus artistes, <\/strong>eux-m\u00eames b\u00e9n\u00e9ficiaires du Bleuet de France.<\/p>\n<p>Ce qui fait de cette initiative un geste fort et hors du commun, c\u2019est <a href=\"https:\/\/www.public.fr\/on-a-retrouve-la-celine-dion-quon-connait-la-chanteuse-a-retrouve-la-forme-et-se-livre-comme-rarement-sur-jean-jacques-goldman\" rel=\"nofollow noopener\" target=\"_blank\">la d\u00e9cision du chanteur au grand c\u0153ur<\/a> de <strong>c\u00e9der l&rsquo;int\u00e9gralit\u00e9 de ses droits \u00e0 l\u2019\u0152uvre nationale du Bleuet de France<\/strong> dont la vocation est de venir en aide aux soldats bless\u00e9s, aux familles endeuill\u00e9es et aux victimes d&rsquo;actes de terrorisme. <\/p>\n<p>Ainsi, tous les revenus g\u00e9n\u00e9r\u00e9s par ce titre reviendront int\u00e9gralement \u00e0 la cause de l&rsquo;association. Pas un centime ne sera conserv\u00e9 par l\u2019artiste. Avec ce titre charg\u00e9 de sens, le chanteur ne signe pas un simple retour musical, mais <strong>un prolongement de son engagement humaniste<\/strong>. <\/p>\n<p>En effet, depuis des ann\u00e9es, l\u2019interpr\u00e8te de \u00ab\u00a0Comme toi\u00a0\u00bb ou \u00ab\u00a0Il changeait la vie\u00a0\u00bb s\u2019efface r\u00e9guli\u00e8rement des radars m\u00e9diatiques <strong>tout en continuant de soutenir, souvent dans l\u2019ombre, des causes qui lui tiennent \u00e0 c\u0153ur.<\/strong><\/p>\n<blockquote class=\"twitter-tweet\">\n<p>\ud83d\udce3 C\u2019est d\u00e9sormais officiel :\u00a0Jean-Jacques Goldman\u00a0a fait don gracieusement au\u00a0Bleuet de France\u00a0de la chanson\u00a0\u00ab\u00a0On sera l\u00e0\u00a0\u00bb, ainsi que de\u00a0tous les droits et masters aff\u00e9rents ! Un immense merci \u00e0 lui et \u00e0 son \u00e9quipe, qui \u00e9tait pr\u00e9sente lors de la signature notariale \ud83e\udd1d<\/p>\n<p>\ud83c\udfb6 Ce\u2026 <a href=\"https:\/\/t.co\/Kfi2LZjhq5\" rel=\"nofollow\">pic.twitter.com\/Kfi2LZjhq5<\/a><\/p>\n<p>\u2014 Bleuet de France (@BleuetFrance) <a href=\"https:\/\/twitter.com\/BleuetFrance\/status\/1943714375069839785?ref_src=twsrc%5Etfw\" rel=\"nofollow noopener\" target=\"_blank\">July 11, 2025<\/a><\/p><\/blockquote>\n<p>Rendez-vous le 14 juillet, place de la Concorde<\/p>\n<p>Les amateurs de frissons peuvent d\u00e9j\u00e0 cocher sur leur agenda <strong>la date du 14 juillet 2025.<\/strong> Place de la Concorde, <strong>Elo\u00efz et Yvard interpr\u00e9teront \u00ab\u00a0On sera l\u00e0\u00a0\u00bb en direct, lors de la c\u00e9r\u00e9monie du centenaire du Bleuet de France.<\/strong><\/p>\n<p>\u201cIl m\u2019a dit qu\u2019il m\u2019avait d\u00e9couverte sur YouTube, en tenue de gendarme, en train de chanter Hey Bro lors d\u2019une c\u00e9r\u00e9monie militaire\u201d, confie \u00c9lo\u00efz. \u201cIl s\u2019est dit que c\u2019\u00e9tait \u00e9vident que ce soit moi qui chante sur la chanson\u201d. Yvard, quant \u00e0 lui, pr\u00e9cise : \u201cIl a dit qu\u2019il ne souhaitait pas remonter sur sc\u00e8ne, mais qu\u2019il soutenait \u00e9norm\u00e9ment le Bleuet de France. Il a accept\u00e9 d\u2019\u00e9crire une chanson et m\u2019a choisi comme artiste parce qu\u2019il a \u00e9t\u00e9 touch\u00e9 par mon histoire douloureuse\u201d. <\/p>\n<p>Un moment qui s\u2019annonce fort en \u00e9motion et qui gr\u00e2ce \u00e0 \u00ab\u00a0l\u2019effet Goldman\u00a0\u00bb, m\u00e9lange rare de notori\u00e9t\u00e9, de respect et de discr\u00e9tion, va permettre de <strong>lancer un coup de projecteur sur une cause essentielle<\/strong>.<\/p>\n<p>      Mentionn\u00e9s dans cet article<\/p>\n<p>\u00c0 lire aussi<\/p>\n<p><script async src=\"https:\/\/platform.twitter.com\/widgets.js\" charset=\"utf-8\"><\/script><\/p>\n","protected":false},"excerpt":{"rendered":"R\u00e9sum\u00e9 Jean-Jacques Goldman revient avec une chanson in\u00e9dite au profit des bless\u00e9s de guerre, c\u00e9dant tous les droits&hellip;\n","protected":false},"author":2,"featured_media":245194,"comment_status":"","ping_status":"","sticky":false,"template":"","format":"standard","meta":{"footnotes":""},"categories":[1355],"tags":[58,59,1011,27,7195,1361,873],"class_list":{"0":"post-245193","1":"post","2":"type-post","3":"status-publish","4":"format-standard","5":"has-post-thumbnail","7":"category-musique","8":"tag-divertissement","9":"tag-entertainment","10":"tag-fr","11":"tag-france","12":"tag-jean-jacques-goldman","13":"tag-music","14":"tag-musique"},"share_on_mastodon":{"url":"https:\/\/pubeurope.com\/@fr\/114840978269070735","error":""},"_links":{"self":[{"href":"https:\/\/www.europesays.com\/fr\/wp-json\/wp\/v2\/posts\/245193","targetHints":{"allow":["GET"]}}],"collection":[{"href":"https:\/\/www.europesays.com\/fr\/wp-json\/wp\/v2\/posts"}],"about":[{"href":"https:\/\/www.europesays.com\/fr\/wp-json\/wp\/v2\/types\/post"}],"author":[{"embeddable":true,"href":"https:\/\/www.europesays.com\/fr\/wp-json\/wp\/v2\/users\/2"}],"replies":[{"embeddable":true,"href":"https:\/\/www.europesays.com\/fr\/wp-json\/wp\/v2\/comments?post=245193"}],"version-history":[{"count":0,"href":"https:\/\/www.europesays.com\/fr\/wp-json\/wp\/v2\/posts\/245193\/revisions"}],"wp:featuredmedia":[{"embeddable":true,"href":"https:\/\/www.europesays.com\/fr\/wp-json\/wp\/v2\/media\/245194"}],"wp:attachment":[{"href":"https:\/\/www.europesays.com\/fr\/wp-json\/wp\/v2\/media?parent=245193"}],"wp:term":[{"taxonomy":"category","embeddable":true,"href":"https:\/\/www.europesays.com\/fr\/wp-json\/wp\/v2\/categories?post=245193"},{"taxonomy":"post_tag","embeddable":true,"href":"https:\/\/www.europesays.com\/fr\/wp-json\/wp\/v2\/tags?post=245193"}],"curies":[{"name":"wp","href":"https:\/\/api.w.org\/{rel}","templated":true}]}}