{"id":245229,"date":"2025-07-12T15:52:20","date_gmt":"2025-07-12T15:52:20","guid":{"rendered":"https:\/\/www.europesays.com\/fr\/245229\/"},"modified":"2025-07-12T15:52:20","modified_gmt":"2025-07-12T15:52:20","slug":"un-couple-sequestre-et-torture-a-son-domicile-en-presence-de-son-enfant","status":"publish","type":"post","link":"https:\/\/www.europesays.com\/fr\/245229\/","title":{"rendered":"un couple s\u00e9questr\u00e9 et tortur\u00e9 \u00e0 son domicile en pr\u00e9sence de son enfant"},"content":{"rendered":"<p>            Par<br \/>\n        <strong><br \/>\n            <a href=\"https:\/\/actu.fr\/auteur\/journaliste-pm\" title=\"Consulter tous les articles de R\u00e9daction Saint-Malo\" rel=\"nofollow noopener\" target=\"_blank\">R\u00e9daction Saint-Malo<\/a><br \/>\n        <\/strong><\/p>\n<p>        Publi\u00e9 le<\/p>\n<p>            11 juil. 2025 \u00e0 18h56        <\/p>\n<p>Ce sont des faits \u00ab graves \u00bb, d\u2019une \u00ab sauvagerie caract\u00e9ris\u00e9e \u00bb qui ont \u00e9t\u00e9 port\u00e9s \u00e0 la connaissance de la chambre de l\u2019instruction de la cour d\u2019appel de <a href=\"https:\/\/actu.fr\/bretagne\/rennes_35238\" rel=\"nofollow noopener\" target=\"_blank\">Rennes<\/a>, ce vendredi 11\u00a0juillet 2025.<\/p>\n<p class=\" wall-content\">Un habitant de <a href=\"https:\/\/actu.fr\/provence-alpes-cote-d-azur\/cagnes-sur-mer_06027\" rel=\"nofollow noopener\" target=\"_blank\">Cagnes-sur-Mer<\/a> (Alpes-Maritimes), accus\u00e9 d\u2019avoir commandit\u00e9 l\u2019extorsion ultra-violente d\u2019un couple \u00e0 <a href=\"https:\/\/actu.fr\/bretagne\/saint-coulomb_35263\" rel=\"nofollow noopener\" target=\"_blank\">Saint-Coulomb<\/a> (Ille-et-Vilaine) il y a dix-huit mois, demandait \u00e0 la justice sa remise en libert\u00e9 avant son proc\u00e8s.\u00a0<\/p>\n<p>L\u2019intrusion de deux individus cagoul\u00e9s \u00e0 22h30<\/p>\n<p class=\" wall-content\">Le 22\u00a0d\u00e9cembre 2023, dans cette commune de la c\u00f4te bretonne situ\u00e9e entre <a href=\"https:\/\/actu.fr\/bretagne\/saint-malo_35288\" rel=\"nofollow noopener\" target=\"_blank\">Saint-Malo<\/a> et <a href=\"https:\/\/actu.fr\/bretagne\/cancale_35049\" rel=\"nofollow noopener\" target=\"_blank\">Cancale<\/a>, un couple avait en effet \u00e9t\u00e9 \u00ab surpris \u00bb vers 22h30 par l\u2019intrusion de deux individus \u00ab gant\u00e9s \u00bb, \u00ab visages dissimul\u00e9s \u00bb et \u00ab arm\u00e9s \u00bb qui leur avaient r\u00e9clam\u00e9 \u00ab 400 000 \u20ac \u00bb ou \u00ab une cl\u00e9 USB de cryptomonnaie \u00bb alors que leur enfant de 2\u00a0ans dormait \u00e0 l\u2019\u00e9tage.<\/p>\n<p>Les jambes et les bras lac\u00e9r\u00e9s par un couteau<\/p>\n<p class=\" wall-content\">Le p\u00e8re de famille avait par la suite eu \u00ab les mains attach\u00e9es au serflex \u00bb et avait re\u00e7u des coups au visage lorsqu\u2019il avait d\u00e9clar\u00e9 ne pas \u00ab d\u00e9tenir l\u2019argent \u00bb. Les malfaiteurs avaient \u00ab fouill\u00e9 l\u2019int\u00e9gralit\u00e9 de la maison \u00bb et l\u2019avaient \u00ab rou\u00e9 de coups \u00bb, au point de lui \u00ab lac\u00e9rer les jambes et les bras \u00bb avec un couteau. Ils lui avaient aussi mis \u00ab un canon [d\u2019arme \u00e0 feu, ndlr] dans la bouche \u00bb, avaient menac\u00e9 de \u00ab violer sa compagne \u00bb et de \u00ab jeter leur enfant par la fen\u00eatre \u00bb\u2026<\/p>\n<p>\u00abDes instructions au t\u00e9l\u00e9phone \u00bb<\/p>\n<p class=\" wall-content\">Les deux agresseurs \u00e9taient \u00ab en conversation t\u00e9l\u00e9phonique constante \u00bb avec \u00ab une ou deux personnes \u00bb qui leur \u00ab donnaient des instructions \u00bb et qui \u00e9taient \u00ab manifestement au courant de la configuration des lieux \u00bb, avait expliqu\u00e9 par la suite le p\u00e8re de famille.<\/p>\n<p class=\" wall-content\">Ce dernier \u00e9tait finalement \u00ab parvenu \u00e0 se d\u00e9faire \u00bb et \u00e0 s\u2019emparer du fusil \u00e0 pompe de l\u2019un de ses deux agresseurs : une lutte s\u2019\u00e9tait alors engag\u00e9e et un \u00ab tir accidentel \u00bb \u00e9tait parti. La victime avait aussi \u00ab saisi un couteau c\u00e9ramique \u00bb et \u00ab frapp\u00e9 un agresseur \u00bb.<\/p>\n<p>Partis avec deux lingots d\u2019or<\/p>\n<p class=\" wall-content\">Les auteurs avaient \u00ab pris la fuite \u00bb mais \u00e9taient revenus quelques minutes plus tard pour \u00ab r\u00e9cup\u00e9rer des objets compromettants \u00bb et \u00ab effacer les traces \u00bb. Au passage, ils en avaient profit\u00e9 pour d\u00e9rober \u00ab deux petits lingots d\u2019or \u00bb et \u00ab un casque audio \u00bb.<\/p>\n<p>Une soci\u00e9t\u00e9 de trading\u2026<\/p>\n<p class=\" wall-content\">Le p\u00e8re de famille vis\u00e9 par cette extorsion travaillait pour \u00ab une soci\u00e9t\u00e9 de trading \u00bb immatricul\u00e9e en Grande-Bretagne et situ\u00e9e \u00e0 Duba\u00ef. Il avait orient\u00e9 l\u2019instruction vers ses anciens coll\u00e8gues de travail : l\u2019un d\u2019entre eux, qui vit en Suisse, avait \u00e9t\u00e9 lui-m\u00eame victime de faits similaires quelques semaines plus t\u00f4t.<\/p>\n<p class=\" wall-content\">L\u2019enqu\u00eate avait rapidement permis d\u2019identifier trois hommes, impliqu\u00e9s dans cette soir\u00e9e cauchemardesque.<\/p>\n<p class=\" wall-content\">L\u2019un des malfaiteurs a d\u2019ailleurs \u00ab reconnu \u00bb par la suite sa pr\u00e9sence en Bretagne le jour des faits pour \u00ab recouvrer une cr\u00e9ance \u00bb sur \u00ab instruction d\u2019un donneur d\u2019ordres \u00bb pour \u00ab une histoire de bitcoin \u00bb.<\/p>\n<p class=\" wall-content\">Le commanditaire pr\u00e9sum\u00e9 serait le compagnon de l\u2019actionnaire majoritaire de la soci\u00e9t\u00e9 de trading. Il reproche au p\u00e8re de famille de Saint-Coulomb d\u2019avoir d\u00e9tourn\u00e9 de l\u2019argent au pr\u00e9judice de l\u2019entreprise.<\/p>\n<p>Pas de remise en libert\u00e9<\/p>\n<p class=\" wall-content\">Cet homme de 42\u00a0ans, habitant de Cagnes-sur-Mer (Alpes-Maritimes), \u2013 qui se rend lui aussi \u00ab tous les mois \u00e0 Saint-Coulomb \u00bb voir de la famille\u00a0\u2013 a ainsi \u00e9t\u00e9 plac\u00e9 en d\u00e9tention provisoire le 8\u00a0juillet 2024.<\/p>\n<p class=\" wall-content\">Un an plus tard, l\u2019avocat g\u00e9n\u00e9ral de la cour d\u2019appel de Rennes s\u2019est oppos\u00e9 \u00e0 sa demande de remise en libert\u00e9, craignant\u00a0une \u00ab r\u00e9it\u00e9ration \u00bb de ces faits d\u2019une \u00ab sauvagerie caract\u00e9ris\u00e9e \u00bb. Le mis en examen a par ailleurs \u00e9t\u00e9 condamn\u00e9 \u00e0 \u00ab neuf reprises \u00bb pour des \u00ab menaces de mort \u00bb, des \u00ab vols \u00bb, des infractions \u00e0 la l\u00e9gislation sur les stup\u00e9fiants et des \u00ab violences sur une personne vuln\u00e9rable \u00bb.<\/p>\n<p class=\" wall-content\">Le commanditaire pr\u00e9sum\u00e9 a ainsi \u00e9t\u00e9 maintenu en d\u00e9tention provisoire.<\/p>\n<p class=\" wall-content\">C.B (PressPepper)<\/p>\n<p class=\" wall-content\">Suivez toute l\u2019actualit\u00e9 de vos villes et m\u00e9dias favoris en vous inscrivant \u00e0 <a href=\"https:\/\/moncompte.actu.fr\" title=\"D\u00e9couvez Mon Actu\" rel=\"nofollow noopener\" data-trk=\"{&quot;cta&quot;:{&quot;action&quot;:&quot;https:\\\/\\\/moncompte.actu.fr&quot;,&quot;category&quot;:&quot;mon compte&quot;,&quot;from&quot;:&quot;article footer&quot;,&quot;name&quot;:&quot;Mon actu&quot;,&quot;type&quot;:&quot;cta&quot;}}\" target=\"_blank\">Mon Actu<\/a>.<\/p>\n","protected":false},"excerpt":{"rendered":"Par R\u00e9daction Saint-Malo Publi\u00e9 le 11 juil. 2025 \u00e0 18h56 Ce sont des faits \u00ab graves \u00bb, d\u2019une&hellip;\n","protected":false},"author":2,"featured_media":245230,"comment_status":"","ping_status":"","sticky":false,"template":"","format":"standard","meta":{"footnotes":""},"categories":[2821],"tags":[1111,11,829,1777,674,118,1011,27,303,12,584,25],"class_list":{"0":"post-245229","1":"post","2":"type-post","3":"status-publish","4":"format-standard","5":"has-post-thumbnail","7":"category-rennes","8":"tag-actu","9":"tag-actualites","10":"tag-bretagne","11":"tag-eu","12":"tag-europe","13":"tag-faits-divers","14":"tag-fr","15":"tag-france","16":"tag-justice","17":"tag-news","18":"tag-rennes","19":"tag-republique-francaise"},"share_on_mastodon":{"url":"https:\/\/pubeurope.com\/@fr\/114841068715655996","error":""},"_links":{"self":[{"href":"https:\/\/www.europesays.com\/fr\/wp-json\/wp\/v2\/posts\/245229","targetHints":{"allow":["GET"]}}],"collection":[{"href":"https:\/\/www.europesays.com\/fr\/wp-json\/wp\/v2\/posts"}],"about":[{"href":"https:\/\/www.europesays.com\/fr\/wp-json\/wp\/v2\/types\/post"}],"author":[{"embeddable":true,"href":"https:\/\/www.europesays.com\/fr\/wp-json\/wp\/v2\/users\/2"}],"replies":[{"embeddable":true,"href":"https:\/\/www.europesays.com\/fr\/wp-json\/wp\/v2\/comments?post=245229"}],"version-history":[{"count":0,"href":"https:\/\/www.europesays.com\/fr\/wp-json\/wp\/v2\/posts\/245229\/revisions"}],"wp:featuredmedia":[{"embeddable":true,"href":"https:\/\/www.europesays.com\/fr\/wp-json\/wp\/v2\/media\/245230"}],"wp:attachment":[{"href":"https:\/\/www.europesays.com\/fr\/wp-json\/wp\/v2\/media?parent=245229"}],"wp:term":[{"taxonomy":"category","embeddable":true,"href":"https:\/\/www.europesays.com\/fr\/wp-json\/wp\/v2\/categories?post=245229"},{"taxonomy":"post_tag","embeddable":true,"href":"https:\/\/www.europesays.com\/fr\/wp-json\/wp\/v2\/tags?post=245229"}],"curies":[{"name":"wp","href":"https:\/\/api.w.org\/{rel}","templated":true}]}}