{"id":245243,"date":"2025-07-12T15:59:17","date_gmt":"2025-07-12T15:59:17","guid":{"rendered":"https:\/\/www.europesays.com\/fr\/245243\/"},"modified":"2025-07-12T15:59:17","modified_gmt":"2025-07-12T15:59:17","slug":"fc-nantes-le-depart-du-bresilien-douglas-augusto-a-krasnodar-officialise-sport","status":"publish","type":"post","link":"https:\/\/www.europesays.com\/fr\/245243\/","title":{"rendered":"FC Nantes. Le d\u00e9part du Br\u00e9silien Douglas Augusto \u00e0 Krasnodar officialis\u00e9 . Sport"},"content":{"rendered":"<p>C\u2019\u00e9tait un secret de Polichinelle depuis plusieurs jours, c\u2019est d\u00e9sormais officiel depuis ce samedi 12\u00a0juillet 2025\u00a0: le FC Nantes s\u2019est entendu avec le FK Krasnodar pour le transfert du milieu d\u00e9fensif br\u00e9silien Douglas Augusto (28\u00a0ans).<\/p>\n<p>Le natif de Rio de Janeiro s\u2019est engag\u00e9 pour trois ans avec le club russe &#8211; o\u00f9 il retrouvera notamment son compatriote et ancien Auxerrois Jubal &#8211; moyennant une indemnit\u00e9 de transfert estim\u00e9e \u00e0 6,5\u00a0millions d\u2019euros.<\/p>\n<p>En deux saisons, sous le maillot des Canaris, Douglas Augusto aura disput\u00e9 57\u00a0matches et inscrit 4\u00a0buts.<\/p>\n<p>Apr\u00e8s Marcus Coco, Nicolas Pallois, Moses Simon, Pedro Chirivella et Florent Mollet, l\u2019ancien joueur du PAOK Salonique est le sixi\u00e8me joueur du groupe pro \u00e0 quitter les Canaris en attendant l\u2019officialisation du d\u00e9part du d\u00e9fenseur central camerounais Jean-Charles Castelletto \u00e0 Al-Wakrah (Qatar).<\/p>\n<p>\u00a0<\/p>\n","protected":false},"excerpt":{"rendered":"C\u2019\u00e9tait un secret de Polichinelle depuis plusieurs jours, c\u2019est d\u00e9sormais officiel depuis ce samedi 12\u00a0juillet 2025\u00a0: le FC&hellip;\n","protected":false},"author":2,"featured_media":245244,"comment_status":"","ping_status":"","sticky":false,"template":"","format":"standard","meta":{"footnotes":""},"categories":[2818],"tags":[1111,11,3809,1465,1777,674,63,1011,27,1792,1922,766,12,2636,25,479,517,1470],"class_list":{"0":"post-245243","1":"post","2":"type-post","3":"status-publish","4":"format-standard","5":"has-post-thumbnail","7":"category-nantes","8":"tag-actu","9":"tag-actualites","10":"tag-ball","11":"tag-basket","12":"tag-eu","13":"tag-europe","14":"tag-football","15":"tag-fr","16":"tag-france","17":"tag-handball","18":"tag-info","19":"tag-nantes","20":"tag-news","21":"tag-pays-de-la-loire","22":"tag-republique-francaise","23":"tag-rugby","24":"tag-sport","25":"tag-volley"},"share_on_mastodon":{"url":"https:\/\/pubeurope.com\/@fr\/114841096306206192","error":""},"_links":{"self":[{"href":"https:\/\/www.europesays.com\/fr\/wp-json\/wp\/v2\/posts\/245243","targetHints":{"allow":["GET"]}}],"collection":[{"href":"https:\/\/www.europesays.com\/fr\/wp-json\/wp\/v2\/posts"}],"about":[{"href":"https:\/\/www.europesays.com\/fr\/wp-json\/wp\/v2\/types\/post"}],"author":[{"embeddable":true,"href":"https:\/\/www.europesays.com\/fr\/wp-json\/wp\/v2\/users\/2"}],"replies":[{"embeddable":true,"href":"https:\/\/www.europesays.com\/fr\/wp-json\/wp\/v2\/comments?post=245243"}],"version-history":[{"count":0,"href":"https:\/\/www.europesays.com\/fr\/wp-json\/wp\/v2\/posts\/245243\/revisions"}],"wp:featuredmedia":[{"embeddable":true,"href":"https:\/\/www.europesays.com\/fr\/wp-json\/wp\/v2\/media\/245244"}],"wp:attachment":[{"href":"https:\/\/www.europesays.com\/fr\/wp-json\/wp\/v2\/media?parent=245243"}],"wp:term":[{"taxonomy":"category","embeddable":true,"href":"https:\/\/www.europesays.com\/fr\/wp-json\/wp\/v2\/categories?post=245243"},{"taxonomy":"post_tag","embeddable":true,"href":"https:\/\/www.europesays.com\/fr\/wp-json\/wp\/v2\/tags?post=245243"}],"curies":[{"name":"wp","href":"https:\/\/api.w.org\/{rel}","templated":true}]}}