{"id":245248,"date":"2025-07-12T16:02:11","date_gmt":"2025-07-12T16:02:11","guid":{"rendered":"https:\/\/www.europesays.com\/fr\/245248\/"},"modified":"2025-07-12T16:02:11","modified_gmt":"2025-07-12T16:02:11","slug":"toulouse-interpelle-dans-une-voiture-volee-le-conducteur-avait-bien-des-choses-a-cacher","status":"publish","type":"post","link":"https:\/\/www.europesays.com\/fr\/245248\/","title":{"rendered":"Toulouse. Interpell\u00e9 dans une voiture vol\u00e9e, le conducteur avait bien des choses \u00e0 cacher"},"content":{"rendered":"<p>            Par<br \/>\n        <strong><br \/>\n            <a href=\"https:\/\/actu.fr\/auteur\/lucie-2\" title=\"Consulter tous les articles de Lucie Fraisse\" rel=\"nofollow noopener\" target=\"_blank\">Lucie Fraisse<\/a><br \/>\n        <\/strong><\/p>\n<p>        Publi\u00e9 le<\/p>\n<p>            12 juil. 2025 \u00e0 17h46        <\/p>\n<p>Ce sont les hommes de la BAC Rive gauche qui ont rep\u00e9r\u00e9 le v\u00e9hicule vol\u00e9, <strong>dans le quartier Lardenne<\/strong>, \u00e0 <a href=\"https:\/\/actu.fr\/toulouse\/\" rel=\"nofollow noopener\" target=\"_blank\">Toulouse<\/a>, vendredi 11 juillet 2025, peu avant 17 heures.<\/p>\n<p>    <a href=\"https:\/\/www.google.com\/maps\/embed?pb=!1m18!1m12!1m3!1d16584.583459619527!2d1.3632322350626065!3d43.595921631307625!2m3!1f0!2f0!3f0!3m2!1i1024!2i768!4f13.1!3m3!1m2!1s0x12aeba8b79a75025%3A0x5b8d67b3cf5d9be5!2sLardenne%2C%20Toulouse!5e1!3m2!1sfr!2sfr!4v1752334944204!5m2!1sfr!2sfr\" title=\"Ouvrie le lien\" rel=\"nofollow noopener\" target=\"_blank\">Cliquez ici pour visualiser le contenu<\/a><\/p>\n<p>1400 euros en liquide\u00a0<\/p>\n<p class=\" wall-content\">Les policiers proc\u00e8dent alors \u00e0 la fouille du v\u00e9hicule et y trouvent 1 400 euros en liquide ainsi qu\u2019un peu de coca\u00efne. Le conducteur est interpell\u00e9 et <strong>une perquisition est men\u00e9e \u00e0 son domicile<\/strong>.<\/p>\n<p class=\" wall-content\">Sur place, les policiers trouvent 3,2 kilos d\u2019herbe de cannabis et 1,7 kg de r\u00e9sine de cannabis. Plac\u00e9 en garde \u00e0 vue, l\u2019homme d\u2019une trentaine d\u2019ann\u00e9es a \u00e9t\u00e9 d\u00e9f\u00e9r\u00e9 en vue d\u2019une comparution imm\u00e9diate qui devrait se d\u00e9rouler en d\u00e9but de semaine prochaine.<\/p>\n<p class=\" wall-content\">Le<strong> v\u00e9hicule vol\u00e9<\/strong> a \u00e9t\u00e9 rendu \u00e0 son propri\u00e9taire l\u00e9gitime.<\/p>\n<p class=\" wall-content\">Suivez toute l\u2019actualit\u00e9 de vos villes et m\u00e9dias favoris en vous inscrivant \u00e0 <a href=\"https:\/\/moncompte.actu.fr\" title=\"D\u00e9couvez Mon Actu\" rel=\"nofollow noopener\" data-trk=\"{&quot;cta&quot;:{&quot;action&quot;:&quot;https:\\\/\\\/moncompte.actu.fr&quot;,&quot;category&quot;:&quot;mon compte&quot;,&quot;from&quot;:&quot;article footer&quot;,&quot;name&quot;:&quot;Mon actu&quot;,&quot;type&quot;:&quot;cta&quot;}}\" target=\"_blank\">Mon Actu<\/a>.<\/p>\n","protected":false},"excerpt":{"rendered":"Par Lucie Fraisse Publi\u00e9 le 12 juil. 2025 \u00e0 17h46 Ce sont les hommes de la BAC Rive&hellip;\n","protected":false},"author":2,"featured_media":245249,"comment_status":"","ping_status":"","sticky":false,"template":"","format":"standard","meta":{"footnotes":""},"categories":[2816],"tags":[1111,11,1052,1777,674,118,1011,27,12,2680,1072,25,2312],"class_list":{"0":"post-245248","1":"post","2":"type-post","3":"status-publish","4":"format-standard","5":"has-post-thumbnail","7":"category-toulouse","8":"tag-actu","9":"tag-actualites","10":"tag-drogue","11":"tag-eu","12":"tag-europe","13":"tag-faits-divers","14":"tag-fr","15":"tag-france","16":"tag-news","17":"tag-occitanie","18":"tag-police","19":"tag-republique-francaise","20":"tag-toulouse"},"share_on_mastodon":{"url":"https:\/\/pubeurope.com\/@fr\/114841108046662998","error":""},"_links":{"self":[{"href":"https:\/\/www.europesays.com\/fr\/wp-json\/wp\/v2\/posts\/245248","targetHints":{"allow":["GET"]}}],"collection":[{"href":"https:\/\/www.europesays.com\/fr\/wp-json\/wp\/v2\/posts"}],"about":[{"href":"https:\/\/www.europesays.com\/fr\/wp-json\/wp\/v2\/types\/post"}],"author":[{"embeddable":true,"href":"https:\/\/www.europesays.com\/fr\/wp-json\/wp\/v2\/users\/2"}],"replies":[{"embeddable":true,"href":"https:\/\/www.europesays.com\/fr\/wp-json\/wp\/v2\/comments?post=245248"}],"version-history":[{"count":0,"href":"https:\/\/www.europesays.com\/fr\/wp-json\/wp\/v2\/posts\/245248\/revisions"}],"wp:featuredmedia":[{"embeddable":true,"href":"https:\/\/www.europesays.com\/fr\/wp-json\/wp\/v2\/media\/245249"}],"wp:attachment":[{"href":"https:\/\/www.europesays.com\/fr\/wp-json\/wp\/v2\/media?parent=245248"}],"wp:term":[{"taxonomy":"category","embeddable":true,"href":"https:\/\/www.europesays.com\/fr\/wp-json\/wp\/v2\/categories?post=245248"},{"taxonomy":"post_tag","embeddable":true,"href":"https:\/\/www.europesays.com\/fr\/wp-json\/wp\/v2\/tags?post=245248"}],"curies":[{"name":"wp","href":"https:\/\/api.w.org\/{rel}","templated":true}]}}