{"id":245256,"date":"2025-07-12T16:06:11","date_gmt":"2025-07-12T16:06:11","guid":{"rendered":"https:\/\/www.europesays.com\/fr\/245256\/"},"modified":"2025-07-12T16:06:11","modified_gmt":"2025-07-12T16:06:11","slug":"bernadette-seule-douaniere-de-marseille-a-defiler-pour-le-14-juillet-a-paris","status":"publish","type":"post","link":"https:\/\/www.europesays.com\/fr\/245256\/","title":{"rendered":"Bernadette, seule douani\u00e8re de Marseille \u00e0 d\u00e9filer pour le 14-Juillet \u00e0 Paris"},"content":{"rendered":"<p>Quand elle ne contr\u00f4le pas des conteneurs et ne visite pas des navires sur le <a href=\"https:\/\/www.laprovence.com\/article\/economie\/1044878337643614\/le-port-de-marseille-fos-entame-un-moment-cle-de-son-histoire\" target=\"_blank\" rel=\"noopener\">port de Marseille<\/a>, Bernadette court. Dans les calanques, les Alpilles, la Sainte-Victoire ou la Sainte-Baume. Et quand elle ne court pas, elle rame. En cano\u00eb. Mais ces derni\u00e8res semaines, elle n\u2019a fait que marcher. Et au pas s\u2019il vous pla\u00eet.<\/p>\n<p>\u00ab\u00a0C\u2019est plus dur que ce qu\u2019on pense\u2026 Ce n\u2019est pas une d\u00e9marche naturelle\u00a0\u00bb, s\u2019est aper\u00e7ue la jeune femme d\u00e8s le mois de mai dernier lors de la pr\u00e9-s\u00e9lection destin\u00e9e \u00e0 choisir les 70<a href=\"https:\/\/www.laprovence.com\/article\/faits-divers-justice\/1651810184138115\/les-douanes-de-marseille-face-a-de-nouvelles-menaces\" target=\"_blank\" rel=\"noopener\">\u00a0douaniers<\/a>, parmi 150 postulants, qui auraient l\u2019insigne honneur de porter haut les couleurs du cor et de la grenade sur les Champs-\u00c9lys\u00e9es le 14\u00a0juillet prochain.<\/p>\n<p>\u00c0 800 km des Bouches-du-Rh\u00f4ne, c\u2019est \u00e0 La Rochelle, sur une ancienne base de l\u2019Otan abritant d\u00e9sormais l\u2019\u00c9cole nationale des douanes, que la jeune <a href=\"https:\/\/www.laprovence.com\/article\/faits-divers-justice\/1452700446715515\/marseille-n-est-pas-un-territoire-perdu-mais-riche-du-plus-comme-du-moins-selon-le-directeur-regional-des-douanes\" target=\"_blank\" rel=\"noopener\">douani\u00e8re<\/a> a suivi trois semaines d\u2019entra\u00eenement intensif pour marcher en cadence et veiller \u00e0 ne jamais, \u00f4 grand jamais, casser le bras ou la main.<\/p>\n<p>\u00c0 quoi pensera-t-elle sous tricorne\u00a0?<\/p>\n<p>\u00c0 quoi pensera la 2e classe affect\u00e9e \u00e0 la brigade de surveillance du <a href=\"https:\/\/www.laprovence.com\/article\/faits-divers-justice\/49269322092237\/marseille-pour-controler-sans-ouvrir-les-voitures-les-douanes-degainent-un-scanner-geant\" target=\"_blank\" rel=\"noopener\">port de Marseille<\/a>, ce lundi 14\u00a0juillet \u00e0 l\u2019aube, lorsqu\u2019elle aura rev\u00eatu l\u2019uniforme<strong>\u00a0<\/strong>traditionnel orn\u00e9 de la<strong>\u00a0<\/strong>bande rouge et enfil\u00e9 son tricorne\u00a0? Sans doute qu\u2019en d\u00e9pit de ses 30\u00a0ans \u00e0 peine, il a coul\u00e9 de l\u2019eau sous les ponts depuis son master en comptabilit\u00e9 et contr\u00f4le de gestion, puis le changement de braquet radical en s\u2019engageant dans l\u2019arm\u00e9e de terre.<\/p>\n","protected":false},"excerpt":{"rendered":"Quand elle ne contr\u00f4le pas des conteneurs et ne visite pas des navires sur le port de Marseille,&hellip;\n","protected":false},"author":2,"featured_media":245257,"comment_status":"","ping_status":"","sticky":false,"template":"","format":"standard","meta":{"footnotes":""},"categories":[2814],"tags":[10915,17,1111,11,38507,38509,38508,1777,674,274,1011,27,884,12,471,882,25,17206],"class_list":{"0":"post-245256","1":"post","2":"type-post","3":"status-publish","4":"format-standard","5":"has-post-thumbnail","7":"category-marseille","8":"tag-14-juillet","9":"tag-17","10":"tag-actu","11":"tag-actualites","12":"tag-bernadette","13":"tag-defiler","14":"tag-douaniere","15":"tag-eu","16":"tag-europe","17":"tag-faits-divers-justice","18":"tag-fr","19":"tag-france","20":"tag-marseille","21":"tag-news","22":"tag-pour","23":"tag-provence-alpes-cote-dazur","24":"tag-republique-francaise","25":"tag-seule"},"share_on_mastodon":{"url":"https:\/\/pubeurope.com\/@fr\/114841123791883870","error":""},"_links":{"self":[{"href":"https:\/\/www.europesays.com\/fr\/wp-json\/wp\/v2\/posts\/245256","targetHints":{"allow":["GET"]}}],"collection":[{"href":"https:\/\/www.europesays.com\/fr\/wp-json\/wp\/v2\/posts"}],"about":[{"href":"https:\/\/www.europesays.com\/fr\/wp-json\/wp\/v2\/types\/post"}],"author":[{"embeddable":true,"href":"https:\/\/www.europesays.com\/fr\/wp-json\/wp\/v2\/users\/2"}],"replies":[{"embeddable":true,"href":"https:\/\/www.europesays.com\/fr\/wp-json\/wp\/v2\/comments?post=245256"}],"version-history":[{"count":0,"href":"https:\/\/www.europesays.com\/fr\/wp-json\/wp\/v2\/posts\/245256\/revisions"}],"wp:featuredmedia":[{"embeddable":true,"href":"https:\/\/www.europesays.com\/fr\/wp-json\/wp\/v2\/media\/245257"}],"wp:attachment":[{"href":"https:\/\/www.europesays.com\/fr\/wp-json\/wp\/v2\/media?parent=245256"}],"wp:term":[{"taxonomy":"category","embeddable":true,"href":"https:\/\/www.europesays.com\/fr\/wp-json\/wp\/v2\/categories?post=245256"},{"taxonomy":"post_tag","embeddable":true,"href":"https:\/\/www.europesays.com\/fr\/wp-json\/wp\/v2\/tags?post=245256"}],"curies":[{"name":"wp","href":"https:\/\/api.w.org\/{rel}","templated":true}]}}