{"id":245266,"date":"2025-07-12T16:12:10","date_gmt":"2025-07-12T16:12:10","guid":{"rendered":"https:\/\/www.europesays.com\/fr\/245266\/"},"modified":"2025-07-12T16:12:10","modified_gmt":"2025-07-12T16:12:10","slug":"les-meilleurs-rooftops-et-terrasses-pour-admirer-le-feu-dartifice","status":"publish","type":"post","link":"https:\/\/www.europesays.com\/fr\/245266\/","title":{"rendered":"les meilleurs rooftops et terrasses pour admirer le feu d&rsquo;artifice"},"content":{"rendered":"<p>            Par<br \/>\n        <strong><br \/>\n            <a href=\"https:\/\/actu.fr\/auteur\/thomas-martin\" title=\"Consulter tous les articles de Thomas Martin\" target=\"_blank\" rel=\"noopener\">Thomas Martin<\/a><br \/>\n        <\/strong><\/p>\n<p>        Publi\u00e9 le<\/p>\n<p>            12 juil. 2025 \u00e0 17h34        <\/p>\n<p>A Paris, le feu d\u2019artifice tir\u00e9 depuis la <a href=\"https:\/\/actu.fr\/tag\/tour-eiffel\" target=\"_blank\" rel=\"noopener\">Tour Eiffel<\/a> d\u00e9butera \u00e0 23\u202fh le 14 juillet\u202f2025 et durera environ 30 \u00e0 35 minutes. Un \u00e9v\u00e8nement toujours pris\u00e9 par les Parisiens et les touristes qui attire les foules. Encore faut-il \u00eatre bien plac\u00e9.<\/p>\n<p>Les parcs, les monuments et les rooftops<\/p>\n<p class=\" wall-content\">L\u2019option la plus \u00e9conomique tout en \u00e9tant aux premi\u00e8res loges est de s\u2019installer de bonne heure dans un parc \u00e0 l\u2019image du <strong>belv\u00e9d\u00e8re de Belleville<\/strong> qui propose une vue sur toute la ville depuis le haut de sa colline. Autre option : les monuments de Paris : le <a href=\"https:\/\/actu.fr\/tag\/sacre-coeur\" target=\"_blank\" rel=\"noopener\">Sacr\u00e9 C\u0153ur<\/a>, la <a href=\"https:\/\/actu.fr\/ile-de-france\/paris_75056\/cinquante-ans-de-la-tour-montparnasse-une-impossible-utopie-futuriste_59731451.html\" target=\"_blank\" rel=\"noopener\">tour Montparnasse<\/a> ou encore le parvis du Trocad\u00e9ro sont parfaits mais l\u00e0 encore, il est imp\u00e9ratif d\u2019arriver de bonne heure pour occuper les meilleures places.\u00a0<\/p>\n<p class=\" wall-content\">Mais pour ceux qui recherchent plus de confort, les terrasses et rooftops sont les endroits idoines.\u00a0<\/p>\n<p class=\" wall-content\">C\u2019est le cas notamment du Skybar Paris au sommet du Pullman Paris <a href=\"https:\/\/actu.fr\/tag\/montparnasse\" target=\"_blank\" rel=\"noopener\">Montparnasse<\/a>. Nich\u00e9 \u00e0 115 m\u00e8tres d\u2019altitude, ce rooftop offre une vue panoramique sur Paris et son feu d\u2019artifice en cette soir\u00e9e festive. Il propose pour l\u2019occasion un cocktail dinatoire d\u00e8s 19h avant un show de percussions et arts visuels d\u00e8s 22h.\u00a0<\/p>\n<p class=\" wall-content\">D\u2019autres h\u00f4tels ne sont pas en reste pour offrir une soir\u00e9e m\u00e9morable \u00e0 ceux qui acc\u00e9deront \u00e0 leurs rooftops :\u00a0<\/p>\n<p>Vid\u00e9os : en ce moment sur Actu<\/p>\n<ul class=\" wall-content\">\n<li>Generator<\/li>\n<li>Novotel Paris Vaugirard Montparnasse<\/li>\n<li>Peninsula Paris<\/li>\n<li>Rapha\u00ebl<\/li>\n<li>Terrass\u2019\u2019 Hotel<\/li>\n<li>Hyatt Regency Paris Etoile<\/li>\n<li>Molitor, le Pley<\/li>\n<li>Canopy by Hilton<\/li>\n<li>La R\u00e9serve Paris<\/li>\n<li>Les Piaules Nation<\/li>\n<\/ul>\n<p class=\" wall-content\">L\u2019<a href=\"https:\/\/parisjetaime.com\/article\/meilleurs-endroits-d-ou-admirer-le-feu-d-artifice-du-14-juillet-a502#:~:text=Le%20Rooftop%20Eylau%20de%20l,panoramique%20sur%20la%20tour%20Eiffel.&amp;text=La%20terrasse%20Skybar%20au%20sommet,nationale%20du%2014%20juillet%202025.\" target=\"_blank\" rel=\"noopener\">Office de Tourisme de Paris<\/a> conseille \u00e9galement la terrasse du restaurant Les Ombres sur le toit du mus\u00e9e du quai Branly ou encore celle d\u2019un concept-store situ\u00e9 \u00e0 <a href=\"https:\/\/actu.fr\/tag\/montmartre\" target=\"_blank\" rel=\"noopener\">Montmartre<\/a> : C\u0153ur Sacr\u00e9.\u00a0<\/p>\n<p class=\" wall-content\">D\u2019autres terrasses sont pris\u00e9es :\u00a0 Cr\u00e9atures sur le toit des Galeries Lafayette, Forest au Mus\u00e9e d\u2019art moderne de Paris\u2026<\/p>\n<p class=\" wall-content\">Suivez toute l\u2019actualit\u00e9 de vos villes et m\u00e9dias favoris en vous inscrivant \u00e0 <a href=\"https:\/\/moncompte.actu.fr\" title=\"D\u00e9couvez Mon Actu\" rel=\"nofollow noopener\" data-trk=\"{&quot;cta&quot;:{&quot;action&quot;:&quot;https:\\\/\\\/moncompte.actu.fr&quot;,&quot;category&quot;:&quot;mon compte&quot;,&quot;from&quot;:&quot;article footer&quot;,&quot;name&quot;:&quot;Mon actu&quot;,&quot;type&quot;:&quot;cta&quot;}}\" target=\"_blank\">Mon Actu<\/a>.<\/p>\n<ul class=\"ac-article-tag wall-content\">\n<li><a href=\"https:\/\/actu.fr\/tag\/montparnasse\" data-trk=\"{&quot;cta&quot;:{&quot;action&quot;:&quot;Montparnasse&quot;,&quot;category&quot;:&quot;tag&quot;,&quot;from&quot;:&quot;article footer&quot;,&quot;name&quot;:&quot;Montparnasse&quot;,&quot;type&quot;:&quot;cta&quot;}}\" target=\"_blank\" rel=\"noopener\">#Montparnasse<\/a><\/li>\n<li><a href=\"https:\/\/actu.fr\/tag\/tour-eiffel\" data-trk=\"{&quot;cta&quot;:{&quot;action&quot;:&quot;Tour Eiffel&quot;,&quot;category&quot;:&quot;tag&quot;,&quot;from&quot;:&quot;article footer&quot;,&quot;name&quot;:&quot;Tour Eiffel&quot;,&quot;type&quot;:&quot;cta&quot;}}\" target=\"_blank\" rel=\"noopener\">#Tour Eiffel<\/a><\/li>\n<\/ul>\n","protected":false},"excerpt":{"rendered":"Par Thomas Martin Publi\u00e9 le 12 juil. 2025 \u00e0 17h34 A Paris, le feu d\u2019artifice tir\u00e9 depuis la&hellip;\n","protected":false},"author":2,"featured_media":245267,"comment_status":"","ping_status":"","sticky":false,"template":"","format":"standard","meta":{"footnotes":""},"categories":[1888],"tags":[1111,1928,11,1927,1777,674,1011,27,1652,11674,12,1926,626,1925,25,7184],"class_list":{"0":"post-245266","1":"post","2":"type-post","3":"status-publish","4":"format-standard","5":"has-post-thumbnail","7":"category-paris","8":"tag-actu","9":"tag-actu-paris","10":"tag-actualites","11":"tag-actualites-paris","12":"tag-eu","13":"tag-europe","14":"tag-fr","15":"tag-france","16":"tag-loisirs-culture","17":"tag-montparnasse","18":"tag-news","19":"tag-news-paris","20":"tag-paris","21":"tag-paris-news","22":"tag-republique-francaise","23":"tag-tour-eiffel"},"share_on_mastodon":{"url":"https:\/\/pubeurope.com\/@fr\/114841147385691546","error":""},"_links":{"self":[{"href":"https:\/\/www.europesays.com\/fr\/wp-json\/wp\/v2\/posts\/245266","targetHints":{"allow":["GET"]}}],"collection":[{"href":"https:\/\/www.europesays.com\/fr\/wp-json\/wp\/v2\/posts"}],"about":[{"href":"https:\/\/www.europesays.com\/fr\/wp-json\/wp\/v2\/types\/post"}],"author":[{"embeddable":true,"href":"https:\/\/www.europesays.com\/fr\/wp-json\/wp\/v2\/users\/2"}],"replies":[{"embeddable":true,"href":"https:\/\/www.europesays.com\/fr\/wp-json\/wp\/v2\/comments?post=245266"}],"version-history":[{"count":0,"href":"https:\/\/www.europesays.com\/fr\/wp-json\/wp\/v2\/posts\/245266\/revisions"}],"wp:featuredmedia":[{"embeddable":true,"href":"https:\/\/www.europesays.com\/fr\/wp-json\/wp\/v2\/media\/245267"}],"wp:attachment":[{"href":"https:\/\/www.europesays.com\/fr\/wp-json\/wp\/v2\/media?parent=245266"}],"wp:term":[{"taxonomy":"category","embeddable":true,"href":"https:\/\/www.europesays.com\/fr\/wp-json\/wp\/v2\/categories?post=245266"},{"taxonomy":"post_tag","embeddable":true,"href":"https:\/\/www.europesays.com\/fr\/wp-json\/wp\/v2\/tags?post=245266"}],"curies":[{"name":"wp","href":"https:\/\/api.w.org\/{rel}","templated":true}]}}