{"id":245270,"date":"2025-07-12T16:14:16","date_gmt":"2025-07-12T16:14:16","guid":{"rendered":"https:\/\/www.europesays.com\/fr\/245270\/"},"modified":"2025-07-12T16:14:16","modified_gmt":"2025-07-12T16:14:16","slug":"un-casting-pour-trouver-des-comediens-pour-une-serie-tele-tournee-en-bretagne-sud","status":"publish","type":"post","link":"https:\/\/www.europesays.com\/fr\/245270\/","title":{"rendered":"Un casting pour trouver des com\u00e9diens pour une s\u00e9rie t\u00e9l\u00e9 tourn\u00e9e en Bretagne Sud"},"content":{"rendered":"<p>            Par<br \/>\n        <strong><br \/>\n            <a href=\"https:\/\/actu.fr\/auteur\/tony-camerin02\" title=\"Consulter tous les articles de Tony Camerin\" target=\"_blank\" rel=\"noopener\">Tony Camerin<\/a><br \/>\n        <\/strong><\/p>\n<p>        Publi\u00e9 le<\/p>\n<p>            12 juil. 2025 \u00e0 17h00        <\/p>\n<p>Produite par Fontaram Productions et Ramona Productions, la <b>s\u00e9rie t\u00e9l\u00e9 <\/b>D\u2019\u00e9cume et de sang est r\u00e9alis\u00e9e par Julien Seri. La production organise un <a href=\"https:\/\/actu.fr\/tag\/casting\" target=\"_blank\" rel=\"noopener\">casting<\/a> pour trouver une <b>vingtaine de com\u00e9diens<\/b> pour des r\u00f4les et des silhouettes. Le tournage a lieu dans le sud du <a href=\"https:\/\/actu.fr\/morbihan\/\" target=\"_blank\" rel=\"noopener\">Morbihan<\/a> entre <b>septembre et novembre\u00a02025<\/b>.<\/p>\n<p>Des meurtres non r\u00e9solus<\/p>\n<p class=\" wall-content\">Compos\u00e9e de <b>six \u00e9pisodes d\u2019environ 52\u00a0minutes<\/b>, D\u2019\u00e9cume et de sang raconte l\u2019histoire d\u2019Emma, 33\u00a0ans, qui retourne sur son \u00eele pour retrouver l\u2019assassin des meurtres qu\u2019elle n\u2019a pas commis mais pour lesquels elle a \u00e9t\u00e9 emprisonn\u00e9e.<\/p>\n<blockquote class=\"ac-article-quote wall-content\">\n<p>Si sa m\u00e8re depuis 15 ans tente de prouver l\u2019innocence de sa fille, certains la pensent ou ont int\u00e9r\u00eat \u00e0 la savoir coupable, d\u2019autres doutent\u2026 \u00c0 nouveau des tentatives de meurtres\u2026 La s\u00e9rie bascule entre le pr\u00e9sent et les flash-back\u2009; que s\u2019est-il r\u00e9ellement pass\u00e9 il y a 15 ans\u2009?<\/p>\n<p>Synopsis du film<\/p><\/blockquote>\n<p>Plusieurs profils recherch\u00e9s pour des r\u00f4les et des silhouettes<\/p>\n<p class=\" wall-content\">Afin de compl\u00e9ter son casting, l\u2019\u00e9quipe de production cherche des com\u00e9diens pour les personnages suivants\u2009:<\/p>\n<ul class=\" wall-content\">\n<li><b>Malo<\/b>, 16 ans. Il est le fils d\u2019Emma, mais vit chez ses grands-parents.<\/li>\n<li><b>Antoine<\/b>, 16\u00a0ans. Lyc\u00e9en et sportif, il est ami avec Malo (fils d\u2019Emma).<\/li>\n<li><b>Chlo\u00e9<\/b>, 16\u00a0ans. Amie de Malo (fils d\u2019Emma), elle est tiraill\u00e9e entre les camps qui s\u2019affrontent.<\/li>\n<li><b>Fr\u00e9d\u00e9ric<\/b>, 20\u00a0ans. Il est amoureux d\u2019Emma lorsqu\u2019elle \u00e9tait adolescente.<\/li>\n<li><b>Clarisse<\/b>, 17\/20\u00a0ans. Elle est une amie d\u2019Emma lorsqu\u2019elle \u00e9tait adolescente.<\/li>\n<\/ul>\n<p class=\" wall-content\">Ils ont aussi besoin de <b>trois<\/b> <b>enfants<\/b> pour des silhouettes\u2009:<\/p>\n<p>Vid\u00e9os : en ce moment sur Actu<\/p>\n<ul class=\" wall-content\">\n<li>Une <b>petite fille<\/b> ayant entre <b>5 \u00e0 8\u00a0ans<\/b>, joyeuse et aimant danser.<\/li>\n<li><b>Deux fr\u00e8res et s\u0153urs<\/b> ayant entre <b>6 et 10\u00a0ans<\/b> et \u00e9tant complices.<\/li>\n<\/ul>\n<p class=\" wall-content\">Le r\u00e9alisateur est \u00e9galement \u00e0 la recherche de <b>femmes<\/b> \u00e2g\u00e9es de 30 \u00e0 60\u00a0ans pour diff\u00e9rents r\u00f4les\u2009:<\/p>\n<ul class=\" wall-content\">\n<li>marins p\u00eacheurs, restauratrice, etc. : Des femmes ayant <b>30\/35\u00a0ans<\/b>.<\/li>\n<li>avocate, g\u00e9rante de sup\u00e9rette\u2009: Des femmes ayant <b>40\u00a0ans<\/b>.<\/li>\n<li>journaliste un peu ronde et teigneuse, des bourgeoises\u2009: Des femmes ayant <b>55 \/60\u00a0ans<\/b>.<\/li>\n<\/ul>\n<p class=\" wall-content\">Plusieurs profils <b>d\u2019hommes<\/b> sont \u00e9galement recherch\u00e9s\u2009:<\/p>\n<ul class=\" wall-content\">\n<li>marins p\u00eacheurs, ouvriers, restaurateur\u2009: hommes ayant <b>28\/35<\/b>\u00a0<b>ans<\/b>.<\/li>\n<li>patron d\u2019usine, chirurgien, gendarme\u2009: hommes ayant <b>35\/50\u00a0ans.<\/b><\/li>\n<li>hommes d\u2019affaires, promoteurs\u2009: hommes ayant <b>60\/65\u00a0ans<\/b>.<\/li>\n<\/ul>\n<p>Comment participer au casting ?<\/p>\n<p class=\" wall-content\">Si vous \u00eates int\u00e9ress\u00e9, que vous pensez correspondre \u00e0 l\u2019un des profils recherch\u00e9s et que vous \u00eates disponible sur la p\u00e9riode de tournage, vous pouvez envoyer votre candidature par mail (<b><a href=\"https:\/\/actu.fr\/cdn-cgi\/l\/email-protection\" class=\"__cf_email__\" data-cfemail=\"197a786a6d70777e377c7a6c747c597e74787075377a7674\" target=\"_blank\" rel=\"noopener\">[email\u00a0protected]<\/a><\/b>) \u00e0 Lena Jaffr\u00e9, directrice de casting.<\/p>\n<p class=\" wall-content\">Il faudra indiquer votre nom et pr\u00e9nom, \u00e2ge, taille, poids, adresse postale, num\u00e9ro de t\u00e9l\u00e9phone, professions et\/ou loisirs ainsi que vos exp\u00e9riences de jeu (non obligatoires).<\/p>\n<p class=\" wall-content\">Vous joindrez \u00e9galement une photo portrait et une photo en pied r\u00e9centes, de face et en couleur. Toutes les informations sur <a href=\"https:\/\/cinema.bretagne.bzh\/actualites\/2025\/07\/recherche-comedien-ne-s-enfants-ados-et-adultes-pour-le-tournage-dune-serie-tv-dans-le-morbihan\/\" target=\"_blank\" rel=\"noopener\">cinema.bretagne.bzh<\/a><\/p>\n<p class=\" wall-content\">Suivez toute l\u2019actualit\u00e9 de vos villes et m\u00e9dias favoris en vous inscrivant \u00e0 <a href=\"https:\/\/moncompte.actu.fr\" title=\"D\u00e9couvez Mon Actu\" rel=\"nofollow noopener\" data-trk=\"{&quot;cta&quot;:{&quot;action&quot;:&quot;https:\\\/\\\/moncompte.actu.fr&quot;,&quot;category&quot;:&quot;mon compte&quot;,&quot;from&quot;:&quot;article footer&quot;,&quot;name&quot;:&quot;Mon actu&quot;,&quot;type&quot;:&quot;cta&quot;}}\" target=\"_blank\">Mon Actu<\/a>.<\/p>\n","protected":false},"excerpt":{"rendered":"Par Tony Camerin Publi\u00e9 le 12 juil. 2025 \u00e0 17h00 Produite par Fontaram Productions et Ramona Productions, la&hellip;\n","protected":false},"author":2,"featured_media":245271,"comment_status":"","ping_status":"","sticky":false,"template":"","format":"standard","meta":{"footnotes":""},"categories":[1888],"tags":[11,11668,1777,674,1011,27,1652,12,626,25,1314,252],"class_list":{"0":"post-245270","1":"post","2":"type-post","3":"status-publish","4":"format-standard","5":"has-post-thumbnail","7":"category-paris","8":"tag-actualites","9":"tag-casting","10":"tag-eu","11":"tag-europe","12":"tag-fr","13":"tag-france","14":"tag-loisirs-culture","15":"tag-news","16":"tag-paris","17":"tag-republique-francaise","18":"tag-series","19":"tag-television"},"share_on_mastodon":{"url":"https:\/\/pubeurope.com\/@fr\/114841155189359881","error":""},"_links":{"self":[{"href":"https:\/\/www.europesays.com\/fr\/wp-json\/wp\/v2\/posts\/245270","targetHints":{"allow":["GET"]}}],"collection":[{"href":"https:\/\/www.europesays.com\/fr\/wp-json\/wp\/v2\/posts"}],"about":[{"href":"https:\/\/www.europesays.com\/fr\/wp-json\/wp\/v2\/types\/post"}],"author":[{"embeddable":true,"href":"https:\/\/www.europesays.com\/fr\/wp-json\/wp\/v2\/users\/2"}],"replies":[{"embeddable":true,"href":"https:\/\/www.europesays.com\/fr\/wp-json\/wp\/v2\/comments?post=245270"}],"version-history":[{"count":0,"href":"https:\/\/www.europesays.com\/fr\/wp-json\/wp\/v2\/posts\/245270\/revisions"}],"wp:featuredmedia":[{"embeddable":true,"href":"https:\/\/www.europesays.com\/fr\/wp-json\/wp\/v2\/media\/245271"}],"wp:attachment":[{"href":"https:\/\/www.europesays.com\/fr\/wp-json\/wp\/v2\/media?parent=245270"}],"wp:term":[{"taxonomy":"category","embeddable":true,"href":"https:\/\/www.europesays.com\/fr\/wp-json\/wp\/v2\/categories?post=245270"},{"taxonomy":"post_tag","embeddable":true,"href":"https:\/\/www.europesays.com\/fr\/wp-json\/wp\/v2\/tags?post=245270"}],"curies":[{"name":"wp","href":"https:\/\/api.w.org\/{rel}","templated":true}]}}