{"id":245276,"date":"2025-07-12T16:17:13","date_gmt":"2025-07-12T16:17:13","guid":{"rendered":"https:\/\/www.europesays.com\/fr\/245276\/"},"modified":"2025-07-12T16:17:13","modified_gmt":"2025-07-12T16:17:13","slug":"une-rencontre-lavrov-kim-jong-un-et-la-russie-frappe-massivement-lukraine","status":"publish","type":"post","link":"https:\/\/www.europesays.com\/fr\/245276\/","title":{"rendered":"Une rencontre Lavrov\/Kim Jong Un et la Russie frappe massivement l\u2019Ukraine"},"content":{"rendered":"<p>Vous avez rat\u00e9 les derniers \u00e9v\u00e9nements sur la guerre en Ukraine\u00a0? 20 Minutes fait le point pour vous tous les soirs. Voici l\u2019essentiel de ce samedi 12\u00a0juillet, 1.235e jour du conflit.<\/p>\n<p>Le fait du jour<\/p>\n<p><a href=\"https:\/\/www.20minutes.fr\/monde\/serguei-lavrov\/\" target=\"_blank\" class=\"color-ultramarine c-link\" rel=\"noopener\">Sergue\u00ef Lavrov<\/a> et <a href=\"https:\/\/www.20minutes.fr\/monde\/kim_jong_un\/\" target=\"_blank\" class=\"color-ultramarine c-link\" rel=\"noopener\">Kim Jong Un<\/a> dans la m\u00eame pi\u00e8ce\u00a0? Si l\u2019id\u00e9e ressemble au d\u00e9bit d\u2019une mauvaise blague, il n\u2019est est rien\u00a0: D\u2019apr\u00e8s la diplomatie russe, vid\u00e9o \u00e0 l\u2019appui, le ministre russe des Affaires \u00e9trang\u00e8res a \u00e9t\u00e9 re\u00e7u ce samedi par le dirigeant nord-cor\u00e9en lors de sa visite en <a href=\"https:\/\/www.20minutes.fr\/monde\/coree_du_nord\/\" target=\"_blank\" class=\"color-ultramarine c-link\" rel=\"noopener\">Cor\u00e9e du Nord<\/a>, alli\u00e9 militaire de Moscou.<\/p>\n<p>Moscou et Pyongyang ont renforc\u00e9 leur coop\u00e9ration militaire ces derni\u00e8res ann\u00e9es, la Cor\u00e9e du Nord fournissant des armes et des troupes pour soutenir l\u2019assaut de la <a href=\"https:\/\/www.20minutes.fr\/monde\/russie\/\" target=\"_blank\" class=\"color-ultramarine c-link\" rel=\"noopener\">Russie <\/a>contre l\u2019Ukraine. Les deux pays ont sign\u00e9 un accord de d\u00e9fense mutuelle lors d\u2019une visite du pr\u00e9sident russe <a href=\"https:\/\/www.20minutes.fr\/monde\/vladimir_poutine\/\" target=\"_blank\" class=\"color-ultramarine c-link\" rel=\"noopener\">Vladimir Poutine <\/a>en Cor\u00e9e du Nord l\u2019an dernier.<\/p>\n<p>Plus t\u00f4t ce samedi, Sergue\u00ef Lavrov a assur\u00e9 que les responsables nord-cor\u00e9ens avaient \u00ab\u00a0r\u00e9affirm\u00e9 leur soutien sans r\u00e9serve \u00e0 tous les objectifs\u00a0\u00bb de l\u2019assaut en Ukraine, selon l\u2019agence Tass. Il a remerci\u00e9 les soldats nord-cor\u00e9ens \u00ab\u00a0h\u00e9ro\u00efques\u00a0\u00bb ayant aid\u00e9 l\u2019arm\u00e9e russe \u00e0 repousser les forces ukrainiennes de la r\u00e9gion de Koursk, o\u00f9 elles avaient p\u00e9n\u00e9tr\u00e9 en ao\u00fbt\u00a02024, selon le minist\u00e8re russe des Affaires \u00e9trang\u00e8res.<\/p>\n<\/p>\n<p>Le chiffre du jour<\/p>\n<p>623. Le nombre de drones et missiles lanc\u00e9s dans la nuit par la Russie sur l\u2019Ukraine, notamment sur l\u2019ouest du pays, selon le pr\u00e9sident <a href=\"https:\/\/www.20minutes.fr\/monde\/volodymyr-zelensky\/\" target=\"_blank\" class=\"color-ultramarine c-link\" rel=\"noopener\">Volodymyr Zelensky<\/a> et l\u2019arm\u00e9e ukrainienne. Ces frappes ont fait quatre morts et plusieurs bless\u00e9s.<\/p>\n<p>\u00ab\u00a026 missiles de croisi\u00e8re et 597 drones d\u2019attaque ont \u00e9t\u00e9 lanc\u00e9s, dont plus de la moiti\u00e9\u00a0\u00bb \u00e9taient de fabrication iranienne, a \u00e9crit samedi Volodymyr Zelensky. L\u2019arm\u00e9e de l\u2019air ukrainienne a dit avoir abattu plus de la moiti\u00e9 de ces engins, soit 319 drones et 25 missiles. Quelque 258 drones leurres, utilis\u00e9s pour tromper les d\u00e9fenses antia\u00e9riennes de l\u2019Ukraine, ont \u00e9t\u00e9 perdus ou \u00e9limin\u00e9s, selon elle.<\/p>\n<p>Un missile et une vingtaine de drones ont touch\u00e9 \u00ab\u00a0cinq endroits\u00a0\u00bb, a-t-elle dit sans plus de pr\u00e9cisions. Le minist\u00e8re russe de la D\u00e9fense a indiqu\u00e9 avoir men\u00e9 une \u00ab\u00a0frappe group\u00e9e\u00a0\u00bb contre \u00ab\u00a0des entreprises du complexe militaro-industriel ukrainien\u00a0\u00bb \u00e0 Lviv, Kharkiv et Loutsk, et contre un a\u00e9rodrome militaire. \u00ab\u00a0L\u2019objectif de la frappe a \u00e9t\u00e9 atteint. Toutes les cibles d\u00e9sign\u00e9es ont \u00e9t\u00e9 d\u00e9truites\u00a0\u00bb, a dit le minist\u00e8re dans un communiqu\u00e9.<\/p>\n<p>La d\u00e9claration du jour<\/p>\n<blockquote class=\"mx-m@xs mx-xxl@md color-ultramarine c-citation\">\n<p class=\"font-weight-regular@xs text-italic font-source-serif-pro text-l@xs c-citation__content\">\u00ab\u00a0Compte tenu de la ligne destructrice adopt\u00e9e par les capitales occidentales, en particulier celles de l\u2019Union europ\u00e9enne, qui consiste \u00e0 multiplier les sanctions unilat\u00e9rales ill\u00e9gales contre la Russie, aucune des t\u00e2ches [de l\u2019accord sur les denr\u00e9es alimentaires et engrais] n\u2019a \u00e9t\u00e9 men\u00e9e \u00e0 bien\u00a0\u00bb<\/p>\n<\/blockquote>\n<p>C\u2019est par cette phrase que le minist\u00e8re russe des Affaires \u00e9trang\u00e8res a estim\u00e9, ce samedi, que son accord avec les <a href=\"https:\/\/www.20minutes.fr\/monde\/onu\/\" target=\"_blank\" class=\"color-ultramarine c-link\" rel=\"noopener\">Nations unies<\/a> pour faciliter ses exportations de denr\u00e9es alimentaires et d\u2019engrais, conclu apr\u00e8s le d\u00e9but de son offensive en Ukraine, avait \u00e9chou\u00e9 en raison des sanctions occidentales. L\u2019ONU avait indiqu\u00e9 la veille que cet accord, sign\u00e9 en juillet\u00a02022 pour trois ans, prendrait fin le 22\u00a0juillet prochain.<\/p>\n<p>\u00ab\u00a0Il ne sera pas renouvel\u00e9\u00a0\u00bb en raison de d\u00e9saccords, avait indiqu\u00e9 \u00e0 l\u2019AFP une source proche des discussions. L\u2019accord visait \u00e0 faciliter les exportations de denr\u00e9es alimentaires et d\u2019engrais russes vers les march\u00e9s internationaux, afin notamment de r\u00e9duire les prix mondiaux.<\/p>\n<p>Si les sanctions \u00e9conomiques qui frappent la Russie depuis son invasion de l\u2019Ukraine le 24\u00a0f\u00e9vrier 2022 \u00e9pargnent engrais et c\u00e9r\u00e9ales, la crainte de franchir accidentellement une ligne rouge et de se retrouver du mauvais c\u00f4t\u00e9 de la loi avait paralys\u00e9 les transporteurs et fait exploser les primes d\u2019assurance. Moscou s\u2019est plaint \u00e0 plusieurs reprises du fait que l\u2019accord soit rest\u00e9 plus ou moins lettre morte.<\/p>\n","protected":false},"excerpt":{"rendered":"Vous avez rat\u00e9 les derniers \u00e9v\u00e9nements sur la guerre en Ukraine\u00a0? 20 Minutes fait le point pour vous&hellip;\n","protected":false},"author":2,"featured_media":245277,"comment_status":"","ping_status":"","sticky":false,"template":"","format":"standard","meta":{"footnotes":""},"categories":[1590],"tags":[47,11,13987,75,73,1777,674,131,15404,74,12,3521,132,1135,220,135,134],"class_list":{"0":"post-245276","1":"post","2":"type-post","3":"status-publish","4":"format-standard","5":"has-post-thumbnail","7":"category-ukraine","8":"tag-actualite","9":"tag-actualites","10":"tag-coree-du-nord","11":"tag-donald-trump","12":"tag-etats-unis","13":"tag-eu","14":"tag-europe","15":"tag-guerre-en-ukraine","16":"tag-kim-jong-un","17":"tag-monde","18":"tag-news","19":"tag-onu","20":"tag-russie","21":"tag-serguei-lavrov","22":"tag-ukraine","23":"tag-vladimir-poutine","24":"tag-volodymyr-zelensky"},"share_on_mastodon":{"url":"https:\/\/pubeurope.com\/@fr\/114841167001500598","error":""},"_links":{"self":[{"href":"https:\/\/www.europesays.com\/fr\/wp-json\/wp\/v2\/posts\/245276","targetHints":{"allow":["GET"]}}],"collection":[{"href":"https:\/\/www.europesays.com\/fr\/wp-json\/wp\/v2\/posts"}],"about":[{"href":"https:\/\/www.europesays.com\/fr\/wp-json\/wp\/v2\/types\/post"}],"author":[{"embeddable":true,"href":"https:\/\/www.europesays.com\/fr\/wp-json\/wp\/v2\/users\/2"}],"replies":[{"embeddable":true,"href":"https:\/\/www.europesays.com\/fr\/wp-json\/wp\/v2\/comments?post=245276"}],"version-history":[{"count":0,"href":"https:\/\/www.europesays.com\/fr\/wp-json\/wp\/v2\/posts\/245276\/revisions"}],"wp:featuredmedia":[{"embeddable":true,"href":"https:\/\/www.europesays.com\/fr\/wp-json\/wp\/v2\/media\/245277"}],"wp:attachment":[{"href":"https:\/\/www.europesays.com\/fr\/wp-json\/wp\/v2\/media?parent=245276"}],"wp:term":[{"taxonomy":"category","embeddable":true,"href":"https:\/\/www.europesays.com\/fr\/wp-json\/wp\/v2\/categories?post=245276"},{"taxonomy":"post_tag","embeddable":true,"href":"https:\/\/www.europesays.com\/fr\/wp-json\/wp\/v2\/tags?post=245276"}],"curies":[{"name":"wp","href":"https:\/\/api.w.org\/{rel}","templated":true}]}}