{"id":245282,"date":"2025-07-12T16:20:10","date_gmt":"2025-07-12T16:20:10","guid":{"rendered":"https:\/\/www.europesays.com\/fr\/245282\/"},"modified":"2025-07-12T16:20:10","modified_gmt":"2025-07-12T16:20:10","slug":"lindustrie-allemande-en-alerte-face-aux-droits-de-douane","status":"publish","type":"post","link":"https:\/\/www.europesays.com\/fr\/245282\/","title":{"rendered":"l\u2019industrie allemande en alerte face aux droits de douane"},"content":{"rendered":"<p>L&rsquo;industrie allemande tire la sonnette d&rsquo;alarme face \u00e0 la menace imminente de droits de douane am\u00e9ricains \u00e0 hauteur de 30 % sur les produits europ\u00e9ens, annonc\u00e9e le 12 juillet par le pr\u00e9sident Donald Trump. Selon<a href=\"https:\/\/www.latribune.fr\/entreprises-finance\/les-investisseurs-francais-sous-le-charme-des-entreprises-allemandes-1024084.html\" target=\"_blank\" rel=\"nofollow noopener\"> les cercles \u00e9conomiques allemands<\/a>, ces nouvelles surtaxes, programm\u00e9es pour le 1er ao\u00fbt prochain, risqueraient de d\u00e9clencher un conflit commercial majeur entre les deux rives de l&rsquo;Atlantique, <a href=\"https:\/\/www.latribune.fr\/economie\/international\/amendes-taxes-declarations-cinq-questions-pour-comprendre-le-droit-douanier-1029206.html\" target=\"_blank\" rel=\"nofollow noopener\">avec des cons\u00e9quences lourdes<\/a> pour l&rsquo;\u00e9conomie europ\u00e9enne, et en particulier allemande.<\/p>\n<p>Dans un communiqu\u00e9, la F\u00e9d\u00e9ration allemande de l&rsquo;industrie (BDI) a appel\u00e9 l&rsquo;Union europ\u00e9enne et les \u00c9tats-Unis \u00e0 \u00ab trouver rapidement des solutions et \u00e9viter une escalade \u00bb. Wolfgang Niedermark, membre de la direction du BDI, souligne que cette d\u00e9cision \u00ab est un signal d&rsquo;alarme pour l&rsquo;industrie des deux c\u00f4t\u00e9s de l&rsquo;Atlantique \u00bb. Selon lui, un affrontement commercial entre deux partenaires aussi \u00e9troitement li\u00e9s menace la reprise \u00e9conomique, affaiblit l&rsquo;innovation et \u00e9rode la confiance dans la coop\u00e9ration internationale.<\/p>\n<p>La Commission europ\u00e9enne pr\u00eate \u00e0 r\u00e9pondre aux taxes douani\u00e8res<\/p>\n<p>L&rsquo;Allemagne, premi\u00e8re victime potentielle de ce bras de fer, s&rsquo;expose \u00e0 des r\u00e9percussions importantes. Son tissu industriel, particuli\u00e8rement d\u00e9pendant des exportations vers les \u00c9tats-Unis, dans des secteurs cl\u00e9s tels que la chimie, la pharmacie, l&rsquo;automobile, la sid\u00e9rurgie et la fabrication de machines-outils, serait frapp\u00e9 de plein fouet par ces taxes douani\u00e8res.<\/p>\n<p>Face \u00e0 cette menace, la BDI exhorte le gouvernement allemand, la Commission europ\u00e9enne ainsi que les autorit\u00e9s am\u00e9ricaines \u00e0 engager un dialogue \u00ab objectif \u00bb sans d\u00e9lai. \u00ab Les quelques semaines qui nous s\u00e9parent de l&rsquo;entr\u00e9e en vigueur des droits de douane doivent \u00eatre mises \u00e0 profit pour n\u00e9gocier d&rsquo;\u00e9gal \u00e0 \u00e9gal \u00bb, insiste la f\u00e9d\u00e9ration.<\/p>\n<p>Bruxelles, charg\u00e9e des n\u00e9gociations avec Washington au nom des 27 \u00c9tats membres, a fermement d\u00e9nonc\u00e9 cette annonce de Donald Trump tout en r\u00e9affirmant son souhait de parvenir \u00e0 un accord commercial \u00e9quilibr\u00e9 avec les \u00c9tats-Unis.<\/p>\n<p>Sur fond de tensions commerciales, <a href=\"https:\/\/www.latribune.fr\/economie\/union-europeenne\/l-allemagne-declenche-un-vaste-train-d-allegements-fiscaux-pour-les-entreprises-1026620.html\" target=\"_blank\" rel=\"nofollow noopener\">le chancelier allemand Friedrich Merz<\/a> a r\u00e9cemment propos\u00e9 de privil\u00e9gier un accord \u00ab simple \u00bb, centr\u00e9 sur les secteurs industriels strat\u00e9giques, quitte \u00e0 accepter certaines surtaxes cibl\u00e9es sur d&rsquo;autres produits afin d&rsquo;\u00e9viter un conflit g\u00e9n\u00e9ralis\u00e9.<\/p>\n","protected":false},"excerpt":{"rendered":"L&rsquo;industrie allemande tire la sonnette d&rsquo;alarme face \u00e0 la menace imminente de droits de douane am\u00e9ricains \u00e0 hauteur&hellip;\n","protected":false},"author":2,"featured_media":245283,"comment_status":"","ping_status":"","sticky":false,"template":"","format":"standard","meta":{"footnotes":""},"categories":[1587],"tags":[17,11,898,672,36901,1804,1444,1805,1803,19343,33,1777,674,1801,1808,20635,12,1802,2549],"class_list":{"0":"post-245282","1":"post","2":"type-post","3":"status-publish","4":"format-standard","5":"has-post-thumbnail","7":"category-allemagne","8":"tag-17","9":"tag-actualites","10":"tag-alerte","11":"tag-allemagne","12":"tag-allemande","13":"tag-bundesrepublik-deutschland","14":"tag-contre","15":"tag-de","16":"tag-deutschland","17":"tag-douanieres","18":"tag-economie","19":"tag-eu","20":"tag-europe","21":"tag-germany","22":"tag-leurope","23":"tag-lindustrie","24":"tag-news","25":"tag-republique-federale-dallemagne","26":"tag-taxe"},"share_on_mastodon":{"url":"https:\/\/pubeurope.com\/@fr\/114841178815161007","error":""},"_links":{"self":[{"href":"https:\/\/www.europesays.com\/fr\/wp-json\/wp\/v2\/posts\/245282","targetHints":{"allow":["GET"]}}],"collection":[{"href":"https:\/\/www.europesays.com\/fr\/wp-json\/wp\/v2\/posts"}],"about":[{"href":"https:\/\/www.europesays.com\/fr\/wp-json\/wp\/v2\/types\/post"}],"author":[{"embeddable":true,"href":"https:\/\/www.europesays.com\/fr\/wp-json\/wp\/v2\/users\/2"}],"replies":[{"embeddable":true,"href":"https:\/\/www.europesays.com\/fr\/wp-json\/wp\/v2\/comments?post=245282"}],"version-history":[{"count":0,"href":"https:\/\/www.europesays.com\/fr\/wp-json\/wp\/v2\/posts\/245282\/revisions"}],"wp:featuredmedia":[{"embeddable":true,"href":"https:\/\/www.europesays.com\/fr\/wp-json\/wp\/v2\/media\/245283"}],"wp:attachment":[{"href":"https:\/\/www.europesays.com\/fr\/wp-json\/wp\/v2\/media?parent=245282"}],"wp:term":[{"taxonomy":"category","embeddable":true,"href":"https:\/\/www.europesays.com\/fr\/wp-json\/wp\/v2\/categories?post=245282"},{"taxonomy":"post_tag","embeddable":true,"href":"https:\/\/www.europesays.com\/fr\/wp-json\/wp\/v2\/tags?post=245282"}],"curies":[{"name":"wp","href":"https:\/\/api.w.org\/{rel}","templated":true}]}}