{"id":245284,"date":"2025-07-12T16:21:10","date_gmt":"2025-07-12T16:21:10","guid":{"rendered":"https:\/\/www.europesays.com\/fr\/245284\/"},"modified":"2025-07-12T16:21:10","modified_gmt":"2025-07-12T16:21:10","slug":"trump-met-lunion-europeenne-sous-pression-maximale","status":"publish","type":"post","link":"https:\/\/www.europesays.com\/fr\/245284\/","title":{"rendered":"Trump met l\u2019Union europ\u00e9enne sous pression maximale"},"content":{"rendered":"<p><strong>ANALYSE &#8211; <\/strong>En pleines n\u00e9gociations avec Bruxelles, le pr\u00e9sident am\u00e9ricain menace les Europ\u00e9ens de surtaxer leurs produits d\u00e8s le 1er ao\u00fbt. C\u2019est l\u2019\u00e9chec de la strat\u00e9gie d\u2019apaisement. Pris de court, les Vingt-Sept \u00e9tudient leur riposte.<\/p>\n<p class=\"fig-paragraph\">Depuis plusieurs jours, les responsables europ\u00e9ens se disaient sur le point de conclure de fa\u00e7on imminente un accord commercial avec les \u00c9tats-Unis. Au lieu de cela, ce sont des\u00a0<a href=\"http:\/\/www.lefigaro.fr\/conjoncture\/droits-de-douane-donald-trump-annonce-une-hausse-de-30-pour-l-union-europeenne-20250712\" data-fig-type=\"NewsFlash\" data-gtm-custom-categorie=\"navigation\" data-gtm-custom-action=\"crossclick\" data-gtm-custom-label=\"Contextuel\" data-gtm-event=\"customEventSPE\" data-fig-domain=\"LEFIGARO\" rel=\"nofollow noopener\" target=\"_blank\">droits de douane relev\u00e9s \u00e0 30%<\/a>\u00a0sur toutes leurs exportations vers son pays qu\u2019a annonc\u00e9s Donald Trump, \u00e0 compter du 1er ao\u00fbt. Dans sa lettre \u00e0\u00a0<a href=\"http:\/\/www.lefigaro.fr\/international\/motion-de-censure-contre-ursula-von-der-leyen-le-parlement-europeen-vote-ce-jeudi-20250710\" data-fig-type=\"NewsFlash\" data-gtm-custom-categorie=\"navigation\" data-gtm-custom-action=\"crossclick\" data-gtm-custom-label=\"Contextuel\" data-gtm-event=\"customEventSPE\" data-fig-domain=\"LEFIGARO\" rel=\"nofollow noopener\" target=\"_blank\">Ursula von\u00a0der\u00a0Leyen<\/a>, pr\u00e9sidente de la Commission, publi\u00e9e samedi sur sa plateforme Truth Social, il r\u00e9p\u00e8te son argument habituel selon lequel \u00ables \u00c9tats-Unis d\u2019Am\u00e9rique ont accept\u00e9 de continuer de travailler avec l\u2019Union europ\u00e9enne, bien que nous ayons l\u2019un de nos plus gros d\u00e9ficits commerciaux avec vous\u00bb. Et annonce, \u00e0 la fin de sa missive, qu\u2019il \u00e9tudiera \u00abpeut-\u00eatre\u00bb un ajustement \u00e0 cette mesure, si l\u2019UE accepte ses conditions.<\/p>\n<p class=\"fig-paragraph\">La Commission affirme avoir \u00e9t\u00e9 pr\u00e9venue avec un peu d\u2019avance de cette d\u00e9claration. \u00abImposer des droits de douane de 30% sur les exportations de l\u2019UE perturberait les cha\u00eenes d\u2019approvisionnement transatlantiques essentielles, au d\u00e9triment des entreprises\u2026<\/p>\n<p class=\"fig-premium-paywall__infos\">\n        Cet article est r\u00e9serv\u00e9 aux abonn\u00e9s.        Il vous reste 85% \u00e0 d\u00e9couvrir.\n    <\/p>\n<p>                <img  data- alt=\"Le Figaro\" class=\"fig-img--complete fig-img\"\/><\/p>\n<p class=\"fig-premium-paywall__title\">Vous avez envie de lire la suite ?<\/p>\n<p class=\"fig-premium-paywall__subtitle\">D\u00e9bloquez tous les articles imm\u00e9diatement.<\/p>\n<p class=\"fig-premium-paywall__connect\">\n                D\u00e9j\u00e0 abonn\u00e9\u00a0?                <a class=\"fig-premium-paywall__connect-link\" href=\"https:\/\/connect.lefigaro.fr\/login?client=horizon_web&amp;type=main&amp;redirect_uri=https%3A%2F%2Fwww.lefigaro.fr%2Fconjoncture%2Fdroits-de-douane-a-30-trump-met-l-union-europeenne-sous-pression-maximale-20250712\" data-js-gtm=\"{&quot;customCategorie&quot;: &quot;conversion&quot;, &quot;customAction&quot;: &quot;before_Landing_Connexion_paywall_auto&quot;, &quot;customLabel&quot;: &quot;bGVmaWdhcm8uZnJfXzFmMDVmMjQwLWE4ZTUtNmY5Mi04YzBkLTFiYzQ4MGFlYTQzMV9fQXJ0aWNsZQ==_Droits de douane \u00e0 30%\u00a0: Trump met l\u2019Union europ\u00e9enne sous pression maximale_246&quot;, &quot;customIDSPE&quot;: &quot;bGVmaWdhcm8uZnJfXzFmMDVmMjQwLWE4ZTUtNmY5Mi04YzBkLTFiYzQ4MGFlYTQzMV9fQXJ0aWNsZQ==&quot;, &quot;event&quot;: &quot;customEventSPE&quot;}\" rel=\"nofollow noopener\" target=\"_blank\"><br \/>\n                    Connectez-vous<br \/>\n                <\/a>\n            <\/p>\n","protected":false},"excerpt":{"rendered":"ANALYSE &#8211; En pleines n\u00e9gociations avec Bruxelles, le pr\u00e9sident am\u00e9ricain menace les Europ\u00e9ens de surtaxer leurs produits d\u00e8s&hellip;\n","protected":false},"author":2,"featured_media":245285,"comment_status":"","ping_status":"","sticky":false,"template":"","format":"standard","meta":{"footnotes":""},"categories":[1586],"tags":[11,75,1777,674,1011,27,1074,12,25],"class_list":{"0":"post-245284","1":"post","2":"type-post","3":"status-publish","4":"format-standard","5":"has-post-thumbnail","7":"category-europe","8":"tag-actualites","9":"tag-donald-trump","10":"tag-eu","11":"tag-europe","12":"tag-fr","13":"tag-france","14":"tag-guerre-commerciale","15":"tag-news","16":"tag-republique-francaise"},"share_on_mastodon":{"url":"https:\/\/pubeurope.com\/@fr\/114841182732640615","error":""},"_links":{"self":[{"href":"https:\/\/www.europesays.com\/fr\/wp-json\/wp\/v2\/posts\/245284","targetHints":{"allow":["GET"]}}],"collection":[{"href":"https:\/\/www.europesays.com\/fr\/wp-json\/wp\/v2\/posts"}],"about":[{"href":"https:\/\/www.europesays.com\/fr\/wp-json\/wp\/v2\/types\/post"}],"author":[{"embeddable":true,"href":"https:\/\/www.europesays.com\/fr\/wp-json\/wp\/v2\/users\/2"}],"replies":[{"embeddable":true,"href":"https:\/\/www.europesays.com\/fr\/wp-json\/wp\/v2\/comments?post=245284"}],"version-history":[{"count":0,"href":"https:\/\/www.europesays.com\/fr\/wp-json\/wp\/v2\/posts\/245284\/revisions"}],"wp:featuredmedia":[{"embeddable":true,"href":"https:\/\/www.europesays.com\/fr\/wp-json\/wp\/v2\/media\/245285"}],"wp:attachment":[{"href":"https:\/\/www.europesays.com\/fr\/wp-json\/wp\/v2\/media?parent=245284"}],"wp:term":[{"taxonomy":"category","embeddable":true,"href":"https:\/\/www.europesays.com\/fr\/wp-json\/wp\/v2\/categories?post=245284"},{"taxonomy":"post_tag","embeddable":true,"href":"https:\/\/www.europesays.com\/fr\/wp-json\/wp\/v2\/tags?post=245284"}],"curies":[{"name":"wp","href":"https:\/\/api.w.org\/{rel}","templated":true}]}}