{"id":245286,"date":"2025-07-12T16:22:10","date_gmt":"2025-07-12T16:22:10","guid":{"rendered":"https:\/\/www.europesays.com\/fr\/245286\/"},"modified":"2025-07-12T16:22:10","modified_gmt":"2025-07-12T16:22:10","slug":"trump-surencherit-et-annonce-30-de-droits-de-douane-pour-ue-et-mexique","status":"publish","type":"post","link":"https:\/\/www.europesays.com\/fr\/245286\/","title":{"rendered":"Trump surench\u00e9rit et annonce 30% de droits de douane pour UE et Mexique"},"content":{"rendered":"<p>Le milliardaire r\u00e9publicain a justifi\u00e9, dans des lettres distinctes publi\u00e9es sur sa plateforme Truth Social, ces d\u00e9cisions en \u00e9voquant le r\u00f4le du Mexique dans l&rsquo;acheminement de drogue vers les \u00c9tats-Unis et un d\u00e9s\u00e9quilibre commercial avec l&rsquo;UE.<\/p>\n<p>La pr\u00e9sidente de la Commission europ\u00e9enne, Ursula von der Leyen, a rapidement critiqu\u00e9 l&rsquo;initiative de Donald Trump.<\/p>\n<p>\u00ab\u00a0Imposer des droits de douane de 30% sur les exportations de l&rsquo;UE perturberait les cha\u00eenes d&rsquo;approvisionnement transatlantiques essentielles, au d\u00e9triment des entreprises, des consommateurs et des patients des deux c\u00f4t\u00e9s de l&rsquo;Atlantique\u00a0\u00bb, a-t-elle \u00e9crit sur X.<\/p>\n<p>\u00ab\u00a0Nous restons pr\u00eats \u00e0 poursuivre le travail vers un accord d&rsquo;ici le 1er ao\u00fbt. Dans le m\u00eame temps, nous prendrons toutes les mesures n\u00e9cessaires pour sauvegarder les int\u00e9r\u00eats de l&rsquo;UE, y compris l&rsquo;adoption de contre-mesures proportionn\u00e9es si cela s&rsquo;av\u00e8re n\u00e9cessaire\u00a0\u00bb, a-t-elle ajout\u00e9.<\/p>\n<p>Donald Trump a pr\u00e9venu qu&rsquo;en cas de mesures de r\u00e9torsion, il augmenterait d&rsquo;autant les surtaxes sur les produits europ\u00e9ens entrant aux Etats-Unis, en plus des 30% annonc\u00e9s samedi.<\/p>\n<p>Le Mexique a de son c\u00f4t\u00e9 d\u00e9nonc\u00e9 un \u00ab\u00a0traitement injuste\u00a0\u00bb. <\/p>\n<p>D\u00e9but avril, le chef de l&rsquo;Etat am\u00e9ricain avait menac\u00e9 l&rsquo;UE d&rsquo;infliger 20% de droits de douane aux produits europ\u00e9ens export\u00e9s aux Etats-Unis.<\/p>\n<p>Fin mai, frustr\u00e9 par le manque d&rsquo;avanc\u00e9e dans les n\u00e9gociations avec le bloc europ\u00e9en, il a relev\u00e9 ce taux \u00e0 50%, avec effet annonc\u00e9 au 1er juin, finalement repouss\u00e9 au 1er ao\u00fbt. <\/p>\n<p>Selon des sources diplomatiques, les discussions men\u00e9es jusqu&rsquo;ici se faisaient sur la base de droits de douane am\u00e9ricains de 10%, avec plusieurs exceptions. La Commission a n\u00e9anmoins fait savoir qu&rsquo;aucune nouvelle r\u00e9union n&rsquo;\u00e9tait, pour l&rsquo;instant, pr\u00e9vue entre n\u00e9gociateurs am\u00e9ricains et europ\u00e9ens.<\/p>\n<p>\u00ab\u00a0Si vous \u00eates pr\u00eats \u00e0 ouvrir aux Etats-Unis votre march\u00e9 ferm\u00e9, \u00e0 \u00e9liminer vos droits de douane, vos mesures protectionnistes et les obstacles aux \u00e9changes, nous envisagerons, \u00e9ventuellement, des ajustements\u00a0\u00bb aux droits de douane promis samedi, a \u00e9crit le pr\u00e9sident am\u00e9ricain \u00e0 Ursula von der Leyen.<\/p>\n<p>En 2024, les Etats-Unis ont affich\u00e9 un d\u00e9ficit commercial de 236 milliards de dollars avec l&rsquo;UE (+13% sur un an), qui a export\u00e9 606 milliards de biens sur le territoire de la premi\u00e8re \u00e9conomie mondiale, selon des chiffres du bureau du repr\u00e9sentant am\u00e9ricain au commerce.<\/p>\n<p>&#8211; \u00ab\u00a0Arr\u00eater les cartels\u00a0\u00bb &#8211;<\/p>\n<p>Dans le cas du Mexique, il s&rsquo;agit \u00e9galement d&rsquo;un rel\u00e8vement par rapport aux 25% choisis jusqu&rsquo;ici.<\/p>\n<p>Donald Trump n&rsquo;a pas pr\u00e9cis\u00e9 si ces tarifs douaniers ne s&rsquo;appliqueraient qu&rsquo;aux produits n&rsquo;entrant pas dans le cadre de l&rsquo;accord Canada\/Etats-Unis\/Mexique (ACEUM), comme ce devait \u00eatre le cas pour les 25%.<\/p>\n<p>Ces biens hors ACEUM ne repr\u00e9sentent qu&rsquo;une minorit\u00e9 des \u00e9changes entres les deux pays.<\/p>\n<p>Interrog\u00e9e par l&rsquo;AFP, la Maison Blanche n&rsquo;a pas donn\u00e9 suite dans l&rsquo;imm\u00e9diat.<\/p>\n<p>\u00ab\u00a0Le Mexique m&rsquo;a aid\u00e9 \u00e0 s\u00e9curiser la fronti\u00e8re\u00a0\u00bb entre les deux pays, a reconnu Donald Trump, \u00ab\u00a0mais ce n&rsquo;est pas suffisant.\u00a0\u00bb<\/p>\n<p>Le voisin du sud \u00ab\u00a0n&rsquo;a toujours pas arr\u00eat\u00e9 les cartels qui essayent de faire de toute l&rsquo;Am\u00e9rique du Nord le terrain de jeu du narcotrafic\u00a0\u00bb, a fait valoir l&rsquo;ancien promoteur immobilier.<\/p>\n<p>Depuis lundi, le gouvernement Trump a pr\u00e9cis\u00e9 \u00e0 une vingtaine de partenaires commerciaux, principalement asiatiques, les taux qui seront d\u00e9sormais appliqu\u00e9s, de 20% \u00e0 40% \u00e0 l&rsquo;exception du Br\u00e9sil (50%).<\/p>\n<p>Une soixantaine de nations devraient, sauf accord commercial avant la date limite du 1er ao\u00fbt, se voir infliger des surtaxes sup\u00e9rieures \u00e0 10%, niveau plancher qui sera appliqu\u00e9 aux autres, Canada et Mexique \u00e9tant des cas particuliers.<\/p>\n<p>Jeudi, Donald Trump a indiqu\u00e9 aux autorit\u00e9s canadiennes l&rsquo;entr\u00e9e en vigueur de droits de douane de 35% au 1er ao\u00fbt.<\/p>\n<p>L&rsquo;ancienne vedette de t\u00e9l\u00e9r\u00e9alit\u00e9 a fait des droits de douane un axe fort de sa politique \u00e9conomique. Il sont, pour lui, un moyen de r\u00e9duire le d\u00e9ficit commercial am\u00e9ricain et de r\u00e9industrialiser les Etats-Unis.<\/p>\n<p>De nombreux \u00e9conomistes y voient un frein pour la croissance mondiale et un facteur inflationniste aux Etats-Unis.<\/p>\n","protected":false},"excerpt":{"rendered":"Le milliardaire r\u00e9publicain a justifi\u00e9, dans des lettres distinctes publi\u00e9es sur sa plateforme Truth Social, ces d\u00e9cisions en&hellip;\n","protected":false},"author":2,"featured_media":245287,"comment_status":"","ping_status":"","sticky":false,"template":"","format":"standard","meta":{"footnotes":""},"categories":[1586],"tags":[17,11045,11,2562,981,2483,1777,674,1779,1011,27,329,12,471,25,38512,467,1778,364],"class_list":{"0":"post-245286","1":"post","2":"type-post","3":"status-publish","4":"format-standard","5":"has-post-thumbnail","7":"category-europe","8":"tag-17","9":"tag-11045","10":"tag-actualites","11":"tag-annonce","12":"tag-douane","13":"tag-droits","14":"tag-eu","15":"tag-europe","16":"tag-european-union","17":"tag-fr","18":"tag-france","19":"tag-france-monde","20":"tag-news","21":"tag-pour","22":"tag-republique-francaise","23":"tag-surencherit","24":"tag-trump","25":"tag-ue","26":"tag-union-europeenne"},"share_on_mastodon":{"url":"https:\/\/pubeurope.com\/@fr\/114841186681070528","error":""},"_links":{"self":[{"href":"https:\/\/www.europesays.com\/fr\/wp-json\/wp\/v2\/posts\/245286","targetHints":{"allow":["GET"]}}],"collection":[{"href":"https:\/\/www.europesays.com\/fr\/wp-json\/wp\/v2\/posts"}],"about":[{"href":"https:\/\/www.europesays.com\/fr\/wp-json\/wp\/v2\/types\/post"}],"author":[{"embeddable":true,"href":"https:\/\/www.europesays.com\/fr\/wp-json\/wp\/v2\/users\/2"}],"replies":[{"embeddable":true,"href":"https:\/\/www.europesays.com\/fr\/wp-json\/wp\/v2\/comments?post=245286"}],"version-history":[{"count":0,"href":"https:\/\/www.europesays.com\/fr\/wp-json\/wp\/v2\/posts\/245286\/revisions"}],"wp:featuredmedia":[{"embeddable":true,"href":"https:\/\/www.europesays.com\/fr\/wp-json\/wp\/v2\/media\/245287"}],"wp:attachment":[{"href":"https:\/\/www.europesays.com\/fr\/wp-json\/wp\/v2\/media?parent=245286"}],"wp:term":[{"taxonomy":"category","embeddable":true,"href":"https:\/\/www.europesays.com\/fr\/wp-json\/wp\/v2\/categories?post=245286"},{"taxonomy":"post_tag","embeddable":true,"href":"https:\/\/www.europesays.com\/fr\/wp-json\/wp\/v2\/tags?post=245286"}],"curies":[{"name":"wp","href":"https:\/\/api.w.org\/{rel}","templated":true}]}}