{"id":245290,"date":"2025-07-12T16:24:14","date_gmt":"2025-07-12T16:24:14","guid":{"rendered":"https:\/\/www.europesays.com\/fr\/245290\/"},"modified":"2025-07-12T16:24:14","modified_gmt":"2025-07-12T16:24:14","slug":"trump-acte-30-de-surtaxes-contre-lue-au-1er-aout-leurope-prete-a-negocier-mais-prepare-ses-contre-mesures-liberation","status":"publish","type":"post","link":"https:\/\/www.europesays.com\/fr\/245290\/","title":{"rendered":"Trump acte 30\u00a0% de surtaxes contre l\u2019UE au 1er\u00a0ao\u00fbt, l\u2019Europe \u00abpr\u00eate\u00bb \u00e0 n\u00e9gocier mais pr\u00e9pare ses \u00abcontre-mesures\u00bb \u2013 Lib\u00e9ration"},"content":{"rendered":"<p class=\"sc-ksZaOG ehjQrN text-element\">A la poste\u00a0! Donald Trump a annonc\u00e9 ce samedi 12\u00a0juillet avoir envoy\u00e9 <a href=\"https:\/\/www.liberation.fr\/international\/europe\/guerre-commerciale-leurope-tentee-par-la-capitulation-20250627_ESDDEUZMPJCKJL2L62BCLWLRIY\/\" target=\"_blank\" rel=\"noreferrer nofollow noopener\" title=\"https:\/\/www.liberation.fr\/international\/europe\/guerre-commerciale-leurope-tentee-par-la-capitulation-20250627_ESDDEUZMPJCKJL2L62BCLWLRIY\/\">une lettre \u00e0 l\u2019Union europ\u00e9enne<\/a>, dans laquelle il annonce une surtaxe douani\u00e8re de 30\u00a0% sur les produits en provenance de l\u2019Union europ\u00e9enne. Elle s\u2019appliquera \u00e0 partir du 1er\u00a0ao\u00fbt, d\u2019apr\u00e8s la publication du pr\u00e9sident am\u00e9ricain sur son r\u00e9seau Truth Social, qui met une nouvelle fois en cause <a href=\"https:\/\/www.liberation.fr\/international\/europe\/taxation-des-produits-europeens-trump-gonfle-le-deficit-americain-a-dessein-20250304_BDG6HSS2DNCV7CZUARP6OZV2OY\/\" target=\"_blank\" rel=\"noreferrer nofollow noopener\" title=\"https:\/\/www.liberation.fr\/international\/europe\/taxation-des-produits-europeens-trump-gonfle-le-deficit-americain-a-dessein-20250304_BDG6HSS2DNCV7CZUARP6OZV2OY\/\">le pr\u00e9sum\u00e9 d\u00e9s\u00e9quilibre commercial avec l\u2019UE<\/a>.<\/p>\n<p class=\"sc-ksZaOG ehjQrN text-element\">D\u00e9but avril, le chef de l\u2019Etat r\u00e9publicain avait menac\u00e9 l\u2019UE d\u2019infliger 20\u00a0% de droits de douane aux produits europ\u00e9ens export\u00e9s aux Etats-Unis. Fin mai, frustr\u00e9 par le manque d\u2019avanc\u00e9e dans les n\u00e9gociations avec le bloc europ\u00e9en, il avait relev\u00e9 ce taux \u00e0 50\u00a0%, avec effet annonc\u00e9 au 1er\u00a0juin, <a href=\"https:\/\/www.liberation.fr\/international\/amerique\/droits-de-douane-donald-trump-renouvelle-ses-menaces-mais-repousse-son-ultimatum-20250708_CDCCGEAANRBT7ASY24L5XJKJ74\/\" target=\"_blank\" rel=\"noreferrer nofollow noopener\" title=\"https:\/\/www.liberation.fr\/international\/amerique\/droits-de-douane-donald-trump-renouvelle-ses-menaces-mais-repousse-son-ultimatum-20250708_CDCCGEAANRBT7ASY24L5XJKJ74\/\">finalement repouss\u00e9<\/a> au 1er\u00a0ao\u00fbt.<\/p>\n<p class=\"sc-ksZaOG ehjQrN text-element\">Donald Trump a pr\u00e9venu qu\u2019en cas de mesures de r\u00e9torsion c\u00f4t\u00e9 UE et de l\u2019imposition d\u2019une \u00e9ventuelle surtaxe sur les biens am\u00e9ricains, ce pourcentage serait ajout\u00e9 aux 30\u00a0% annonc\u00e9s ce samedi pour les produits europ\u00e9ens entrant aux Etats-Unis.<\/p>\n<p class=\"sc-ksZaOG ehjQrN text-element\">L\u2019UE a r\u00e9agi en critiquant cette d\u00e9cision tout en se disant toujours pr\u00eate \u00e0 continuer \u00e0 travailler sur un accord. \u00abImposer des droits de douane de 30\u00a0% sur les exportations de l\u2019UE perturberait les cha\u00eenes d\u2019approvisionnement transatlantiques essentielles, au d\u00e9triment des entreprises, des consommateurs et des patients des deux c\u00f4t\u00e9s de l\u2019Atlantique\u00bb, a d\u00e9nonc\u00e9 la pr\u00e9sidente de la Commission, <a href=\"https:\/\/www.liberation.fr\/international\/europe\/ursula-von-der-leyen-lhubris-du-pouvoir-absolu-20250708_HMJBCOMPURHFDK32GFCW56PIFU\/\" target=\"_blank\" rel=\"noreferrer nofollow noopener\" title=\"https:\/\/www.liberation.fr\/international\/europe\/ursula-von-der-leyen-lhubris-du-pouvoir-absolu-20250708_HMJBCOMPURHFDK32GFCW56PIFU\/\">Ursula von der Leyen<\/a>, dans un communiqu\u00e9. \u00abNous restons pr\u00eats \u00e0 poursuivre le travail vers un accord d\u2019ici le 1er\u00a0ao\u00fbt. Dans le m\u00eame temps, nous prendrons toutes les mesures n\u00e9cessaires pour sauvegarder les int\u00e9r\u00eats de l\u2019UE, y compris l\u2019adoption de contre-mesures proportionn\u00e9es si cela s\u2019av\u00e8re n\u00e9cessaire\u00bb, a-t-elle ajout\u00e9.<\/p>\n<p class=\"sc-ksZaOG ehjQrN text-element\">Pour sa part, Emmanuel Macron sa \u00abtr\u00e8s vive d\u00e9sapprobation\u00bb des mesures protectionnistes am\u00e9ricaines et appelle l\u2019UE \u00e0 \u00abd\u00e9fendre r\u00e9solument les int\u00e9r\u00eats europ\u00e9ens\u00bb, dans un message publi\u00e9 sur X. \u00abCela implique notamment d\u2019acc\u00e9l\u00e9rer la pr\u00e9paration de contre-mesures cr\u00e9dibles\u00bb, a soulign\u00e9 le Pr\u00e9sident, qui \u00e9voque aussi \u00abla n\u00e9gociation qui va s\u2019intensifier, pour parvenir \u00e0 un accord mutuellement acceptable d\u2019ici le 1er\u00a0ao\u00fbt\u00bb.<\/p>\n<p class=\"sc-ksZaOG ehjQrN text-element\">\u00abIl s\u2019agit maintenant pour l\u2019UE, dans le temps qui lui reste, de n\u00e9gocier de mani\u00e8re pragmatique une solution avec les \u00c9tats-Unis qui se concentre sur les principaux points de conflit\u00bb, a rench\u00e9ri la ministre allemande de l\u2019Economie, Katherina Reiche.<\/p>\n<p class=\"sc-ksZaOG ehjQrN text-element\">En parall\u00e8le, Donald Trump inflige ce samedi les m\u00eames droits de douane au Mexique de <a href=\"https:\/\/www.liberation.fr\/international\/amerique\/droits-de-douane-le-mexique-fait-bloc-derriere-sa-presidente-20250403_VGVNOY7RRFE6BGQGCU6BUQ5OLE\/\" target=\"_blank\" rel=\"noreferrer nofollow noopener\" title=\"https:\/\/www.liberation.fr\/international\/amerique\/droits-de-douane-le-mexique-fait-bloc-derriere-sa-presidente-20250403_VGVNOY7RRFE6BGQGCU6BUQ5OLE\/\">la pr\u00e9sidente Claudia Sheinbaum<\/a>, cette fois pour le r\u00f4le de son voisin dans l\u2019acheminement de drogues. Mexico a d\u00e9nonc\u00e9 une imposition \u00abinjuste\u00bb de droits de douane de 30\u00a0%. Mais le minist\u00e8re mexicain de l\u2019Economie a aussi fait savoir que les discussions continuent avec les Etats-Unis pour trouver un accord avant la nouvelle date butoir du 1er\u00a0ao\u00fbt.<\/p>\n<p class=\"sc-ksZaOG ehjQrN text-element\">Depuis lundi, une vingtaine de pays ont re\u00e7u un courrier de Washington annon\u00e7ant les droits de douane de 20 \u00e0 50\u00a0% qui leur seront appliqu\u00e9s au 1er\u00a0ao\u00fbt. Dans ses missives Trump assure \u00e9galement que toute riposte sera sanctionn\u00e9e par une surtaxe additionnelle.<\/p>\n<p class=\"sc-ksZaOG ehjQrN text-element\">Le 5\u00a0juillet, Trump avait annonc\u00e9 une premi\u00e8re <a href=\"https:\/\/www.liberation.fr\/international\/amerique\/droits-de-douane-americains-derniere-ligne-droite-avant-le-verdict-20250704_P7RE3HFPFBDO3H44WQVGJHW6JE\/\" target=\"_blank\" rel=\"noreferrer nofollow noopener\" title=\"https:\/\/www.liberation.fr\/international\/amerique\/droits-de-douane-americains-derniere-ligne-droite-avant-le-verdict-20250704_P7RE3HFPFBDO3H44WQVGJHW6JE\/\">salve de missives<\/a> en justifiant\u00a0: \u00abC\u2019est plus facile d\u2019envoyer une lettre disant\u00a0: \u2018\u2019Ecoutez, nous savons que nous avons un certain d\u00e9ficit, ou dans certains cas un exc\u00e9dent, mais pas beaucoup. Et voila ce que vous avez \u00e0 payer pour faire des affaires aux Etats-Unis\u00a0\u00bb. Nous avons fait \u00e7a avec le Royaume-Uni et \u00e7a a \u00e9t\u00e9 tr\u00e8s bien pour les deux parties. Avec la Chine, on a fait \u00e7a, et je pense que c\u2019est tr\u00e8s bien pour les deux parties.\u00bb Les jours qui ont suivi, via des missives publi\u00e9es sur son r\u00e9seau Truth Social, le Pr\u00e9sident a annonc\u00e9 des droits de douane r\u00e9vis\u00e9s pour le Canada ou <a href=\"https:\/\/www.liberation.fr\/international\/brics-a-rio-trump-en-colere-apres-la-declaration-commune-sur-les-droits-de-douane-liran-et-le-dollar-20250708_ZKDCA3JVEBFVFCEJETP7DG44ZY\/\" target=\"_blank\" rel=\"noreferrer nofollow noopener\" title=\"https:\/\/www.liberation.fr\/international\/brics-a-rio-trump-en-colere-apres-la-declaration-commune-sur-les-droits-de-douane-liran-et-le-dollar-20250708_ZKDCA3JVEBFVFCEJETP7DG44ZY\/\">le Br\u00e9sil<\/a>.<\/p>\n<p class=\"sc-ksZaOG ehjQrN text-element\">\u00abVoyons ce qui se passe quand nos amis \u00e0 Washington se r\u00e9veillent dans quelques heures, avait d\u00e9clar\u00e9 vendredi 11\u00a0juillet Olof Gill, porte-parole de l\u2019ex\u00e9cutif europ\u00e9en, lors d\u2019une conf\u00e9rence de presse. De notre c\u00f4t\u00e9, nous sommes pr\u00eats.\u00bb La Commission europ\u00e9enne, seule comp\u00e9tente pour n\u00e9gocier les accords commerciaux de l\u2019UE, cherchait ces derniers jours \u00e0 conclure un accord de principe avec les Etats-Unis, dont les d\u00e9tails suivraient ult\u00e9rieurement.<\/p>\n<p class=\"sc-ksZaOG ehjQrN text-element\">D\u00e9but avril, le pr\u00e9sident am\u00e9ricain avait provoqu\u00e9 une onde de choc en annon\u00e7ant une hausse drastique des droits de douane \u00e0 l\u2019encontre du reste du monde\u00a0: une surtaxe minimale de 10\u00a0%, pouvant aller jusqu\u2019\u00e0 50\u00a0% pour les pays exportant plus vers les Etats-Unis qu\u2019ils n\u2019importent de produits am\u00e9ricains. Apr\u00e8s une bronca mondiale et <a href=\"https:\/\/www.liberation.fr\/international\/amerique\/face-aux-droits-de-douane-americains-les-bourses-mondiales-devissent-20250403_5F44WBBHWVFHDJBZMDE6VCKRWA\/\" target=\"_blank\" rel=\"noreferrer nofollow noopener\" title=\"https:\/\/www.liberation.fr\/international\/amerique\/face-aux-droits-de-douane-americains-les-bourses-mondiales-devissent-20250403_5F44WBBHWVFHDJBZMDE6VCKRWA\/\">des march\u00e9s<\/a> en carafe, l\u2019erratique chef d\u2019Etat avait ensuite suspendu ces taxes douani\u00e8res, laissant la voie \u00e0 des n\u00e9gociations commerciales avec chacun des partenaires.<\/p>\n<p class=\"sc-ksZaOG ehjQrN text-element\">Cette lubie des barri\u00e8res douani\u00e8res, encourag\u00e9es notamment par son <a href=\"https:\/\/www.liberation.fr\/checknews\/hausse-des-droits-de-douane-le-conseiller-qui-a-souffle-lidee-a-donald-trump-a-t-il-invente-un-expert-pour-credibiliser-ses-theories-20250407_HNIHWHOS3FB27PILUM7DBLUPZY\/\" target=\"_blank\" rel=\"noreferrer nofollow noopener\" title=\"https:\/\/www.liberation.fr\/checknews\/hausse-des-droits-de-douane-le-conseiller-qui-a-souffle-lidee-a-donald-trump-a-t-il-invente-un-expert-pour-credibiliser-ses-theories-20250407_HNIHWHOS3FB27PILUM7DBLUPZY\/\">conseiller controvers\u00e9 Peter Navarro<\/a>, est pr\u00e9sente depuis son retour \u00e0 la Maison Blanche en janvier. Trump en a fait un axe central de sa politique \u00e9conomique\u00a0: levier de n\u00e9gociation pour obtenir des concessions de l\u2019ext\u00e9rieur, moyen de d\u00e9fendre l\u2019industrie nationale ou encore source de nouvelles recettes publiques. Il d\u00e9teste l\u2019id\u00e9e que les Etats-Unis aient des d\u00e9ficits commerciaux, c\u2019est-\u00e0-dire qu\u2019ils importent plus de marchandises en provenance d\u2019un pays qu\u2019ils n\u2019exportent vers celui-ci. Le pr\u00e9sident am\u00e9ricain menace ainsi, depuis avril, des dizaines de partenaires commerciaux de droits de douane punitifs pour r\u00e9\u00e9quilibrer les \u00e9changes.<\/p>\n<p class=\"sc-ksZaOG ehjQrN text-element\"><b>Mise \u00e0 jour\u00a0: <\/b>\u00e0 18\u00a0h\u00a008, avec l\u2019ajout de la r\u00e9action d\u2019Emmanuel Macron et de la ministre allemande de l\u2019Economie.<\/p>\n","protected":false},"excerpt":{"rendered":"A la poste\u00a0! Donald Trump a annonc\u00e9 ce samedi 12\u00a0juillet avoir envoy\u00e9 une lettre \u00e0 l\u2019Union europ\u00e9enne, dans&hellip;\n","protected":false},"author":2,"featured_media":245291,"comment_status":"","ping_status":"","sticky":false,"template":"","format":"standard","meta":{"footnotes":""},"categories":[2],"tags":[11,75,73,1011,27,1074,12,25,364],"class_list":{"0":"post-245290","1":"post","2":"type-post","3":"status-publish","4":"format-standard","5":"has-post-thumbnail","7":"category-actualites","8":"tag-actualites","9":"tag-donald-trump","10":"tag-etats-unis","11":"tag-fr","12":"tag-france","13":"tag-guerre-commerciale","14":"tag-news","15":"tag-republique-francaise","16":"tag-union-europeenne"},"share_on_mastodon":{"url":"https:\/\/pubeurope.com\/@fr\/114841194562911300","error":""},"_links":{"self":[{"href":"https:\/\/www.europesays.com\/fr\/wp-json\/wp\/v2\/posts\/245290","targetHints":{"allow":["GET"]}}],"collection":[{"href":"https:\/\/www.europesays.com\/fr\/wp-json\/wp\/v2\/posts"}],"about":[{"href":"https:\/\/www.europesays.com\/fr\/wp-json\/wp\/v2\/types\/post"}],"author":[{"embeddable":true,"href":"https:\/\/www.europesays.com\/fr\/wp-json\/wp\/v2\/users\/2"}],"replies":[{"embeddable":true,"href":"https:\/\/www.europesays.com\/fr\/wp-json\/wp\/v2\/comments?post=245290"}],"version-history":[{"count":0,"href":"https:\/\/www.europesays.com\/fr\/wp-json\/wp\/v2\/posts\/245290\/revisions"}],"wp:featuredmedia":[{"embeddable":true,"href":"https:\/\/www.europesays.com\/fr\/wp-json\/wp\/v2\/media\/245291"}],"wp:attachment":[{"href":"https:\/\/www.europesays.com\/fr\/wp-json\/wp\/v2\/media?parent=245290"}],"wp:term":[{"taxonomy":"category","embeddable":true,"href":"https:\/\/www.europesays.com\/fr\/wp-json\/wp\/v2\/categories?post=245290"},{"taxonomy":"post_tag","embeddable":true,"href":"https:\/\/www.europesays.com\/fr\/wp-json\/wp\/v2\/tags?post=245290"}],"curies":[{"name":"wp","href":"https:\/\/api.w.org\/{rel}","templated":true}]}}