{"id":245295,"date":"2025-07-12T16:28:17","date_gmt":"2025-07-12T16:28:17","guid":{"rendered":"https:\/\/www.europesays.com\/fr\/245295\/"},"modified":"2025-07-12T16:28:17","modified_gmt":"2025-07-12T16:28:17","slug":"un-superbe-match-de-presaison-au-programme-dans-un-stade-inhabituel","status":"publish","type":"post","link":"https:\/\/www.europesays.com\/fr\/245295\/","title":{"rendered":"un superbe match de pr\u00e9saison au programme dans un stade inhabituel !"},"content":{"rendered":"<p>Le Stade Toulousain peaufine sa pr\u00e9paration. Si pour l\u2019heure, tous les joueurs rouge et noir (\u00e0 l\u2019exception de Joshua Brennan, Pierre-Louis Barassi, Georges-Henri Colombe et Paul Mallez, retenus avec le XV de France) profitent de vacances bien m\u00e9rit\u00e9es apr\u00e8s un nouveau titre de champion de France, le programme de la reprise se pr\u00e9cise.<\/p>\n<p>La rencontre d\u00e9localis\u00e9e \u00e0 Guingamp<\/p>\n<p>Ce vendredi, le Stade Toulousain a annonc\u00e9 la tenue d\u2019une rencontre de pr\u00e9saison le 21 ao\u00fbt prochain face au RC Vannes, fra\u00eechement rel\u00e9gu\u00e9 en Pro D2. Pour autant, la partie ne se d\u00e9roulera pas \u00e0 La Rabine, l\u2019habituelle enceinte des Bretons. Le match est d\u00e9localis\u00e9 au stade du Roudourou de Guingamp, o\u00f9 \u00e9volue l\u2019En Avant. 18 000 chanceux pourront ainsi venir assister \u00e0 cette belle opposition. Pour rappel, la saison de Top 14 reprendra le week-end du 6 septembre, avec un d\u00e9placement \u00e0 Clermont pour les co\u00e9quipiers de Thomas Ramos.<\/p>\n<blockquote class=\"twitter-tweet\">\n<p dir=\"ltr\" lang=\"fr\">Le <a href=\"https:\/\/twitter.com\/StadeToulousain?ref_src=twsrc%5Etfw\" rel=\"nofollow noopener\" target=\"_blank\">@StadeToulousain<\/a> et le <a href=\"https:\/\/twitter.com\/RugbyClubVannes?ref_src=twsrc%5Etfw\" rel=\"nofollow noopener\" target=\"_blank\">@RugbyClubVannes<\/a> se retrouveront le jeudi 21 ao\u00fbt \u00e0 19h pour un match de pr\u00e9-saison au Stade de Roudourou \u00e0 Guingamp \ud83d\ude4c<\/p>\n<p>Un magnifique \u00e9v\u00e8nement pour toute la Bretagne \u26aa\ufe0f\u26ab\ufe0f<\/p>\n<p>Nous vous donnerons toutes les informations billetterie tr\u00e8s prochainement \ud83c\udf9f\ufe0f <a href=\"https:\/\/t.co\/7Jl9AIO1tB\" rel=\"nofollow\">pic.twitter.com\/7Jl9AIO1tB<\/a><\/p>\n<p>\u2014 Rugby Club Vannes (@RugbyClubVannes) <a href=\"https:\/\/twitter.com\/RugbyClubVannes\/status\/1943696990195302846?ref_src=twsrc%5Etfw\" rel=\"nofollow noopener\" target=\"_blank\">July 11, 2025<\/a><\/p>\n<\/blockquote>\n<p>Partagez cette info avec vos amis et vos proches en cliquant ici<br \/>Pour r\u00e9sumer<\/p>\n<p>Le Stade Toulousain a annonc\u00e9 la tenue d\u2019un match de pr\u00e9saison en Bretagne face \u00e0 Vannes. Cette rencontre ne se disputera pas \u00e0 La Rabine mais dans une enceinte habitu\u00e9e au football. Les Rouge et Noir se d\u00e9placeront au Roudourou.<\/p>\n<p> <img decoding=\"async\" width=\"76\" height=\"76\" loading=\"lazy\" src=\"https:\/\/www.europesays.com\/fr\/wp-content\/uploads\/2025\/04\/avatar-quinze.png\" alt=\"Arnaud D\u00e9chelotte\"\/><script async src=\"https:\/\/platform.twitter.com\/widgets.js\" charset=\"utf-8\"><\/script><\/p>\n","protected":false},"excerpt":{"rendered":"Le Stade Toulousain peaufine sa pr\u00e9paration. Si pour l\u2019heure, tous les joueurs rouge et noir (\u00e0 l\u2019exception de&hellip;\n","protected":false},"author":2,"featured_media":245296,"comment_status":"","ping_status":"","sticky":false,"template":"","format":"standard","meta":{"footnotes":""},"categories":[1416],"tags":[1011,27,479,1468,60],"class_list":{"0":"post-245295","1":"post","2":"type-post","3":"status-publish","4":"format-standard","5":"has-post-thumbnail","7":"category-rugby","8":"tag-fr","9":"tag-france","10":"tag-rugby","11":"tag-rugby-football","12":"tag-sports"},"share_on_mastodon":{"url":"https:\/\/pubeurope.com\/@fr\/114841210252187078","error":""},"_links":{"self":[{"href":"https:\/\/www.europesays.com\/fr\/wp-json\/wp\/v2\/posts\/245295","targetHints":{"allow":["GET"]}}],"collection":[{"href":"https:\/\/www.europesays.com\/fr\/wp-json\/wp\/v2\/posts"}],"about":[{"href":"https:\/\/www.europesays.com\/fr\/wp-json\/wp\/v2\/types\/post"}],"author":[{"embeddable":true,"href":"https:\/\/www.europesays.com\/fr\/wp-json\/wp\/v2\/users\/2"}],"replies":[{"embeddable":true,"href":"https:\/\/www.europesays.com\/fr\/wp-json\/wp\/v2\/comments?post=245295"}],"version-history":[{"count":0,"href":"https:\/\/www.europesays.com\/fr\/wp-json\/wp\/v2\/posts\/245295\/revisions"}],"wp:featuredmedia":[{"embeddable":true,"href":"https:\/\/www.europesays.com\/fr\/wp-json\/wp\/v2\/media\/245296"}],"wp:attachment":[{"href":"https:\/\/www.europesays.com\/fr\/wp-json\/wp\/v2\/media?parent=245295"}],"wp:term":[{"taxonomy":"category","embeddable":true,"href":"https:\/\/www.europesays.com\/fr\/wp-json\/wp\/v2\/categories?post=245295"},{"taxonomy":"post_tag","embeddable":true,"href":"https:\/\/www.europesays.com\/fr\/wp-json\/wp\/v2\/tags?post=245295"}],"curies":[{"name":"wp","href":"https:\/\/api.w.org\/{rel}","templated":true}]}}