{"id":245303,"date":"2025-07-12T16:33:10","date_gmt":"2025-07-12T16:33:10","guid":{"rendered":"https:\/\/www.europesays.com\/fr\/245303\/"},"modified":"2025-07-12T16:33:10","modified_gmt":"2025-07-12T16:33:10","slug":"cela-represente-beaucoup-pour-moi-et-mon-pays-jonathan-milan-fier-apres-sa-premiere-victoire-sur-le-tour-de-france-2025-lequipe","status":"publish","type":"post","link":"https:\/\/www.europesays.com\/fr\/245303\/","title":{"rendered":"\u00ab Cela repr\u00e9sente beaucoup pour moi et mon pays \u00bb : Jonathan Milan, fier apr\u00e8s sa premi\u00e8re victoire sur le Tour de France 2025 &#8211; L&#039;\u00c9quipe"},"content":{"rendered":"<ol>\n<li><a href=\"https:\/\/news.google.com\/rss\/articles\/CBMijgJBVV95cUxONnhPcFhzdl8zaDc4OWdrMGFROGRweThKRU5meVE1Sy1Nc1FFanR6VHFPa1F0dTVIdnBiQ3ZJQ2FmRTVJcHk2cTI5VFFYS04wMFpiZjNjcEw5Ujk1Z1pHWDNUeXRWMVI5ekw1OG5FdDQyUHBzclNHODFjV2tMWFE5b0FxYVRyTUh2TzRCQjhpWkx6NG0xRmthbUdIRU5GVTlld3ZPZUVOSFhjem5rdTBoa1hHZFBtOWQzdlBNa3dmbTVVMWR4S1A1R3BvODR5NlBienI0WUwzRFJHS19zdlVVQ3JJUy1uMnJCT0h1azM3MTRXNnltM25JYjZEcUJNSFE4WTcxbUhHaHl0M1hxWlE?oc=5\" target=\"_blank\" rel=\"noopener\">\u00ab Cela repr\u00e9sente beaucoup pour moi et mon pays \u00bb : Jonathan Milan, fier apr\u00e8s sa premi\u00e8re victoire sur le Tour de France 2025<\/a>&nbsp;&nbsp;L&rsquo;\u00c9quipe<\/li>\n<li><a href=\"https:\/\/news.google.com\/rss\/articles\/CBMi7wFBVV95cUxQWEhEOHlrNDRxWE5DMTA1RC1TUHJCTVFWbm9IQ1pKRTl4QmNFbVhqdXZzOWZqM1hKZ0M3OEZOWmhTeWZEbGY1LUdWMXNoa0I0a25TR1I4aHpqWDR5a2c1aWp3bF8xVk5oNDRuOW5PeGZHaEk5eEZ2UTZ1QlhNZFZjOG9QT19xZksxSHFLZGlzU0NiRkt3Tk9ORmZtQVFJazg5UmV3RlhXaDFibk1Ca3lQVDVQVlAtbVltTThBaW0wc1o3WWpzOXB3cmZEa3BSdDM3a1lHNmdfZl9ocTd6TzMxeWhlYUUyX2xHdHZHTnM0QQ?oc=5\" target=\"_blank\" rel=\"noopener\">Tour de France 2025 : Jonathan Milan vainqueur au sprint \u00e0 Laval au terme d&rsquo;une 8e \u00e9tape tranquille<\/a>&nbsp;&nbsp;L&rsquo;\u00c9quipe<\/li>\n<li><a href=\"https:\/\/news.google.com\/rss\/articles\/CBMi8gFBVV95cUxOSnZIZEZqaDVlNTlxT3MxYTNPcmhYRHhEbFBuSi1FeGVWWF9MOEF0bmlONkFTTkdTUENOU2lZeFJXYXNlVmUwMDJ4T0VMLVdVVlpfSUc2c1BsS2dOM3RuNmM5a05GYm1kckhpSDJXXzhjZzZZN1pBYTZncnYxWG1wNzhKTFY4QmtyRG9PSVZLbTBNSlRZbjZkUWRLY2Q5eHBZS2ktNVBwUUFVeXFwLUlwZnFkZ2ZaLUZadlpuZnJYN1ctS29ybEZrWVlzR2xLZ25naGpoVnhHT1FDYlczV21vaDFvNVN5d2dWZW9tSVhNaGhGUdIB8AFBVV95cUxPMFRwcVdtaU5vakxZTEdSU1I0dXZsNzhCcUh3TFVfLXBkVTZWUWJqTzkxSmhkc1c4MjE1c3h0Wmd0MnRyTlBJbEE0bkQzaWE5dzdud0ZUdnJBVzNOT2lGZ2pxQUFJLXJ3S0dhblFudlYxMjRUMGl3Mmc3NU9Jbm1oQkhlMk5LeEVvV0hpR19nS2ltbmxqcGhIZmc5U1czTGV0clJkT21DQVlFQ285ak45SXVsSjduVEU0Z2JLbEpGN3NNdXlaRlhHQ25iQi1fQXNuSlFBX3B0Q2o3MzY2aUNJamlLbXQtVktScU43R3p5MHQ?oc=5\" target=\"_blank\" rel=\"noopener\">Tour de France (E8) : Milan d\u00e9croche sa premi\u00e8re \u00e9tape, Pogacar reste en jaune<\/a>&nbsp;&nbsp;Orange Actualit\u00e9s | Sports<\/li>\n<li><a href=\"https:\/\/news.google.com\/rss\/articles\/CBMiuAFBVV95cUxQWXlmNDZORzlTNDNrZ0QtdWp4NzhuY2tlelBDZFVHci1VQ1UxYmFnajVnQmNZUlZjdUNmcVBmVjFfN3NCdmJHdHlyVU5YcmE0SWs5QkZJREo5bW0weHBkMjZ3WFJCZS0xTUZ0alNkWGI4LVY3QVhsVm1pTW9abVI4WWdERmIwQjlpYnB3N1A1U2M5blprNUZnWFJkYTUyd0J5eS1aZVRQd1Rtdks4SWxkMmYwSHFkZjdU?oc=5\" target=\"_blank\" rel=\"noopener\">Tour de France 2025 : Classement g\u00e9n\u00e9ral et r\u00e9sultats apr\u00e8s la 8e \u00e9tape<\/a>&nbsp;&nbsp;20 Minutes<\/li>\n<li><a href=\"https:\/\/news.google.com\/rss\/articles\/CBMi2gFBVV95cUxQbGQ0MUdRdm1WcG1KRnAxaDdGZFA4T3QzcDB1SnNCNDFDaWwtUEZTMWFRMnV2ZVFaM0drSFNJeHFvM3ZKRmZCMTlZLUJwbGhoTS1PR1pDUlI0SUU1bmRuOGxOaHctbTlrdEpraVAyWE9IXzdQdktUb1k2c1lJMUhWYURFeEpXelJvRUd4VTMwbzUxLVhfczhST3hrWXdReHNNcE5mU0xsMWN6NkVqM0VEUHhqSFBscV9QQkdXVGp6N1hFazk5VGdwbkZjWGZzaTMtejllcURhcEhYUQ?oc=5\" target=\"_blank\" rel=\"noopener\">Tour de France : grande premi\u00e8re pour Jonathan Milan, vainqueur au sprint \u00e0 Laval<\/a>&nbsp;&nbsp;Le Figaro<\/li>\n<\/ol>\n","protected":false},"excerpt":{"rendered":"\u00ab Cela repr\u00e9sente beaucoup pour moi et mon pays \u00bb : Jonathan Milan, fier apr\u00e8s sa premi\u00e8re victoire&hellip;\n","protected":false},"author":2,"featured_media":245304,"comment_status":"","ping_status":"","sticky":false,"template":"","format":"standard","meta":{"footnotes":""},"categories":[1411],"tags":[1154,207,1011,27,60],"class_list":{"0":"post-245303","1":"post","2":"type-post","3":"status-publish","4":"format-standard","5":"has-post-thumbnail","7":"category-cyclisme","8":"tag-cycling","9":"tag-cyclisme","10":"tag-fr","11":"tag-france","12":"tag-sports"},"share_on_mastodon":{"url":"https:\/\/pubeurope.com\/@fr\/114841229953776318","error":""},"_links":{"self":[{"href":"https:\/\/www.europesays.com\/fr\/wp-json\/wp\/v2\/posts\/245303","targetHints":{"allow":["GET"]}}],"collection":[{"href":"https:\/\/www.europesays.com\/fr\/wp-json\/wp\/v2\/posts"}],"about":[{"href":"https:\/\/www.europesays.com\/fr\/wp-json\/wp\/v2\/types\/post"}],"author":[{"embeddable":true,"href":"https:\/\/www.europesays.com\/fr\/wp-json\/wp\/v2\/users\/2"}],"replies":[{"embeddable":true,"href":"https:\/\/www.europesays.com\/fr\/wp-json\/wp\/v2\/comments?post=245303"}],"version-history":[{"count":0,"href":"https:\/\/www.europesays.com\/fr\/wp-json\/wp\/v2\/posts\/245303\/revisions"}],"wp:featuredmedia":[{"embeddable":true,"href":"https:\/\/www.europesays.com\/fr\/wp-json\/wp\/v2\/media\/245304"}],"wp:attachment":[{"href":"https:\/\/www.europesays.com\/fr\/wp-json\/wp\/v2\/media?parent=245303"}],"wp:term":[{"taxonomy":"category","embeddable":true,"href":"https:\/\/www.europesays.com\/fr\/wp-json\/wp\/v2\/categories?post=245303"},{"taxonomy":"post_tag","embeddable":true,"href":"https:\/\/www.europesays.com\/fr\/wp-json\/wp\/v2\/tags?post=245303"}],"curies":[{"name":"wp","href":"https:\/\/api.w.org\/{rel}","templated":true}]}}