{"id":245305,"date":"2025-07-12T16:34:15","date_gmt":"2025-07-12T16:34:15","guid":{"rendered":"https:\/\/www.europesays.com\/fr\/245305\/"},"modified":"2025-07-12T16:34:15","modified_gmt":"2025-07-12T16:34:15","slug":"nantes-augusto-vendu-a-krasnodar-off-maxifoot","status":"publish","type":"post","link":"https:\/\/www.europesays.com\/fr\/245305\/","title":{"rendered":"Nantes : Augusto vendu \u00e0 Krasnodar (off.) &#8211; Maxifoot"},"content":{"rendered":"<ol>\n<li><a href=\"https:\/\/news.google.com\/rss\/articles\/CBMiggFBVV95cUxOTURNcmpjeGh2bWZZNkc3OTB5ZER3MllmaHNvOFd6ZTliVmJ5N1g5Vk9hNHk4MTRwQ2tiN2hSM1pBMzQwc256eWhrdXU1UXNoazZ3NGFrMGlVbmcwTkkyMEtNM2FweFZ4Y2NkOEl1aUFUaXNIcXVNSFgyd2gySmVzbnVR0gGCAUFVX3lxTE5Hd19WZFVRMzV3RlJHSjhmMDhDb1hYYVNMWTNtZklxb2tVNFBDRTlJbHMtVkVvUVl1bFkxTkZSR1pFSFRYRHRGZDVWZHlITjFOcTBwdFU5YXZVQVBCaFhmVy0zMUxYQ2FzaDEtclZHQ2VQYmIydG9XVnNuNk5Pd3Y1RHc?oc=5\" target=\"_blank\" rel=\"noopener\">Nantes : Augusto vendu \u00e0 Krasnodar (off.)<\/a>&nbsp;&nbsp;Maxifoot<\/li>\n<li><a href=\"https:\/\/news.google.com\/rss\/articles\/CBMia0FVX3lxTE9fQWJwVFYwZi1nRkVQLXI4aGROSGtCeGxRYWdVUE4xMXhDblBVUUdCWW9EdnZmLVJLcTdYYW9MOUpmZHgzNDFRSk5yVjhsWHZ2MUxhSVQwM3AyWWloRkpHSjVHX0sxSENPQ2dv?oc=5\" target=\"_blank\" rel=\"noopener\">Groupr Pro &#8211; Douglas Augusto quitte le FC Nantes<\/a>&nbsp;&nbsp;FC Nantes<\/li>\n<li><a href=\"https:\/\/news.google.com\/rss\/articles\/CBMi6gFBVV95cUxPeHRqUmx2M2ZNQmZGa2c5Xy1GeFAwaWdJdjhsR2lhUTlydTV1bHdMQnZtWkJ3eXhPR3NhbEN3aWlQUjNVTGltSWxMamc5N0VlblJqbHJkUWRPelRTODA0MXEzdDlSQVdRR05QY3BYSF9SbzNPc3FjeTZWUjF4T09ibXZpblRTM3FtSXZlVjAzeEtpemJaS0E2YTJYX2JxZGIxVjRUcVJ0cUFWTGRhTXh1Rk1nQkZ6UU5BdHB2QVdyV0NkSDZ4ZEo5RHNYNzZvVGlsV0VoUmhIYXdUMS0wUENkTDhQenZqaGxra3c?oc=5\" target=\"_blank\" rel=\"noopener\">Mercato : Douglas Augusto bient\u00f4t officialis\u00e9 \u00e0 Krasnodar, Castelletto a quitt\u00e9 le FC Nantes pour rejoindre Al-Wakrah<\/a>&nbsp;&nbsp;L&rsquo;\u00c9quipe<\/li>\n<li><a href=\"https:\/\/news.google.com\/rss\/articles\/CBMiqAFBVV95cUxNZ0tYQVVFb0VqS1VNRVdhQWgza1NHYkw0NlN3OXhpcnJlaWJEcG9ObnloQmtQWk5YcmtNVGZ4Zjg5Y05LNUhMdjQxYWFOV3hnLURjYk1tbzEwVWZYR2wyUWNoSXJxN0pwQ2prOGhERS1ZNGZncVVnS3UxZ01ZdV91OVJDUUF3S2xFYWlkdE5RNjBvVHdicENfd0lMZWFOS29RYllUT0FpTFQ?oc=5\" target=\"_blank\" rel=\"noopener\">Douglas Augusto quitte le FC Nantes et signe \u00e0 Krasnodar<\/a>&nbsp;&nbsp;Foot Mercato<\/li>\n<li><a href=\"https:\/\/news.google.com\/rss\/articles\/CBMiigJBVV95cUxOMk9oc1ZmOEZFWVNmelZwQmwydE1Qb2ctUFRPZ2wtamlUYnV5dk0xb2NKV3Y3MUlmVHBreTdWZlNDMTF3Tnd6MVhXRGtBNzdSakxyQTRIdkVYTkVjUzR3TkFzeEpTMHA0R25WQ0RzcGZLV2thMzhaNUhaVklpdmdLMWttdWxJb0tZdmk3NnpXckFIUGhaMmNfRHYyUHQxbndkeVRoMlFsNVpzRWtYNzh1dXpBdGNpN1Z2VlNIenhjTjRTV09aS1c2cWRUVlQ0ZFd5UmYtZnFzVHRpbUVoWEhNLWhQMjAyaldnMWJRMHZoM3UwWC1zb1Jnb0s5OTdWS2U3Mm0yNnNIVnhZUQ?oc=5\" target=\"_blank\" rel=\"noopener\">Mercato FC Nantes. Castelletto file au Qatar, un d\u00e9fenseur central pist\u00e9 pour le remplacer<\/a>&nbsp;&nbsp;Ouest-France<\/li>\n<\/ol>\n","protected":false},"excerpt":{"rendered":"Nantes : Augusto vendu \u00e0 Krasnodar (off.)&nbsp;&nbsp;Maxifoot Groupr Pro &#8211; Douglas Augusto quitte le FC Nantes&nbsp;&nbsp;FC Nantes Mercato&hellip;\n","protected":false},"author":2,"featured_media":245306,"comment_status":"","ping_status":"","sticky":false,"template":"","format":"standard","meta":{"footnotes":""},"categories":[1410],"tags":[2266,2262,2261,1981,83,2260,451,2263,462,2269,2257,63,1011,27,2265,1441,453,66,447,2267,955,2268,241,149,70,1817,93,2264,2258,2259,60,969,455],"class_list":{"0":"post-245305","1":"post","2":"type-post","3":"status-publish","4":"format-standard","5":"has-post-thumbnail","7":"category-football","8":"tag-as-monaco","9":"tag-bundesligua","10":"tag-calcio","11":"tag-classement","12":"tag-coupe-de-france","13":"tag-coupe-de-la-ligue","14":"tag-coupe-du-monde","15":"tag-equipe","16":"tag-fc-nantes","17":"tag-fifa","18":"tag-foot","19":"tag-football","20":"tag-fr","21":"tag-france","22":"tag-girondins-bordeaux","23":"tag-joueur","24":"tag-liga","25":"tag-ligue-1","26":"tag-ligue-des-champions","27":"tag-losc","28":"tag-match","29":"tag-ogc-nice","30":"tag-ol","31":"tag-om","32":"tag-premier-league","33":"tag-pronostic","34":"tag-psg","35":"tag-rc-lens","36":"tag-resultat","37":"tag-score","38":"tag-sports","39":"tag-transfert","40":"tag-uefa"},"share_on_mastodon":{"url":"https:\/\/pubeurope.com\/@fr\/114841233933112640","error":""},"_links":{"self":[{"href":"https:\/\/www.europesays.com\/fr\/wp-json\/wp\/v2\/posts\/245305","targetHints":{"allow":["GET"]}}],"collection":[{"href":"https:\/\/www.europesays.com\/fr\/wp-json\/wp\/v2\/posts"}],"about":[{"href":"https:\/\/www.europesays.com\/fr\/wp-json\/wp\/v2\/types\/post"}],"author":[{"embeddable":true,"href":"https:\/\/www.europesays.com\/fr\/wp-json\/wp\/v2\/users\/2"}],"replies":[{"embeddable":true,"href":"https:\/\/www.europesays.com\/fr\/wp-json\/wp\/v2\/comments?post=245305"}],"version-history":[{"count":0,"href":"https:\/\/www.europesays.com\/fr\/wp-json\/wp\/v2\/posts\/245305\/revisions"}],"wp:featuredmedia":[{"embeddable":true,"href":"https:\/\/www.europesays.com\/fr\/wp-json\/wp\/v2\/media\/245306"}],"wp:attachment":[{"href":"https:\/\/www.europesays.com\/fr\/wp-json\/wp\/v2\/media?parent=245305"}],"wp:term":[{"taxonomy":"category","embeddable":true,"href":"https:\/\/www.europesays.com\/fr\/wp-json\/wp\/v2\/categories?post=245305"},{"taxonomy":"post_tag","embeddable":true,"href":"https:\/\/www.europesays.com\/fr\/wp-json\/wp\/v2\/tags?post=245305"}],"curies":[{"name":"wp","href":"https:\/\/api.w.org\/{rel}","templated":true}]}}