{"id":245309,"date":"2025-07-12T16:36:39","date_gmt":"2025-07-12T16:36:39","guid":{"rendered":"https:\/\/www.europesays.com\/fr\/245309\/"},"modified":"2025-07-12T16:36:39","modified_gmt":"2025-07-12T16:36:39","slug":"les-agences-boycottent-la-tournee-du-groupe","status":"publish","type":"post","link":"https:\/\/www.europesays.com\/fr\/245309\/","title":{"rendered":"les agences boycottent la tourn\u00e9e du groupe"},"content":{"rendered":"<p>Le 4 juillet 2025, <strong>Oasis<\/strong> a lanc\u00e9 \u00e0 Cardiff sa tourn\u00e9e de retrouvailles, attendue comme l\u2019un des <strong>grands \u00e9v\u00e9nements musicaux<\/strong> de l\u2019ann\u00e9e. Mais derri\u00e8re la ferveur des fans, une <strong>crise<\/strong> oppose le groupe aux <strong>principales agences photo qui boycottent<\/strong> d\u00e9sormais les concerts pour protester contre des <strong>conditions jug\u00e9es contraires<\/strong> \u00e0 la libert\u00e9 \u00e9ditoriale.<\/p>\n<p>Une ann\u00e9e de droits : une clause contractuelle contest\u00e9e<\/p>\n<p>Le conflit repose sur une <strong>exigence in\u00e9dite du management d\u2019Oasis<\/strong> : r\u00e9cup\u00e9rer la propri\u00e9t\u00e9 des images prises par les photographes professionnels <strong>un an apr\u00e8s leur diffusion<\/strong>. Une disposition que la News Media Coalition (NMC) \u2013 qui regroupe Associated Press, Getty Images, Reuters, Shutterstock et l\u2019AFP \u2013 qualifie de \u00ab draconienne \u00bb. On notera d\u2019ailleurs que les repr\u00e9sentants du groupe n\u2019ont pas donn\u00e9 de raisons \u00e0 cette restriction.<\/p>\n<p><img decoding=\"async\" width=\"986\" height=\"750\" loading=\"lazy\" src=\"https:\/\/www.europesays.com\/fr\/wp-content\/uploads\/2025\/07\/screenshot-2025-07-10-181752.png\" alt=\"\" class=\"wp-image-243940\"  \/>Un article de <a href=\"https:\/\/www.theguardian.com\/music\/2025\/jul\/10\/photo-agencies-to-boycott-oasis-tour-rights-restrictions?CMP=Share_iOSApp_Other\" target=\"_blank\" rel=\"noopener\">The Guardian<\/a> sur le sujet<\/p>\n<p><a href=\"https:\/\/www.newsmediacoalition.org\/major-news-organisations-suspend-news-photo-coverage-of-oasis-concerts-after-band-imposes-restrictions-on-editors\/\" target=\"_blank\" rel=\"noopener\">Dans un communiqu\u00e9<\/a>, Andrew Moger, directeur de la NMC, insiste sur <strong>le r\u00f4le des photographes dans la production de photographies d\u2019actualit\u00e9<\/strong>. \u00ab\u00a0Que des organisations de presse se voient dire par Oasis qu\u2019elles ne pourraient utiliser leur propre mat\u00e9riel sous copyright que pendant un mois, puis pendant un an, est en <strong>contradiction avec la r\u00e9alit\u00e9 des contenus d\u2019information<\/strong>. Les agences souhaitent couvrir la tourn\u00e9e, de Cardiff au Br\u00e9sil, mais ne pas avoir la libert\u00e9 de diffuser ces informations dans le futur p\u00e8se lourdement dans la planification \u00e9ditoriale.\u00a0\u00bb<\/p>\n<p>Les deux premi\u00e8res dates \u00e0 Cardiff ont \u00e9t\u00e9 couvertes, mais les agences ont annonc\u00e9 qu\u2019elles <strong>ne couvriront pas les concerts suivants<\/strong> \u00e0 Manchester, Londres, \u00c9dimbourg et Dublin.<\/p>\n<p>Visibilit\u00e9 r\u00e9duite pour le retour d\u2019Oasis<\/p>\n<p>M\u00eame si le retour d\u2019Oasis en concert fait la une des journaux, le boycott prive le groupe d\u2019une <strong>couverture photo professionnelle<\/strong> <strong>ind\u00e9pendante<\/strong>. En c\u00e9dant leurs images au groupe, les photographes <strong>perdraient la possibilit\u00e9 de r\u00e9utiliser leur travail<\/strong> dans un cadre \u00e9ditorial ou historique, ce qui, selon la NMC, <strong>affaiblit la m\u00e9moire collective<\/strong> de l\u2019\u00e9v\u00e9nement.<\/p>\n<p>Pour Oasis, ce retrait <strong>risque d\u2019impacter la visibilit\u00e9 m\u00e9diatique<\/strong> et la pr\u00e9sence du groupe <strong>dans les r\u00e9trospectives et les archives<\/strong>, au-del\u00e0 de la simple communication promotionnelle.<\/p>\n<p>Un pr\u00e9c\u00e9dent pour la sc\u00e8ne musicale<\/p>\n<p>Ce bras de fer illustre une tendance plus large de l\u2019industrie musicale \u00e0 <strong>contr\u00f4ler strictement son image<\/strong>. Ces derni\u00e8res ann\u00e9es, plusieurs artistes ont tent\u00e9 d\u2019imposer des <strong>restrictions contractuelles<\/strong> similaires, mais rarement de fa\u00e7on aussi radicale. Si d\u2019autres suivaient l\u2019exemple d\u2019Oasis, la <strong>tension entre musiciens et m\u00e9dias sp\u00e9cialis\u00e9s<\/strong> pourrait s\u2019accentuer, <strong>au d\u00e9triment de la libert\u00e9 de la presse<\/strong> et de la documentation photographique.<\/p>\n<p>La tourn\u00e9e d\u2019Oasis met ainsi en lumi\u00e8re un d\u00e9bat essentiel : <strong>jusqu\u2019o\u00f9 un artiste peut-il contr\u00f4ler son image sans compromettre le r\u00f4le documentaire et historique de la photographie ? <\/strong>Cette question se pose d\u2019autant plus fortement \u00e0 une \u00e9poque o\u00f9 les <a href=\"https:\/\/phototrend.fr\/tag\/ia-generative\/\" target=\"_blank\" rel=\"noopener\">images g\u00e9n\u00e9r\u00e9es par IA<\/a> viennent brouiller les pistes.<\/p>\n<p>\u00ab\u00a0Dans une \u00e8re de contenus g\u00e9n\u00e9r\u00e9s par l\u2019IA et de d\u00e9sinformation, le journalisme ind\u00e9pendant fond\u00e9 sur le <strong>t\u00e9moignage authentique<\/strong>, ce que nous appelons le journalisme de <strong>source primaire<\/strong>, est d\u2019autant plus vital\u00a0\u00bb r\u00e9sume Andrew Moger.<\/p>\n","protected":false},"excerpt":{"rendered":"Le 4 juillet 2025, Oasis a lanc\u00e9 \u00e0 Cardiff sa tourn\u00e9e de retrouvailles, attendue comme l\u2019un des grands&hellip;\n","protected":false},"author":2,"featured_media":245310,"comment_status":"","ping_status":"","sticky":false,"template":"","format":"standard","meta":{"footnotes":""},"categories":[1358],"tags":[47,38513,1348,1384,1385,1386,58,6260,59,1011,27,10402,23929,38514],"class_list":{"0":"post-245309","1":"post","2":"type-post","3":"status-publish","4":"format-standard","5":"has-post-thumbnail","7":"category-arts-et-design","8":"tag-actualite","9":"tag-agence-de-presse","10":"tag-arts","11":"tag-arts-and-design","12":"tag-arts-et-design","13":"tag-design","14":"tag-divertissement","15":"tag-droit-dauteur","16":"tag-entertainment","17":"tag-fr","18":"tag-france","19":"tag-liberte-de-la-presse","20":"tag-oasis","21":"tag-photographie-de-concert"},"share_on_mastodon":{"url":"https:\/\/pubeurope.com\/@fr\/114841241797353013","error":""},"_links":{"self":[{"href":"https:\/\/www.europesays.com\/fr\/wp-json\/wp\/v2\/posts\/245309","targetHints":{"allow":["GET"]}}],"collection":[{"href":"https:\/\/www.europesays.com\/fr\/wp-json\/wp\/v2\/posts"}],"about":[{"href":"https:\/\/www.europesays.com\/fr\/wp-json\/wp\/v2\/types\/post"}],"author":[{"embeddable":true,"href":"https:\/\/www.europesays.com\/fr\/wp-json\/wp\/v2\/users\/2"}],"replies":[{"embeddable":true,"href":"https:\/\/www.europesays.com\/fr\/wp-json\/wp\/v2\/comments?post=245309"}],"version-history":[{"count":0,"href":"https:\/\/www.europesays.com\/fr\/wp-json\/wp\/v2\/posts\/245309\/revisions"}],"wp:featuredmedia":[{"embeddable":true,"href":"https:\/\/www.europesays.com\/fr\/wp-json\/wp\/v2\/media\/245310"}],"wp:attachment":[{"href":"https:\/\/www.europesays.com\/fr\/wp-json\/wp\/v2\/media?parent=245309"}],"wp:term":[{"taxonomy":"category","embeddable":true,"href":"https:\/\/www.europesays.com\/fr\/wp-json\/wp\/v2\/categories?post=245309"},{"taxonomy":"post_tag","embeddable":true,"href":"https:\/\/www.europesays.com\/fr\/wp-json\/wp\/v2\/tags?post=245309"}],"curies":[{"name":"wp","href":"https:\/\/api.w.org\/{rel}","templated":true}]}}