{"id":245318,"date":"2025-07-12T16:41:09","date_gmt":"2025-07-12T16:41:09","guid":{"rendered":"https:\/\/www.europesays.com\/fr\/245318\/"},"modified":"2025-07-12T16:41:09","modified_gmt":"2025-07-12T16:41:09","slug":"ils-lisent-enfin-dans-nos-tetes-un-neuroscientifique-devoile-limplant-cerebral-qui-traduit-les-pensees-en-paroles-en-une-fraction-de-seconde","status":"publish","type":"post","link":"https:\/\/www.europesays.com\/fr\/245318\/","title":{"rendered":"\u00ab Ils lisent enfin dans nos t\u00eates \u00bb : un neuroscientifique d\u00e9voile l\u2019implant c\u00e9r\u00e9bral qui traduit les pens\u00e9es en paroles en une fraction de seconde"},"content":{"rendered":"<tr>\n<td><strong>EN BREF<\/strong><\/td>\n<\/tr>\n<tr>\n<td>\n<ul>\n<li>\ud83e\udde0 L\u2019implant c\u00e9r\u00e9bral utilise une <strong>intelligence artificielle<\/strong> pour traduire les pens\u00e9es en paroles presque instantan\u00e9ment.<\/li>\n<li>\ud83d\udd2c D\u00e9velopp\u00e9 par des chercheurs de l\u2019Universit\u00e9 de la Californie \u00e0 Berkeley, ce dispositif est encore en phase <strong>exp\u00e9rimentale<\/strong>.<\/li>\n<li>\ud83d\udcac La technologie r\u00e9duit le d\u00e9lai de traduction \u00e0 <strong>80 millisecondes<\/strong>, am\u00e9liorant la communication pour les personnes paralys\u00e9es.<\/li>\n<li>\ud83d\udcc8 Un potentiel \u00e9norme pour transformer la vie de milliers de personnes, avec une mise en \u0153uvre esp\u00e9r\u00e9e dans les <strong>cinq \u00e0 dix ans<\/strong>.<\/li>\n<\/ul>\n<\/td>\n<\/tr>\n<p>Une avanc\u00e9e scientifique majeure a r\u00e9cemment vu le jour gr\u00e2ce \u00e0 une \u00e9quipe de chercheurs de l\u2019Universit\u00e9 de la Californie \u00e0 Berkeley. Ces scientifiques ont mis au point un implant c\u00e9r\u00e9bral dop\u00e9 \u00e0 l\u2019intelligence artificielle, permettant \u00e0 une femme paralys\u00e9e de traduire ses pens\u00e9es en paroles presque instantan\u00e9ment. Ce dispositif r\u00e9volutionnaire pourrait transformer la vie de nombreuses personnes ayant perdu la capacit\u00e9 de communiquer. L\u2019interface cerveau-ordinateur, utilis\u00e9e dans cette recherche, a d\u00e9montr\u00e9 son potentiel en r\u00e9duisant consid\u00e9rablement le d\u00e9lai entre la pens\u00e9e et la parole. Cette innovation offre un nouvel espoir pour un avenir o\u00f9 les barri\u00e8res de la communication pourraient \u00eatre bris\u00e9es pour ceux qui en ont le plus besoin.<\/p>\n<p>Les d\u00e9fis de la communication pour les personnes paralys\u00e9es<\/p>\n<p>La perte de la capacit\u00e9 \u00e0 parler est une \u00e9preuve difficile pour de nombreuses personnes atteintes de paralysie. Ann, une ancienne professeure de math\u00e9matiques, a perdu l\u2019usage de la parole apr\u00e8s une crise cardiaque il y a 18 ans. Pour elle, <strong>retrouver une voix gr\u00e2ce \u00e0 la technologie<\/strong> est plus qu\u2019une simple am\u00e9lioration de la qualit\u00e9 de vie ; c\u2019est une renaissance. Auparavant, l\u2019op\u00e9ration prenait huit secondes pour traduire ses pens\u00e9es en paroles, un d\u00e9lai qui rendait les conversations fluides presque impossibles. Avec la nouvelle interface, ce temps a \u00e9t\u00e9 r\u00e9duit \u00e0 seulement 80 millisecondes, permettant une communication beaucoup plus naturelle et imm\u00e9diate. Cette avanc\u00e9e est cruciale pour r\u00e9tablir un sentiment de connexion et d\u2019identit\u00e9 chez ceux qui ont perdu leur voix.<\/p>\n<blockquote class=\"wp-embedded-content\" data-secret=\"P5fnbkMZvE\">\n<p><a href=\"https:\/\/www.innovant.fr\/2025\/06\/22\/le-cerveau-cache-bien-une-deuxieme-memoire-des-chercheurs-identifient-un-systeme-dapprentissage-reste-inconnu-jusquici\/\" rel=\"nofollow noopener\" target=\"_blank\">\u00ab Le cerveau cache bien une deuxi\u00e8me m\u00e9moire \u00bb : des chercheurs identifient un syst\u00e8me d\u2019apprentissage rest\u00e9 inconnu jusqu\u2019ici<\/a><\/p>\n<\/blockquote>\n<p>La technologie derri\u00e8re l\u2019implant c\u00e9r\u00e9bral<\/p>\n<p>Le dispositif mis au point par l\u2019\u00e9quipe de Berkeley repose sur une interface cerveau-ordinateur sophistiqu\u00e9e. Ce syst\u00e8me utilise un faisceau d\u2019\u00e9lectrodes pour capter les signaux c\u00e9r\u00e9braux et les convertir en voix gr\u00e2ce \u00e0 un mod\u00e8le d\u2019apprentissage profond. <strong>La technologie d\u2019intelligence artificielle<\/strong> joue un r\u00f4le crucial dans ce processus, permettant de d\u00e9coder les pens\u00e9es d\u2019Ann et de les transcrire en paroles. Bien que le mod\u00e8le ne soit pas encore parfait, avec un vocabulaire limit\u00e9 \u00e0 1024 mots, les r\u00e9sultats obtenus jusqu\u2019\u00e0 pr\u00e9sent sont prometteurs. Contrairement \u00e0 d\u2019autres technologies invasives, ce syst\u00e8me n\u2019exige pas que les \u00e9lectrodes p\u00e9n\u00e8trent le cerveau, ce qui le rend plus s\u00fbr et plus accessible pour un d\u00e9ploiement futur.<\/p>\n<blockquote class=\"wp-embedded-content\" data-secret=\"FLagXntsTr\">\n<p><a href=\"https:\/\/www.innovant.fr\/2025\/05\/31\/le-camping-car-que-tout-le-monde-attendait-dacia-devoile-un-modele-abordable-qui-fait-deja-tourner-les-tetes\/\" rel=\"nofollow noopener\" target=\"_blank\">\u00ab Le camping-car que tout le monde attendait \u00bb : Dacia d\u00e9voile un mod\u00e8le abordable qui fait d\u00e9j\u00e0 tourner les t\u00eates<\/a><\/p>\n<\/blockquote>\n<p>Un avenir prometteur pour la neuroproth\u00e8se vocale<\/p>\n<p>Alors que cette technologie est encore au stade exp\u00e9rimental, les chercheurs sont optimistes quant \u00e0 son potentiel futur. Gopala Anumanchipalli, l\u2019auteur principal de l\u2019\u00e9tude, estime que ce dispositif pourrait \u00eatre d\u00e9ploy\u00e9 dans cinq \u00e0 dix ans, avec un financement ad\u00e9quat. La chirurgie n\u00e9cessaire pour installer le faisceau d\u2019\u00e9lectrodes est d\u00e9j\u00e0 courante dans le diagnostic de l\u2019\u00e9pilepsie, ce qui facilite son adoption pour les troubles de l\u2019\u00e9locution. Cette innovation pourrait transformer la vie de milliers de personnes, leur offrant non seulement une voix, mais aussi une nouvelle chance de se connecter avec le monde qui les entoure. Le professeur Patrick Degenaar de l\u2019Universit\u00e9 de Newcastle a qualifi\u00e9 cette avanc\u00e9e de \u00ab\u00a0tr\u00e8s cool\u00a0\u00bb, soulignant son potentiel disruptif dans le domaine de la neuroproth\u00e8se.<\/p>\n<blockquote class=\"wp-embedded-content\" data-secret=\"bxONkmXu26\">\n<p><a href=\"https:\/\/www.innovant.fr\/2025\/03\/26\/7-000-abonnes-en-24-heures-cette-methode-youtube-fait-exploser-les-compteurs-sans-depenser-un-centime\/\" rel=\"nofollow noopener\" target=\"_blank\">7 000 abonn\u00e9s en 24 heures : cette m\u00e9thode YouTube fait exploser les compteurs sans d\u00e9penser un centime<\/a><\/p>\n<\/blockquote>\n<p>Les implications sociales et \u00e9thiques<\/p>\n<p>Avec le d\u00e9veloppement de cette technologie, des questions \u00e9thiques et sociales \u00e9mergent. Comment assurer que cette avanc\u00e9e soit accessible \u00e0 tous ceux qui en ont besoin ? <strong>La question de l\u2019accessibilit\u00e9 financi\u00e8re<\/strong> est cruciale, ainsi que celle de la confidentialit\u00e9 des donn\u00e9es c\u00e9r\u00e9brales. Alors que nous nous rapprochons d\u2019une r\u00e9alit\u00e9 o\u00f9 la pens\u00e9e peut \u00eatre traduite en parole, il est essentiel de r\u00e9fl\u00e9chir aux implications de cette technologie sur la vie priv\u00e9e et le consentement \u00e9clair\u00e9. Les chercheurs, tout en poursuivant leurs travaux, devront collaborer avec les \u00e9thiciens, les patients et les d\u00e9cideurs politiques pour naviguer dans ces eaux inexplor\u00e9es. Cette innovation soul\u00e8ve l\u2019espoir de donner une voix \u00e0 ceux qui sont r\u00e9duits au silence, mais elle doit \u00eatre mise en \u0153uvre de mani\u00e8re \u00e9thique et responsable.<\/p>\n<p>Alors que la technologie continue de progresser \u00e0 un rythme effr\u00e9n\u00e9, comment pourrons-nous garantir que ces avanc\u00e9es b\u00e9n\u00e9ficient v\u00e9ritablement \u00e0 ceux qui en ont le plus besoin, tout en pr\u00e9servant les droits et la dignit\u00e9 des individus concern\u00e9s ?<\/p>\n<p>L\u2019auteur s\u2019est appuy\u00e9 sur l\u2019intelligence artificielle pour enrichir cet article.<\/p>\n<p id=\"rating\">\u00c7a vous a plu ?\u00a04.4\/5 (23)<\/p>\n","protected":false},"excerpt":{"rendered":"EN BREF \ud83e\udde0 L\u2019implant c\u00e9r\u00e9bral utilise une intelligence artificielle pour traduire les pens\u00e9es en paroles presque instantan\u00e9ment. \ud83d\udd2c&hellip;\n","protected":false},"author":2,"featured_media":245319,"comment_status":"","ping_status":"","sticky":false,"template":"","format":"standard","meta":{"footnotes":""},"categories":[10],"tags":[1011,27,72,71],"class_list":{"0":"post-245318","1":"post","2":"type-post","3":"status-publish","4":"format-standard","5":"has-post-thumbnail","7":"category-sante","8":"tag-fr","9":"tag-france","10":"tag-health","11":"tag-sante"},"share_on_mastodon":{"url":"https:\/\/pubeurope.com\/@fr\/114841261359812189","error":""},"_links":{"self":[{"href":"https:\/\/www.europesays.com\/fr\/wp-json\/wp\/v2\/posts\/245318","targetHints":{"allow":["GET"]}}],"collection":[{"href":"https:\/\/www.europesays.com\/fr\/wp-json\/wp\/v2\/posts"}],"about":[{"href":"https:\/\/www.europesays.com\/fr\/wp-json\/wp\/v2\/types\/post"}],"author":[{"embeddable":true,"href":"https:\/\/www.europesays.com\/fr\/wp-json\/wp\/v2\/users\/2"}],"replies":[{"embeddable":true,"href":"https:\/\/www.europesays.com\/fr\/wp-json\/wp\/v2\/comments?post=245318"}],"version-history":[{"count":0,"href":"https:\/\/www.europesays.com\/fr\/wp-json\/wp\/v2\/posts\/245318\/revisions"}],"wp:featuredmedia":[{"embeddable":true,"href":"https:\/\/www.europesays.com\/fr\/wp-json\/wp\/v2\/media\/245319"}],"wp:attachment":[{"href":"https:\/\/www.europesays.com\/fr\/wp-json\/wp\/v2\/media?parent=245318"}],"wp:term":[{"taxonomy":"category","embeddable":true,"href":"https:\/\/www.europesays.com\/fr\/wp-json\/wp\/v2\/categories?post=245318"},{"taxonomy":"post_tag","embeddable":true,"href":"https:\/\/www.europesays.com\/fr\/wp-json\/wp\/v2\/tags?post=245318"}],"curies":[{"name":"wp","href":"https:\/\/api.w.org\/{rel}","templated":true}]}}