{"id":245328,"date":"2025-07-12T16:46:15","date_gmt":"2025-07-12T16:46:15","guid":{"rendered":"https:\/\/www.europesays.com\/fr\/245328\/"},"modified":"2025-07-12T16:46:15","modified_gmt":"2025-07-12T16:46:15","slug":"deux-responsables-syrien-et-israelien-vont-se-rencontrer-a-bakou","status":"publish","type":"post","link":"https:\/\/www.europesays.com\/fr\/245328\/","title":{"rendered":"Deux responsables syrien et isra\u00e9lien vont se rencontrer \u00e0 Bakou"},"content":{"rendered":"<p>En mai, le pr\u00e9sident am\u00e9ricain Trump avait assur\u00e9, apr\u00e8s avoir rencontr\u00e9 Ahmed al-Charaa, que le dirigeant syrien \u00e9tait dispos\u00e9 \u00e0 acc\u00e9der \u00e0 sa demande d\u2019une normalisation des relations avec Isra\u00ebl, avec qui la Syrie est officiellement en guerre depuis 1948.<\/p>\n<p class=\"fig-paragraph\">Deux responsables syrien et isra\u00e9lien vont se rencontrer samedi \u00e0 Bakou en marge de la visite du pr\u00e9sident int\u00e9rimaire syrien,\u00a0<a href=\"http:\/\/www.lefigaro.fr\/international\/bonne-chance-a-la-syrie-donald-trump-adoube-ahmed-al-charaa-et-leve-les-sanctions-contre-damas-20250514\" target=\"_blank\" data-fig-type=\"Article\" rel=\"noopener\" data-gtm-custom-categorie=\"navigation\" data-gtm-custom-action=\"crossclick\" data-gtm-custom-label=\"Contextuel\" data-gtm-event=\"customEventSPE\" data-fig-domain=\"LEFIGARO\">Ahmed al-Charaa<\/a>, en Azerba\u00efdjan, a indiqu\u00e9 une source diplomatique \u00e0 Damas au fait des pourparlers entre les deux pays voisins.<\/p>\n<p class=\"fig-paragraph\">En mai, le pr\u00e9sident am\u00e9ricain Donald Trump avait assur\u00e9, apr\u00e8s avoir rencontr\u00e9 le dirigeant syrien, que celui-ci \u00e9tait dispos\u00e9 \u00e0 acc\u00e9der \u00e0 sa demande d&rsquo;une normalisation avec Isra\u00ebl, avec qui la Syrie est officiellement en guerre depuis 1948. \u00abIl y aura une r\u00e9union entre un responsable syrien et un responsable isra\u00e9lien en marge de la visite de Charaa \u00e0 Bakou\u00bb, a d\u00e9clar\u00e9 la source diplomatique qui a requis l&rsquo;anonymat en raison de la sensibilit\u00e9 de la question, pr\u00e9cisant que le dirigeant syrien n&rsquo;assisterait pas \u00e0 cette r\u00e9union.<\/p>\n<p>                                    <a class=\"fig-a11y-skip a11y-hidden\" href=\"#fig-a11y-skip-main-inarticle\"><br \/>\n        Passer la publicit\u00e9<br \/>\n    <\/a><\/p>\n<p class=\"fig-paragraph\">Les discussions porteront sur \u00abla r\u00e9cente pr\u00e9sence militaire isra\u00e9lienne en Syrie\u00bb, a ajout\u00e9 cette source en r\u00e9f\u00e9rence aux zones dans lesquelles Isra\u00ebl a d\u00e9ploy\u00e9 ses troupes depuis la chute du pr\u00e9sident syrien, Bachar al-Assad, en d\u00e9cembre.<\/p>\n<p>Accord de s\u00e9curit\u00e9<\/p>\n<p class=\"fig-paragraph\">Apr\u00e8s la prise de pouvoir d&rsquo;une coalition de groupes islamistes \u00e0 Damas en d\u00e9cembre, mettant fin \u00e0 une guerre d\u00e9vastatrice de 13 ans, Ahmed al-Charaa a assur\u00e9 que la Syrie ne souhaitait pas entrer en conflit avec ses voisins. Et d\u00e9but juillet, Damas s&rsquo;est d\u00e9clar\u00e9 pr\u00eat \u00e0 coop\u00e9rer avec les \u00c9tats-Unis pour revenir \u00e0 un accord de s\u00e9curit\u00e9 avec Isra\u00ebl datant de 1974.<\/p>\n<p class=\"fig-paragraph\">Depuis d\u00e9cembre, Isra\u00ebl a men\u00e9 des centaines de frappes en Syrie et a d\u00e9ploy\u00e9 ses forces dans la zone tampon d\u00e9militaris\u00e9e du Golan, en violation de cet accord, selon l&rsquo;ONU. Damas n&rsquo;a pas r\u00e9pliqu\u00e9 et a reconnu avoir men\u00e9 des pourparlers indirects avec Isra\u00ebl en vue de r\u00e9duire les tensions avec son voisin.<\/p>\n<p class=\"fig-paragraph\">L&rsquo;\u00e9missaire am\u00e9ricain pour la Syrie, Tom Barrack, a r\u00e9cemment affirm\u00e9 que Ahmed al-Charaa lui avait confi\u00e9 vouloir \u00abla paix\u00bb \u00e0 la fronti\u00e8re. Le ministre isra\u00e9lien des Affaires \u00e9trang\u00e8res, Gideon Saar, a affirm\u00e9 fin juin que son pays \u00e9tait \u00abint\u00e9ress\u00e9\u00bb par une normalisation de ses relations avec la Syrie, soulignant toutefois qu&rsquo;Isra\u00ebl n&rsquo;avait pas l&rsquo;intention de restituer la partie du Golan syrien qu&rsquo;il a conquise en 1967 et annex\u00e9e en 1981. Les discussions sur la signature par la Syrie d&rsquo;un accord de paix avec Isra\u00ebl sont \u00abpr\u00e9matur\u00e9es\u00bb, avait ensuite affirm\u00e9 un responsable syrien.<\/p>\n","protected":false},"excerpt":{"rendered":"En mai, le pr\u00e9sident am\u00e9ricain Trump avait assur\u00e9, apr\u00e8s avoir rencontr\u00e9 Ahmed al-Charaa, que le dirigeant syrien \u00e9tait&hellip;\n","protected":false},"author":2,"featured_media":245329,"comment_status":"","ping_status":"","sticky":false,"template":"","format":"standard","meta":{"footnotes":""},"categories":[5],"tags":[11,1011,27,14,12,32,28],"class_list":{"0":"post-245328","1":"post","2":"type-post","3":"status-publish","4":"format-standard","5":"has-post-thumbnail","7":"category-international","8":"tag-actualites","9":"tag-fr","10":"tag-france","11":"tag-international","12":"tag-news","13":"tag-syrie","14":"tag-world"},"share_on_mastodon":{"url":"https:\/\/pubeurope.com\/@fr\/114841281083122879","error":""},"_links":{"self":[{"href":"https:\/\/www.europesays.com\/fr\/wp-json\/wp\/v2\/posts\/245328","targetHints":{"allow":["GET"]}}],"collection":[{"href":"https:\/\/www.europesays.com\/fr\/wp-json\/wp\/v2\/posts"}],"about":[{"href":"https:\/\/www.europesays.com\/fr\/wp-json\/wp\/v2\/types\/post"}],"author":[{"embeddable":true,"href":"https:\/\/www.europesays.com\/fr\/wp-json\/wp\/v2\/users\/2"}],"replies":[{"embeddable":true,"href":"https:\/\/www.europesays.com\/fr\/wp-json\/wp\/v2\/comments?post=245328"}],"version-history":[{"count":0,"href":"https:\/\/www.europesays.com\/fr\/wp-json\/wp\/v2\/posts\/245328\/revisions"}],"wp:featuredmedia":[{"embeddable":true,"href":"https:\/\/www.europesays.com\/fr\/wp-json\/wp\/v2\/media\/245329"}],"wp:attachment":[{"href":"https:\/\/www.europesays.com\/fr\/wp-json\/wp\/v2\/media?parent=245328"}],"wp:term":[{"taxonomy":"category","embeddable":true,"href":"https:\/\/www.europesays.com\/fr\/wp-json\/wp\/v2\/categories?post=245328"},{"taxonomy":"post_tag","embeddable":true,"href":"https:\/\/www.europesays.com\/fr\/wp-json\/wp\/v2\/tags?post=245328"}],"curies":[{"name":"wp","href":"https:\/\/api.w.org\/{rel}","templated":true}]}}