{"id":245343,"date":"2025-07-12T16:54:12","date_gmt":"2025-07-12T16:54:12","guid":{"rendered":"https:\/\/www.europesays.com\/fr\/245343\/"},"modified":"2025-07-12T16:54:12","modified_gmt":"2025-07-12T16:54:12","slug":"a-toulon-pas-de-feu-dartifice-du-14-juillet-mais-un-spectacle-avec-1200-drones-toulon","status":"publish","type":"post","link":"https:\/\/www.europesays.com\/fr\/245343\/","title":{"rendered":"A Toulon, pas de feu d&rsquo;artifice du 14 juillet mais un spectacle avec 1200 drones &#8211; Toulon"},"content":{"rendered":"<p>C\u2019\u00e9tait le 9 mai dernier, apr\u00e8s une journ\u00e9e d\u2019un parcours m\u00e9morable du relais de la flamme olympique dans le Var, Toulon organisait un grand spectacle de drones au-dessus du port.\u00a0<\/p>\n<p>&#13;<\/p>\n<p>\u00ab Le ballet a\u00e9rien, gracieux et lumineux de ces engins volant en avait mis plein les yeux aux milliers de spectateurs mass\u00e9s sur le port \u00bb se souvient la municipalit\u00e9 qui a souhait\u00e9 renouveler l\u2019exp\u00e9rience pour ce 14 juillet.\u00a0<\/p>\n<p>&#13;<\/p>\n<p>Fini le feu d\u2019artifice, place d\u00e9sormais aux drones. Un spectacle tout aussi impressionnant au-dessus du port.<\/p>\n<p>&#13;<\/p>\n<p>\u00ab On a souhait\u00e9 apporter une nouveaut\u00e9 cette ann\u00e9e, ce spectacle de drones avait beaucoup plu aux gens. Ce fut une exp\u00e9rience r\u00e9ussie l\u2019an dernier et on a voulu la reproduire, avec davantage de drones. Les gens retrouveront un feu d\u2019artifice pour le 15 ao\u00fbt au Mourillon \u00bb explique Christophe Moreno, l\u2019adjoint e en charge notamment des F\u00eates et C\u00e9r\u00e9monies.<\/p>\n<p>&#13;<\/p>\n<p>\u00ab C\u2019est \u00e9galement un spectacle \u00e9cologiquement vertueux, on essaye de se moderniser, en mati\u00e8re d\u2019\u00e9cologie, y compris dans les spectacles \u00bb compl\u00e8te l\u2019\u00e9lu.\u00a0<\/p>\n<p>&#13;<\/p>\n<p>\t\t\t\tUne prouesse technique avec 1200 drones lumineux dans le ciel&#13;<\/p>\n<p>C\u2019est un spectacle de drones de grande ampleur qui est annonc\u00e9 : 1200 drones parfaitement synchronis\u00e9s entre eux, mais aussi avec la bande son.<\/p>\n<p>&#13;<\/p>\n<p>Lors du relais de la flamme olympique, le spectacle avait propos\u00e9 1000 drones, pour ce 14 juillet 2025 \u00e0 Toulon, ce seront <strong>1200 drones qui vont s\u2019envoler au-dessus du port. Les plus hauts pourront monter jusqu&rsquo;\u00e0 120 m\u00e8tres de haut.<\/strong><\/p>\n<p>&#13;<\/p>\n<p>Le spectacle devrait d\u00e9buter d\u00e8s 22h15 et durer une petite quinzaine de minutes, un temps contraint par l\u2019autonomie des batteries des drones.<\/p>\n<p>&#13;<\/p>\n<p>\u00ab\u00a0La pr\u00e9paration de ce travail nous a n\u00e9cessit\u00e9 trois mois de travail\u00a0\u00bb explique Camille Beaumont, la directrice g\u00e9n\u00e9rale de Dronisos qui a con\u00e7u ce spectacle.<\/p>\n<p>&#13;<\/p>\n<p>Cette fois-ci deux th\u00e9matiques seront propos\u00e9es avec de nouvelles formes et objets lumineux en trois dimensions dessin\u00e9s dans le ciel toulonnais : Ce sera bien s\u00fbr un hommage aux lieux embl\u00e9matiques de la ville de Toulon puis, un clin d\u2019\u0153il aux grands \u00e9v\u00e9nements culturels de l\u2019\u00e9t\u00e9 \u00e0 Toulon, et notamment le street art avec l\u2019exposition d\u00e9di\u00e9e \u00e0 Banksy.<\/p>\n<p>&#13;<\/p>\n<p>Le cr\u00e9ateur du spectacle, la soci\u00e9t\u00e9 Dronisos, promet<strong> une belle surprise dans ce spectacle pour les Toulonnais si la m\u00e9t\u00e9o est cl\u00e9mente.<\/strong><\/p>\n<p>&#13;<\/p>\n<p>La soir\u00e9e se prolongera par le traditionnel bal du 14-Juillet sur le Carr\u00e9 du Port.<\/p>\n<p>&#13;<\/p>\n<p>Quand au feu d\u2019artifice, il reviendra comme pr\u00e9vu pour les festivit\u00e9s du 15 ao\u00fbt au Mourillon, avec un apr\u00e8s-midi \u00e9galement marqu\u00e9 par un meeting a\u00e9rien avec la Patrouille de France.<\/p>\n<p>&#13;<\/p>\n<p> &#13;<br \/>\nLes feux d&rsquo;artifices et festivit\u00e9s du 14 juillet dans le Var&#13;<\/p>\n","protected":false},"excerpt":{"rendered":"C\u2019\u00e9tait le 9 mai dernier, apr\u00e8s une journ\u00e9e d\u2019un parcours m\u00e9morable du relais de la flamme olympique dans&hellip;\n","protected":false},"author":2,"featured_media":245344,"comment_status":"","ping_status":"","sticky":false,"template":"","format":"standard","meta":{"footnotes":""},"categories":[9619],"tags":[1111,11,1777,674,1011,27,12,882,25,2310],"class_list":{"0":"post-245343","1":"post","2":"type-post","3":"status-publish","4":"format-standard","5":"has-post-thumbnail","7":"category-toulon","8":"tag-actu","9":"tag-actualites","10":"tag-eu","11":"tag-europe","12":"tag-fr","13":"tag-france","14":"tag-news","15":"tag-provence-alpes-cote-dazur","16":"tag-republique-francaise","17":"tag-toulon"},"share_on_mastodon":{"url":"https:\/\/pubeurope.com\/@fr\/114841312515751137","error":""},"_links":{"self":[{"href":"https:\/\/www.europesays.com\/fr\/wp-json\/wp\/v2\/posts\/245343","targetHints":{"allow":["GET"]}}],"collection":[{"href":"https:\/\/www.europesays.com\/fr\/wp-json\/wp\/v2\/posts"}],"about":[{"href":"https:\/\/www.europesays.com\/fr\/wp-json\/wp\/v2\/types\/post"}],"author":[{"embeddable":true,"href":"https:\/\/www.europesays.com\/fr\/wp-json\/wp\/v2\/users\/2"}],"replies":[{"embeddable":true,"href":"https:\/\/www.europesays.com\/fr\/wp-json\/wp\/v2\/comments?post=245343"}],"version-history":[{"count":0,"href":"https:\/\/www.europesays.com\/fr\/wp-json\/wp\/v2\/posts\/245343\/revisions"}],"wp:featuredmedia":[{"embeddable":true,"href":"https:\/\/www.europesays.com\/fr\/wp-json\/wp\/v2\/media\/245344"}],"wp:attachment":[{"href":"https:\/\/www.europesays.com\/fr\/wp-json\/wp\/v2\/media?parent=245343"}],"wp:term":[{"taxonomy":"category","embeddable":true,"href":"https:\/\/www.europesays.com\/fr\/wp-json\/wp\/v2\/categories?post=245343"},{"taxonomy":"post_tag","embeddable":true,"href":"https:\/\/www.europesays.com\/fr\/wp-json\/wp\/v2\/tags?post=245343"}],"curies":[{"name":"wp","href":"https:\/\/api.w.org\/{rel}","templated":true}]}}