{"id":245349,"date":"2025-07-12T16:57:11","date_gmt":"2025-07-12T16:57:11","guid":{"rendered":"https:\/\/www.europesays.com\/fr\/245349\/"},"modified":"2025-07-12T16:57:11","modified_gmt":"2025-07-12T16:57:11","slug":"pres-de-rouen-laure-a-change-de-vie-pour-creer-le-vinted-de-la-mode-haut-de-gamme","status":"publish","type":"post","link":"https:\/\/www.europesays.com\/fr\/245349\/","title":{"rendered":"Pr\u00e8s de Rouen, Laure a chang\u00e9 de vie pour cr\u00e9er le Vinted de la mode haut de gamme"},"content":{"rendered":"<p>            Par<br \/>\n        <strong><br \/>\n            <a href=\"https:\/\/actu.fr\/auteur\/isabellevilly\" title=\"Consulter tous les articles de Isabelle Villy\" target=\"_blank\" rel=\"noopener\">Isabelle Villy<\/a><br \/>\n        <\/strong><\/p>\n<p>        Publi\u00e9 le<\/p>\n<p>            12 juil. 2025 \u00e0 17h46<br \/>\n        ; mis \u00e0 jour le 12 juil. 2025 \u00e0 17h48    <\/p>\n<p>Lanc\u00e9e en f\u00e9vrier\u00a02025, <strong>107.Butikk<\/strong>, sorte de Vinted du haut de gamme, a \u00e9t\u00e9 cr\u00e9\u00e9e par Laure Ianni, habitante de <a href=\"https:\/\/actu.fr\/normandie\/bihorel_76095\" target=\"_blank\" rel=\"noopener\">Bihorel<\/a>. Pour la fondatrice, dipl\u00f4m\u00e9e d\u2019un Master 2 en marketing international, c\u2019est l\u2019aboutissement d\u2019une passion pour l\u2019entrepreneuriat et la mode.<\/p>\n<p>Allier mode et \u00e9conomie circulaire<\/p>\n<p class=\" wall-content\">\u00ab\u2009J\u2019ai d\u2019abord pass\u00e9 13\u00a0ans au sein de La maison Berger, \u00e0 Paris, o\u00f9 j\u2019ai \u00e9volu\u00e9 d\u2019assistante commerciale \u00e0 responsable du e-commerce. Puis, je suis all\u00e9e chez <strong>Paul Marius<\/strong> o\u00f9 j\u2019ai cr\u00e9\u00e9 mon \u00e9quipe au digital, mais au bout de trois ans, avec une vie famille prenante, j\u2019ai voulu passer \u00e0 autre chose\u2009\u00bb, retrace Laure Ianni, qui a r\u00e9alis\u00e9 un bilan de comp\u00e9tence, en 2023.<\/p>\n<p class=\" wall-content\">Une initiative qui lui a montr\u00e9 qu\u2019elle pouvait se lancer dans l\u2019entrepreneuriat, et du coup dans la mode. \u00ab\u2009De plus en plus consommatrice de seconde main et voyant l\u2019impact de l\u2019industrie textile sur notre environnement, j\u2019ai alors travaill\u00e9 sur un projet qui alliait l\u2019\u00e9conomie circulaire \u00e0 la mode. 107.Butikk est n\u00e9e\u2009\u00bb, indique Laure Ianni.<\/p>\n<p>Le kit \u00ab\u2009Je vide mon dressing\u2009\u00bb<\/p>\n<p class=\" wall-content\">La soci\u00e9t\u00e9 bihorellaise est ainsi une boutique en ligne de mode haut de gamme de seconde main, hommes et femmes. \u00ab\u2009Je propose des v\u00eatements, de la maroquinerie et des accessoires haut de gamme de marques connues, de cr\u00e9ateurs et de luxe, afin que les personnes passionn\u00e9es de mode trouvent de belles pi\u00e8ces, qu\u2019ils consomment autrement, s\u2019offrent une alternative notamment \u00e0 des hyper modeuses qui n\u2019ont pas forc\u00e9ment les moyens\u2009\u00bb, d\u00e9crit la responsable qui ajoute qu\u2019elle est une interm\u00e9diaire.<\/p>\n<p class=\" wall-content\">La vendeuse la contacte sur le site, elle fait une estimation des pi\u00e8ces qu\u2019elle veut vendre\u2009: \u00ab\u2009si elle accepte, j\u2019envoie un kit Je vide mon dressing avec un emballage pr\u00e9 pay\u00e9. Elle me met alors en d\u00e9p\u00f4t sa ou ses pi\u00e8ces et je m\u2019occupe du reste, \u00e0 savoir le shooting, la mise en ligne, la communication, les exp\u00e9ditions et le service client\u2009\u00bb.<\/p>\n<p>Une semaine entre le contact et la mise en ligne<\/p>\n<p class=\" wall-content\">En fin de mois, la d\u00e9posante, (ce sont principalement des femmes pour le moment), re\u00e7oit ses gains, moins 40\u2009% de commission. Cela se fait \u00e0 distance, m\u00eame si sur la M\u00e9tropole Rouen Normandie, la commer\u00e7ante peut se d\u00e9placer. \u00ab\u2009Au final, c\u2019est moi qui d\u00e9cide si les pi\u00e8ces entrent dans ma gamme, selon la marque, la qualit\u00e9, la tendance, la durabilit\u00e9, le prix, si c\u2019est revendable et entre dans un dressing intemporel. Elle accepte ou pas, mais elle est 100\u2009% gagnante, car il n\u2019y a pas de perte de temps. Entre le contact et la mise en ligne, il faut compter une semaine\u2009\u00bb, pr\u00e9cise Laure Ianni.<\/p>\n<p class=\" wall-content\">C\u00f4t\u00e9 cliente, son c\u0153ur de cible sont les femmes de 35 \u00e0 55\u00a0ans de tous les styles. Les commandes sont envoy\u00e9es entre 24 et 48\u00a0heures, pour le moment uniquement sur l\u2019hexagone. \u00ab\u2009Il y a un vrai engouement et le concept pla\u00eet beaucoup. Pour les hommes, c\u2019est un peu plus difficile, car ils sont encore loin de vouloir d\u00e9poser leurs v\u00eatements. Il faut passer par leurs femmes\u2009\u00bb, constate Laure Ianni.<\/p>\n<p>Ouvrir un concept store \u00e0 Rouen<\/p>\n<p class=\" wall-content\">Elle souhaite d\u00e9sormais \u00e9largir ma gamme. \u00ab\u2009Pour ma premi\u00e8re ann\u00e9e, je veux atteindre le chiffre d\u2019affaires que je me suis fix\u00e9. Apr\u00e8s, je voudrais ouvrir un concept store \u00e0 Rouen, ouvrir les commandes \u00e0 l\u2019Europe et l\u2019international et au-del\u00e0 de trois ans, lancer ma propre marque \u00e9cologique. Il faut beaucoup d\u2019audace pour se lancer dans le monde du num\u00e9rique, mais il y a de la place pour tout le monde, notamment dans la seconde main. Avec une authenticit\u00e9, cela ne peut qu\u2019\u00e9voluer\u2009\u00bb, affirme Laure Ianni.<\/p>\n<p>Site\u2009: www.107butikk.com \/ Instagram\u2009: 107 Butikk<\/p>\n<p>Suivez l\u2019actualit\u00e9 de Rouen <a href=\"https:\/\/www.whatsapp.com\/channel\/0029VaKfnf99hXF2ddApFB1D\" target=\"_blank\" rel=\"noopener\">sur notre cha\u00eene WhatsApp<\/a> et <a href=\"https:\/\/www.tiktok.com\/@76actu.fr?lang=fr\" target=\"_blank\" rel=\"noopener\">sur notre compte TikTok<\/a><\/p>\n<p class=\" wall-content\">Suivez toute l\u2019actualit\u00e9 de vos villes et m\u00e9dias favoris en vous inscrivant \u00e0 <a href=\"https:\/\/moncompte.actu.fr\" title=\"D\u00e9couvez Mon Actu\" rel=\"nofollow noopener\" data-trk=\"{&quot;cta&quot;:{&quot;action&quot;:&quot;https:\\\/\\\/moncompte.actu.fr&quot;,&quot;category&quot;:&quot;mon compte&quot;,&quot;from&quot;:&quot;article footer&quot;,&quot;name&quot;:&quot;Mon actu&quot;,&quot;type&quot;:&quot;cta&quot;}}\" target=\"_blank\">Mon Actu<\/a>.<\/p>\n<ul class=\"ac-article-tag wall-content\">\n<li><a href=\"https:\/\/actu.fr\/tag\/entrepreneuriat\" data-trk=\"{&quot;cta&quot;:{&quot;action&quot;:&quot;Entrepreneuriat&quot;,&quot;category&quot;:&quot;tag&quot;,&quot;from&quot;:&quot;article footer&quot;,&quot;name&quot;:&quot;Entrepreneuriat&quot;,&quot;type&quot;:&quot;cta&quot;}}\" target=\"_blank\" rel=\"noopener\">#Entrepreneuriat<\/a><\/li>\n<li><a href=\"https:\/\/actu.fr\/tag\/vente-en-ligne\" data-trk=\"{&quot;cta&quot;:{&quot;action&quot;:&quot;Vente en ligne&quot;,&quot;category&quot;:&quot;tag&quot;,&quot;from&quot;:&quot;article footer&quot;,&quot;name&quot;:&quot;Vente en ligne&quot;,&quot;type&quot;:&quot;cta&quot;}}\" target=\"_blank\" rel=\"noopener\">#Vente en ligne<\/a><\/li>\n<\/ul>\n<p>                    <script async src=\"\/\/www.tiktok.com\/embed.js\"><\/script><\/p>\n","protected":false},"excerpt":{"rendered":"Par Isabelle Villy Publi\u00e9 le 12 juil. 2025 \u00e0 17h46 ; mis \u00e0 jour le 12 juil. 2025&hellip;\n","protected":false},"author":2,"featured_media":245350,"comment_status":"","ping_status":"","sticky":false,"template":"","format":"standard","meta":{"footnotes":""},"categories":[9587],"tags":[1111,11,2855,1777,674,1011,27,1652,12,5161,25,9590,22909],"class_list":{"0":"post-245349","1":"post","2":"type-post","3":"status-publish","4":"format-standard","5":"has-post-thumbnail","7":"category-rouen","8":"tag-actu","9":"tag-actualites","10":"tag-entrepreneuriat","11":"tag-eu","12":"tag-europe","13":"tag-fr","14":"tag-france","15":"tag-loisirs-culture","16":"tag-news","17":"tag-normandie","18":"tag-republique-francaise","19":"tag-rouen","20":"tag-vente-en-ligne"},"share_on_mastodon":{"url":"https:\/\/pubeurope.com\/@fr\/114841324245204899","error":""},"_links":{"self":[{"href":"https:\/\/www.europesays.com\/fr\/wp-json\/wp\/v2\/posts\/245349","targetHints":{"allow":["GET"]}}],"collection":[{"href":"https:\/\/www.europesays.com\/fr\/wp-json\/wp\/v2\/posts"}],"about":[{"href":"https:\/\/www.europesays.com\/fr\/wp-json\/wp\/v2\/types\/post"}],"author":[{"embeddable":true,"href":"https:\/\/www.europesays.com\/fr\/wp-json\/wp\/v2\/users\/2"}],"replies":[{"embeddable":true,"href":"https:\/\/www.europesays.com\/fr\/wp-json\/wp\/v2\/comments?post=245349"}],"version-history":[{"count":0,"href":"https:\/\/www.europesays.com\/fr\/wp-json\/wp\/v2\/posts\/245349\/revisions"}],"wp:featuredmedia":[{"embeddable":true,"href":"https:\/\/www.europesays.com\/fr\/wp-json\/wp\/v2\/media\/245350"}],"wp:attachment":[{"href":"https:\/\/www.europesays.com\/fr\/wp-json\/wp\/v2\/media?parent=245349"}],"wp:term":[{"taxonomy":"category","embeddable":true,"href":"https:\/\/www.europesays.com\/fr\/wp-json\/wp\/v2\/categories?post=245349"},{"taxonomy":"post_tag","embeddable":true,"href":"https:\/\/www.europesays.com\/fr\/wp-json\/wp\/v2\/tags?post=245349"}],"curies":[{"name":"wp","href":"https:\/\/api.w.org\/{rel}","templated":true}]}}