{"id":245351,"date":"2025-07-12T17:02:36","date_gmt":"2025-07-12T17:02:36","guid":{"rendered":"https:\/\/www.europesays.com\/fr\/245351\/"},"modified":"2025-07-12T17:02:36","modified_gmt":"2025-07-12T17:02:36","slug":"un-adolescent-de-14-ans-commet-trois-cambriolages-en-une-semaine-2","status":"publish","type":"post","link":"https:\/\/www.europesays.com\/fr\/245351\/","title":{"rendered":"un adolescent de 14 ans commet trois cambriolages en une semaine"},"content":{"rendered":"<p itemprop=\"description\"><strong>C\u2019est une affaire qui s\u2019est d\u00e9roul\u00e9e en deux temps.<\/strong><\/p>\n<p>Tout d\u2019abord, il faut remonter au dimanche 6 juillet. Ce soir-l\u00e0, vers 21h30, un adolescent de 14 ans a commis un cambriolage au sein d\u2019un appartement de la rue Edgar-Quinet, dans le quartier Saint-Bruno de Grenoble. Le lendemain matin, aux alentours de 4h, le m\u00eame individu s\u2019est introduit par effraction dans le restaurant indien Le Punjab, rue Irvoy.<\/p>\n<p>Interpell\u00e9, il avait reconnu les faits pendant sa garde \u00e0 vue, avant d\u2019\u00eatre remis en libert\u00e9. Mais il ne lui a fallu que quelques jours pour r\u00e9cidiver. Dans la nuit de mercredi \u00e0 jeudi, la police de Grenoble a \u00e9t\u00e9 contact\u00e9e par la boulangerie Le Chantilly pour une tentative de cambriolage.<\/p>\n<p>En arrivant sur place, les forces de l\u2019ordre ont surpris un adolescent qui \u00e9tait en train de quitter les lieux avec la sacoche du boulanger, le m\u00eame malfrat que les deux premiers actes \u00e9crits ci-dessus selon le Dauphin\u00e9 Lib\u00e9r\u00e9.<\/p>\n<p>Il a donc de nouveau \u00e9t\u00e9 conduit \u00e0 l\u2019h\u00f4tel de police de Grenoble pour y \u00eatre plac\u00e9 en garde \u00e0 vue.<\/p>\n","protected":false},"excerpt":{"rendered":"C\u2019est une affaire qui s\u2019est d\u00e9roul\u00e9e en deux temps. Tout d\u2019abord, il faut remonter au dimanche 6 juillet.&hellip;\n","protected":false},"author":2,"featured_media":242462,"comment_status":"","ping_status":"","sticky":false,"template":"","format":"standard","meta":{"footnotes":""},"categories":[9566],"tags":[1111,11,2813,2430,1109,251,1112,2811,1777,674,118,1011,27,21780,2731,14004,1922,1110,1114,108,12,316,25,2812,517,800],"class_list":{"0":"post-245351","1":"post","2":"type-post","3":"status-publish","4":"format-standard","5":"has-post-thumbnail","7":"category-grenoble","8":"tag-actu","9":"tag-actualites","10":"tag-article","11":"tag-auvergne-rhone-alpes","12":"tag-breves","13":"tag-culture","14":"tag-depeches","15":"tag-economique","16":"tag-eu","17":"tag-europe","18":"tag-faits-divers","19":"tag-fr","20":"tag-france","21":"tag-gf38","22":"tag-grenoble","23":"tag-grenoblemag","24":"tag-info","25":"tag-informations","26":"tag-infos","27":"tag-isere","28":"tag-news","29":"tag-politique","30":"tag-republique-francaise","31":"tag-sociale","32":"tag-sport","33":"tag-transports"},"share_on_mastodon":{"url":"https:\/\/pubeurope.com\/@fr\/114841343903793280","error":""},"_links":{"self":[{"href":"https:\/\/www.europesays.com\/fr\/wp-json\/wp\/v2\/posts\/245351","targetHints":{"allow":["GET"]}}],"collection":[{"href":"https:\/\/www.europesays.com\/fr\/wp-json\/wp\/v2\/posts"}],"about":[{"href":"https:\/\/www.europesays.com\/fr\/wp-json\/wp\/v2\/types\/post"}],"author":[{"embeddable":true,"href":"https:\/\/www.europesays.com\/fr\/wp-json\/wp\/v2\/users\/2"}],"replies":[{"embeddable":true,"href":"https:\/\/www.europesays.com\/fr\/wp-json\/wp\/v2\/comments?post=245351"}],"version-history":[{"count":0,"href":"https:\/\/www.europesays.com\/fr\/wp-json\/wp\/v2\/posts\/245351\/revisions"}],"wp:featuredmedia":[{"embeddable":true,"href":"https:\/\/www.europesays.com\/fr\/wp-json\/wp\/v2\/media\/242462"}],"wp:attachment":[{"href":"https:\/\/www.europesays.com\/fr\/wp-json\/wp\/v2\/media?parent=245351"}],"wp:term":[{"taxonomy":"category","embeddable":true,"href":"https:\/\/www.europesays.com\/fr\/wp-json\/wp\/v2\/categories?post=245351"},{"taxonomy":"post_tag","embeddable":true,"href":"https:\/\/www.europesays.com\/fr\/wp-json\/wp\/v2\/tags?post=245351"}],"curies":[{"name":"wp","href":"https:\/\/api.w.org\/{rel}","templated":true}]}}