{"id":245356,"date":"2025-07-12T17:06:12","date_gmt":"2025-07-12T17:06:12","guid":{"rendered":"https:\/\/www.europesays.com\/fr\/245356\/"},"modified":"2025-07-12T17:06:12","modified_gmt":"2025-07-12T17:06:12","slug":"velos-ventouses-eva-longoria-partout-baignade-dans-lill-le-retour","status":"publish","type":"post","link":"https:\/\/www.europesays.com\/fr\/245356\/","title":{"rendered":"v\u00e9los ventouses, Eva Longoria partout, baignade dans l\u2019Ill, le retour"},"content":{"rendered":"<p>  L\u2019histoire de la semaine<\/p>\n<p>Depuis un an, la fourri\u00e8re s\u2019affaire\u00a0: 2\u00a0428 v\u00e9los abandonn\u00e9s \u2014 soit 3 \u00e0 5 fois plus qu\u2019avant \u2014 ont \u00e9t\u00e9 enlev\u00e9s depuis mai\u00a02024. Le plan lanc\u00e9 via StrasApp et des signalements des forces de l\u2019ordre dans les secteurs tendus, genre la gare, a d\u00e9j\u00e0 d\u00e9gag\u00e9 la voirie, lib\u00e9rant arceaux et trottoirs encombr\u00e9s.<\/p>\n<p>Et ce n\u2019est pas fini\u00a0: la Ville et l\u2019Eurom\u00e9tropole veulent d\u00e9sormais s\u2019attaquer <a href=\"https:\/\/www.dna.fr\/transport\/2025\/07\/11\/apres-les-velos-epaves-la-ville-veut-changer-de-braquet-et-s-attaquer-aux-velos-ventouses\" target=\"_blank\" rel=\"noopener\">aux v\u00e9los ventouses<\/a> \u2014 ces v\u00e9los immobilis\u00e9s plus de quinze jours au m\u00eame endroit \u2014 dont la d\u00e9finition devra \u00eatre arr\u00eat\u00e9e en conseil municipal.<\/p>\n<p>Objectif\u00a0: d\u00e9gager les cycles mal gar\u00e9s (barri\u00e8res, poteaux, voies pi\u00e9tonnes), rendre la rue respirable et dissuader les comportements g\u00eanants.<\/p>\n<p>Cerise sur le guidon\u00a0: le propri\u00e9taire devra cette fois payer une amende \u00e0 la fourri\u00e8re pour r\u00e9cup\u00e9rer sa monture, une nouveaut\u00e9 par rapport aux v\u00e9los \u00e9paves.<\/p>\n<p>\u00c0 noter, sur 1\u00a0428 v\u00e9los r\u00e9cup\u00e9r\u00e9s en 2024, seulement neuf r\u00e9clamations \u2014 la plupart des cyclistes s\u2019en foutent\u2026 ou ne savent m\u00eame pas que leur v\u00e9lo a disparu.<\/p>\n<p>Cerise bonus\u00a0: 4\u00a0200 arceaux suppl\u00e9mentaires seront install\u00e9s d\u2019ici fin 2025.<\/p>\n<p>  La phrase de la semaine<\/p>\n<p>\u00ab\u00a0\u00c7a fait 4 heures que je l\u2019attends. J\u2019ai vu passer l\u2019info hier soir et j\u2019\u00e9tais dans tous mes \u00e9tats\u00a0!\u00a0\u00bb, Matt\u00e9o Zeidler, fan d\u2019Eva Longoria <a href=\"https:\/\/www.dna.fr\/culture-loisirs\/2025\/07\/07\/la-star-eva-longoria-rencontre-ses-fans-a-strasbourg\" target=\"_blank\" rel=\"noopener\">venu chasser l\u2019autographe devant le <\/a><a href=\"https:\/\/www.dna.fr\/culture-loisirs\/2025\/07\/07\/la-star-eva-longoria-rencontre-ses-fans-a-strasbourg\" target=\"_blank\" rel=\"noopener\">Pont Corbeau<\/a> , \u00e0 l\u2019occasion du tournage d\u2019un \u00e9pisode de \u201cSearching For France\u201d, \u00e9mission culinaire de CNN o\u00f9 officie l\u2019ex Gaby Solis.<\/p>\n<p>  L\u2019autre histoire de la semaine<\/p>\n<p>C\u2019est au c\u0153ur d\u2019une aire de jeux de Rothau, d\u00e9j\u00e0 cram\u00e9e par le soleil \u00e0 10\u00a0h du matin, que le mouvement R\u00e9concilier Strasbourg a choisi de d\u00e9gainer ses propositions pour 2026. Objectif\u00a0: rafra\u00eechir la ville et r\u00e9parer les fractures estivales.<\/p>\n<p>\u00ab\u00a0Planter 5\u00a0000 arbres, \u00e7a ne suffit pas\u00a0\u00bb, tacle Paul Meyer, ex-adjoint de Ries, en visant la majorit\u00e9 \u00e9cologiste qu\u2019il juge \u00ab\u00a0en retard\u00a0\u00bb. Lui veut appliquer la r\u00e8gle du 3-30-300\u00a0: trois arbres visibles depuis chaque fen\u00eatre, 30\u00a0% de surface arbor\u00e9e par quartier, un espace vert \u00e0 moins de 300\u00a0m de chez soi.<\/p>\n<p>Au programme aussi\u00a0: un \u00ab\u00a0plan ombre\u00a0\u00bb avec v\u00e9lums et toiles au-dessus des places, clim\u2019dans les \u00e9coles \u00ab\u00a0quand c\u2019est n\u00e9cessaire\u00a0\u00bb, plus de points d\u2019eau et de toilettes publiques, et m\u00eame la <a href=\"https:\/\/www.dna.fr\/elections\/2025\/07\/11\/baignade-dans-l-ill-plan-ombre-reconcilier-strasbourg-detaille-son-programme-pour-rafraichir-la-ville\" target=\"_blank\" rel=\"noopener\">remise \u00e0 flot de la baignade dans l\u2019Ill<\/a> , histoire d\u2019\u00e9viter que la piscine ne plombe le budget des familles.<\/p>\n<p>Nawel Rafik-Elmrini, autre ex-adjointe de Ries, mise sur des s\u00e9jours pour enfants pour briser l\u2019isolement estival, via des aides aux centres socio et assos. Un petit air de vacances pour tous.<\/p>\n<p>Trois oisillons y ont vu le jour en juin, sous les regards attendris du personnel et des lecteurs, avant de s\u2019envoler fin du mois.<\/p>\n<p>La BNU gardera leurs traces \u2014 fientes, clich\u00e9s, et un joli symbole\u00a0: m\u00eame les rapaces trouvent la biblioth\u00e8que \u00ab\u00a0propice \u00e0 l\u2019\u00e9panouissement\u00a0\u00bb.<\/p>\n<p>  Le chiffre de la semaine<\/p>\n<p>400\u00a0km par jour. C\u2019est la distance qu\u2019a parcourue pendant une semaine la camionnette jaune de l\u2019Eurom\u00e9tropole \u00e9quip\u00e9e du bo\u00eetier antiparticules d\u00e9velopp\u00e9 par <a href=\"https:\/\/www.dna.fr\/economie\/2025\/07\/09\/usure-des-pneus-l-eurometropole-lance-une-experimentation-pour-reduire-la-pollution\" target=\"_blank\" rel=\"noopener\">la start-up The Tyre Collective<\/a>. Objectif\u00a0: capturer la poussi\u00e8re de pneus, deuxi\u00e8me source mondiale de microplastiques.<\/p>\n<p>Strasbourg devient ainsi la premi\u00e8re ville \u00e0 tester ce syst\u00e8me, avant de mesurer la toxicit\u00e9 des particules r\u00e9colt\u00e9es. Prochain arr\u00eat\u00a0: vos semelles, votre bitume\u2026 ou vos poumons.<\/p>\n","protected":false},"excerpt":{"rendered":"L\u2019histoire de la semaine Depuis un an, la fourri\u00e8re s\u2019affaire\u00a0: 2\u00a0428 v\u00e9los abandonn\u00e9s \u2014 soit 3 \u00e0 5&hellip;\n","protected":false},"author":2,"featured_media":245357,"comment_status":"","ping_status":"","sticky":false,"template":"","format":"standard","meta":{"footnotes":""},"categories":[2820],"tags":[1111,11,1867,4406,33,2880,5949,4188,436,1777,674,107,1011,27,775,1757,3539,12,973,316,5140,25,104,640,2879],"class_list":{"0":"post-245356","1":"post","2":"type-post","3":"status-publish","4":"format-standard","5":"has-post-thumbnail","7":"category-strasbourg","8":"tag-actu","9":"tag-actualites","10":"tag-animaux","11":"tag-commerce-et-services","12":"tag-economie","13":"tag-edition-strasbourg","14":"tag-elections","15":"tag-elections-municipales","16":"tag-environnement","17":"tag-eu","18":"tag-europe","19":"tag-fil-info","20":"tag-fr","21":"tag-france","22":"tag-grand-est","23":"tag-insolite","24":"tag-les-ecologistes","25":"tag-news","26":"tag-people","27":"tag-politique","28":"tag-rechauffement-climatique","29":"tag-republique-francaise","30":"tag-societe","31":"tag-strasbourg","32":"tag-strasbourg-ville"},"share_on_mastodon":{"url":"https:\/\/pubeurope.com\/@fr\/114841359642804870","error":""},"_links":{"self":[{"href":"https:\/\/www.europesays.com\/fr\/wp-json\/wp\/v2\/posts\/245356","targetHints":{"allow":["GET"]}}],"collection":[{"href":"https:\/\/www.europesays.com\/fr\/wp-json\/wp\/v2\/posts"}],"about":[{"href":"https:\/\/www.europesays.com\/fr\/wp-json\/wp\/v2\/types\/post"}],"author":[{"embeddable":true,"href":"https:\/\/www.europesays.com\/fr\/wp-json\/wp\/v2\/users\/2"}],"replies":[{"embeddable":true,"href":"https:\/\/www.europesays.com\/fr\/wp-json\/wp\/v2\/comments?post=245356"}],"version-history":[{"count":0,"href":"https:\/\/www.europesays.com\/fr\/wp-json\/wp\/v2\/posts\/245356\/revisions"}],"wp:featuredmedia":[{"embeddable":true,"href":"https:\/\/www.europesays.com\/fr\/wp-json\/wp\/v2\/media\/245357"}],"wp:attachment":[{"href":"https:\/\/www.europesays.com\/fr\/wp-json\/wp\/v2\/media?parent=245356"}],"wp:term":[{"taxonomy":"category","embeddable":true,"href":"https:\/\/www.europesays.com\/fr\/wp-json\/wp\/v2\/categories?post=245356"},{"taxonomy":"post_tag","embeddable":true,"href":"https:\/\/www.europesays.com\/fr\/wp-json\/wp\/v2\/tags?post=245356"}],"curies":[{"name":"wp","href":"https:\/\/api.w.org\/{rel}","templated":true}]}}