{"id":245362,"date":"2025-07-12T17:09:22","date_gmt":"2025-07-12T17:09:22","guid":{"rendered":"https:\/\/www.europesays.com\/fr\/245362\/"},"modified":"2025-07-12T17:09:22","modified_gmt":"2025-07-12T17:09:22","slug":"les-artistes-julie-perrin-et-stephanie-billarant-exposent-ensemble-a-noirmoutier-2","status":"publish","type":"post","link":"https:\/\/www.europesays.com\/fr\/245362\/","title":{"rendered":"Les artistes Julie Perrin et St\u00e9phanie Billarant exposent ensemble \u00e0 Noirmoutier"},"content":{"rendered":"<p>Du 8\u00a0juillet au 31\u00a0ao\u00fbt, <a href=\"https:\/\/challans.maville.com\/actu\/actudet_-sur-l-ile-de-noirmoutier-georges-bessiere-une-institution-a-lui-tout-seul-_15-5999289_actu.Htm\" target=\"_blank\" rel=\"noopener\">Georges Bessi\u00e8re,<\/a> pour son exposition estivale \u00e0 l\u2019h\u00f4tel Noizillac de Noirmoutier (Vend\u00e9e), a choisi d\u2019exposer deux artistes tr\u00e8s diff\u00e9rentes et qui se sont trouv\u00e9 de nombreux points communs.<\/p>\n<p>S\u2019il y a similitude de sujet \u2013 ici la nature \u2013 leurs travaux semblent se r\u00e9pondre. Et surtout, elles partagent depuis toujours un amour inconditionnel pour Noirmoutier, <strong>\u00ab\u00a0la beaut\u00e9 du lieu et de sa lumi\u00e8re\u00a0\u00bb.<\/strong> Leur r\u00e9union, le temps d\u2019un \u00e9t\u00e9, semble les r\u00e9jouir et les porter l\u2019une vers l\u2019autre, \u00e0 la d\u00e9couverte de leurs \u0153uvres.<\/p>\n<p>C\u2019est d\u2019ailleurs fortes de ce constat que Julie et St\u00e9phanie ont choisi de m\u00e9langer leurs tableaux dans les deux grandes pi\u00e8ces d\u2019exposition du rez-de-chauss\u00e9e. <strong>\u00ab\u00a0C\u2019est une aventure tr\u00e8s paisible dans un lieu \u00e0 la fois magnifique et familier\u00a0\u00bb,<\/strong> confie Julie Perrin.<\/p>\n<p>St\u00e9phanie Billarant, entre abstraction et paysage<\/p>\n<p>St\u00e9phanie Billarant, n\u00e9e \u00e0 Nantes, apprend les arts graphiques mais aussi le th\u00e9\u00e2tre et la danse, le piano et le chant. Son \u0153uvre s\u2019inspire d\u2019abord des arts du spectacle. Puis la peinture s\u2019impose comme une \u00e9vidence.<strong> \u00ab\u00a0J\u2019ai d\u2019abord peint des regards, tr\u00e8s expressionnistes, puis j\u2019ai ouvert \u00e0 un imaginaire plus onirique.\u00a0\u00bb<\/strong> Un passage par la photo en 2007 fait basculer sa peinture vers le noir et blanc, puis l\u2019or et noir.<\/p>\n<p>Entre abstraction et paysage, St\u00e9phanie Billarant emm\u00e8ne dans un territoire sensible o\u00f9 la nature devient trace, souffle et m\u00e9moire. C\u2019est dans ce dialogue entre r\u00e9el et imaginaire qu\u2019elle questionne notre relation \u00e0 la nature, un appel silencieux \u00e0 ralentir, regarder, ressentir.<\/p>\n<p>Elle exposera prochainement au Triphas\u00e9, \u00e0 Nantes.<\/p>\n<p><strong>Lire aussi\u00a0:<\/strong> <a href=\"https:\/\/challans.maville.com\/actu\/actudet_-thomas-bertrand-expose-ses-cartes-en-or-aux-salorges-a-noirmoutier-_15-6895996_actu.Htm\" target=\"_blank\" rel=\"noopener\">Thomas Bertrand expose ses cartes en or aux Salorges, \u00e0 Noirmoutier<\/a><\/p>\n<p>Julie Perrin, \u00ab\u00a0des t\u00eates qui n\u2019appartiennent \u00e0 personne\u00a0\u00bb<\/p>\n<p>Julie Perrin \u00e9tudie \u00e0 Londres puis \u00e0 Boston. Elle peint<strong> \u00ab\u00a0des t\u00eates qui n\u2019appartiennent \u00e0 personne\u00a0\u00bb.<\/strong><\/p>\n<p>Depuis 25\u00a0ans, elle peint la nature, puis se concentre sur l\u2019arbre et la for\u00eat. Elle publie dans Lib\u00e9ration une s\u00e9rie, <strong>\u00ab\u00a0dans l\u2019id\u00e9e de faire pousser la nature pour faire taire le compte rendu du monde\u00a0\u00bb.<\/strong> Puis Julie retrouve des supports plus classiques comme la toile et y couche des paysages.<\/p>\n<p>Ses \u0153uvres seront \u00e0 retrouver \u00e0 la Galerie 27, \u00e0 Bruxelles, en novembre et d\u00e9cembre.<\/p>\n<p><strong>Du 8\u00a0juillet au 31\u00a0ao\u00fbt,<\/strong> galerie Georges Bessi\u00e8re, place de l\u2019H\u00f4tel de ville, \u00e0 Noirmoutier, exposition. <strong>Tous les jeudis du 14\u00a0juillet au 15\u00a0ao\u00fbt,<\/strong> de 11\u00a0h \u00e0 13\u00a0h, rencontre avec les artistes. Contact\u00a0: 02\u00a051\u00a055\u00a011\u00a090, @julie.perrin.1297 sur Instagram et stephaniebillarant.com.<\/p>\n<p>\u00a0<\/p>\n","protected":false},"excerpt":{"rendered":"Du 8\u00a0juillet au 31\u00a0ao\u00fbt, Georges Bessi\u00e8re, pour son exposition estivale \u00e0 l\u2019h\u00f4tel Noizillac de Noirmoutier (Vend\u00e9e), a choisi&hellip;\n","protected":false},"author":2,"featured_media":244516,"comment_status":"","ping_status":"","sticky":false,"template":"","format":"standard","meta":{"footnotes":""},"categories":[2818],"tags":[1111,11,2937,38425,9487,1777,674,11541,1011,27,38422,766,12,36213,2636,38423,25,6689,38424,9693],"class_list":{"0":"post-245362","1":"post","2":"type-post","3":"status-publish","4":"format-standard","5":"has-post-thumbnail","7":"category-nantes","8":"tag-actu","9":"tag-actualites","10":"tag-artistes","11":"tag-billarant","12":"tag-ensemble","13":"tag-eu","14":"tag-europe","15":"tag-exposent","16":"tag-fr","17":"tag-france","18":"tag-julie","19":"tag-nantes","20":"tag-news","21":"tag-noirmoutier","22":"tag-pays-de-la-loire","23":"tag-perrin","24":"tag-republique-francaise","25":"tag-roche","26":"tag-stephanie","27":"tag-yon"},"share_on_mastodon":{"url":"https:\/\/pubeurope.com\/@fr\/114841371537613848","error":""},"_links":{"self":[{"href":"https:\/\/www.europesays.com\/fr\/wp-json\/wp\/v2\/posts\/245362","targetHints":{"allow":["GET"]}}],"collection":[{"href":"https:\/\/www.europesays.com\/fr\/wp-json\/wp\/v2\/posts"}],"about":[{"href":"https:\/\/www.europesays.com\/fr\/wp-json\/wp\/v2\/types\/post"}],"author":[{"embeddable":true,"href":"https:\/\/www.europesays.com\/fr\/wp-json\/wp\/v2\/users\/2"}],"replies":[{"embeddable":true,"href":"https:\/\/www.europesays.com\/fr\/wp-json\/wp\/v2\/comments?post=245362"}],"version-history":[{"count":0,"href":"https:\/\/www.europesays.com\/fr\/wp-json\/wp\/v2\/posts\/245362\/revisions"}],"wp:featuredmedia":[{"embeddable":true,"href":"https:\/\/www.europesays.com\/fr\/wp-json\/wp\/v2\/media\/244516"}],"wp:attachment":[{"href":"https:\/\/www.europesays.com\/fr\/wp-json\/wp\/v2\/media?parent=245362"}],"wp:term":[{"taxonomy":"category","embeddable":true,"href":"https:\/\/www.europesays.com\/fr\/wp-json\/wp\/v2\/categories?post=245362"},{"taxonomy":"post_tag","embeddable":true,"href":"https:\/\/www.europesays.com\/fr\/wp-json\/wp\/v2\/tags?post=245362"}],"curies":[{"name":"wp","href":"https:\/\/api.w.org\/{rel}","templated":true}]}}