{"id":245369,"date":"2025-07-12T17:13:09","date_gmt":"2025-07-12T17:13:09","guid":{"rendered":"https:\/\/www.europesays.com\/fr\/245369\/"},"modified":"2025-07-12T17:13:09","modified_gmt":"2025-07-12T17:13:09","slug":"sans-casque-il-multiplie-les-infractions-et-perd-le-controle-de-sa-moto","status":"publish","type":"post","link":"https:\/\/www.europesays.com\/fr\/245369\/","title":{"rendered":"sans casque, il multiplie les infractions et perd le contr\u00f4le de sa moto"},"content":{"rendered":"<p>            Par<br \/>\n        <strong><br \/>\n            <a href=\"https:\/\/actu.fr\/auteur\/lucie-2\" title=\"Consulter tous les articles de Lucie Fraisse\" target=\"_blank\" rel=\"noopener\">Lucie Fraisse<\/a><br \/>\n        <\/strong><\/p>\n<p>        Publi\u00e9 le<\/p>\n<p>            12 juil. 2025 \u00e0 17h29        <\/p>\n<p>C\u2019est un appel au 17 qui a donn\u00e9 l\u2019alerte, alors qu\u2019un rod\u00e9o urbain se tenait dans le quartier d\u2019Empalot, \u00e0 <a href=\"https:\/\/actu.fr\/toulouse\/\" target=\"_blank\" rel=\"noopener\">Toulouse<\/a>, peu avant 22 heures, vendredi 11 juillet 2025.<\/p>\n<p>Il prend la fuite quand les policiers arrivent\u00a0<\/p>\n<p class=\" wall-content\">\u00c0 leur arriv\u00e9e sur place, les policiers rep\u00e8rent un homme sur sa moto, <strong>sans casque<\/strong>, qui prend la fuite quand il les voit.\u00a0<\/p>\n<p class=\" wall-content\">Pour \u00e9chapper aux policiers, il prend tous les risques : il manque de renverser des pi\u00e9tons, grille des feux rouges, fait des roues arri\u00e8res\u2026 Un comportement dangereux qu\u2019il maintient, y compris quand il emprunte le <strong>p\u00e9riph\u00e9rique de Toulouse<\/strong>.<\/p>\n<p>    <a href=\"https:\/\/www.google.com\/maps\/embed?pb=!1m18!1m12!1m3!1d8294.724877569677!2d1.4293257424141474!3d43.57826203245573!2m3!1f0!2f0!3f0!3m2!1i1024!2i768!4f13.1!3m3!1m2!1s0x12aebb89b34da52d%3A0xe7e535486bc46793!2sEmpalot%2C%2031400%20Toulouse!5e1!3m2!1sfr!2sfr!4v1752334001302!5m2!1sfr!2sfr\" title=\"Ouvrie le lien\" target=\"_blank\" rel=\"noopener\">Cliquez ici pour visualiser le contenu<\/a><\/p>\n<p>La moto confisqu\u00e9e\u00a0<\/p>\n<p class=\" wall-content\">Mais les policiers ne l\u00e2chent pas l\u2019affaire. Bien leur en a pris : un ultime geste dangereux fait perdre le contr\u00f4le au jeune conducteur de 19 ans<strong> qui tombe de sa moto<\/strong>. Les policiers n\u2019ont plus qu\u2019\u00e0 l\u2019interpeller.<\/p>\n<p>Vid\u00e9os : en ce moment sur Actu<\/p>\n<p class=\" wall-content\">Le jeune homme a \u00e9t\u00e9 plac\u00e9 en garde \u00e0 vue. Il a reconnu les faits qui lui \u00e9taient reproch\u00e9s et sera convoqu\u00e9 devant la justice ult\u00e9rieurement. Sa moto a \u00e9t\u00e9 confisqu\u00e9e.<\/p>\n<p class=\" wall-content\">Suivez toute l\u2019actualit\u00e9 de vos villes et m\u00e9dias favoris en vous inscrivant \u00e0 <a href=\"https:\/\/moncompte.actu.fr\" title=\"D\u00e9couvez Mon Actu\" rel=\"nofollow noopener\" data-trk=\"{&quot;cta&quot;:{&quot;action&quot;:&quot;https:\\\/\\\/moncompte.actu.fr&quot;,&quot;category&quot;:&quot;mon compte&quot;,&quot;from&quot;:&quot;article footer&quot;,&quot;name&quot;:&quot;Mon actu&quot;,&quot;type&quot;:&quot;cta&quot;}}\" target=\"_blank\">Mon Actu<\/a>.<\/p>\n","protected":false},"excerpt":{"rendered":"Par Lucie Fraisse Publi\u00e9 le 12 juil. 2025 \u00e0 17h29 C\u2019est un appel au 17 qui a donn\u00e9&hellip;\n","protected":false},"author":2,"featured_media":245370,"comment_status":"","ping_status":"","sticky":false,"template":"","format":"standard","meta":{"footnotes":""},"categories":[2816],"tags":[1111,11,1777,674,118,1011,27,12,2680,25,5575,2312],"class_list":{"0":"post-245369","1":"post","2":"type-post","3":"status-publish","4":"format-standard","5":"has-post-thumbnail","7":"category-toulouse","8":"tag-actu","9":"tag-actualites","10":"tag-eu","11":"tag-europe","12":"tag-faits-divers","13":"tag-fr","14":"tag-france","15":"tag-news","16":"tag-occitanie","17":"tag-republique-francaise","18":"tag-rodeos-urbains","19":"tag-toulouse"},"share_on_mastodon":{"url":"https:\/\/pubeurope.com\/@fr\/114841387238454536","error":""},"_links":{"self":[{"href":"https:\/\/www.europesays.com\/fr\/wp-json\/wp\/v2\/posts\/245369","targetHints":{"allow":["GET"]}}],"collection":[{"href":"https:\/\/www.europesays.com\/fr\/wp-json\/wp\/v2\/posts"}],"about":[{"href":"https:\/\/www.europesays.com\/fr\/wp-json\/wp\/v2\/types\/post"}],"author":[{"embeddable":true,"href":"https:\/\/www.europesays.com\/fr\/wp-json\/wp\/v2\/users\/2"}],"replies":[{"embeddable":true,"href":"https:\/\/www.europesays.com\/fr\/wp-json\/wp\/v2\/comments?post=245369"}],"version-history":[{"count":0,"href":"https:\/\/www.europesays.com\/fr\/wp-json\/wp\/v2\/posts\/245369\/revisions"}],"wp:featuredmedia":[{"embeddable":true,"href":"https:\/\/www.europesays.com\/fr\/wp-json\/wp\/v2\/media\/245370"}],"wp:attachment":[{"href":"https:\/\/www.europesays.com\/fr\/wp-json\/wp\/v2\/media?parent=245369"}],"wp:term":[{"taxonomy":"category","embeddable":true,"href":"https:\/\/www.europesays.com\/fr\/wp-json\/wp\/v2\/categories?post=245369"},{"taxonomy":"post_tag","embeddable":true,"href":"https:\/\/www.europesays.com\/fr\/wp-json\/wp\/v2\/tags?post=245369"}],"curies":[{"name":"wp","href":"https:\/\/api.w.org\/{rel}","templated":true}]}}